{"id":29899,"date":"2012-09-27T13:23:19","date_gmt":"2012-09-27T11:23:19","guid":{"rendered":"http:\/\/www.ifun.de\/?p=29899"},"modified":"2012-09-27T13:30:00","modified_gmt":"2012-09-27T11:30:00","slug":"buchtipps-steve-jobs-biografie-ab-999-euro-zen-of-steve-jobs-comic-auf-deutsch-joachim-witt-bio-kostenlos","status":"publish","type":"post","link":"https:\/\/www.ifun.de\/buchtipps-steve-jobs-biografie-ab-999-euro-zen-of-steve-jobs-comic-auf-deutsch-joachim-witt-bio-kostenlos-29899\/","title":{"rendered":"Buchtipps: Steve-Jobs-Biografie ab 9,99 Euro, &#8222;Zen of Steve Jobs&#8220;-Comic auf Deutsch, Joachim-Witt-Bio kostenlos"},"content":{"rendered":"<ul>\n<li>Die <strong>offizielle Biografie<\/strong> des im letzten Jahr verstorbenen Apple-Chefs Steve Jobs ist nun bald ein Jahr auf dem Markt und inzwischen auch als Taschenbuch erh\u00e4ltlich. Wem also der Preis f\u00fcr die gebundene Ausgabe zu hoch war, der hat nun die Wahl zwischen der 704 Seiten starken, <a rel=\"noindex, nofollow\" href=\"http:\/\/www.amazon.de\/gp\/product\/3442744911\/ref=as_li_ss_tl?ie=UTF8&#038;camp=1638&#038;creative=19454&#038;creativeASIN=3442744911&#038;linkCode=as2&#038;tag=musicweb02\">f\u00fcr 12,99 Euro erh\u00e4ltlichen Taschenbuchausgabe<\/a> und der mit 9,99 Euro noch g\u00fcnstiger erh\u00e4ltlichen E-Book-Version <a href=\"http:\/\/itunes.apple.com\/de\/book\/steve-jobs\/id471324468?mt=11&#038;partnerId=2003\">f\u00fcr iBooks<\/a> oder <a rel=\"noindex, nofollow\" href=\"http:\/\/www.amazon.de\/gp\/product\/B005QSBWPI\/ref=as_li_ss_tl?ie=UTF8&#038;camp=1638&#038;creative=19454&#038;creativeASIN=B005QSBWPI&#038;linkCode=as2&#038;tag=musicweb02\">Amazon Kindle<\/a>.<\/li>\n<p><img loading=\"lazy\" decoding=\"async\" src=\"http:\/\/images.ifun.de\/wp-content\/uploads\/2012\/09\/buecher.jpg\" alt=\"\" title=\"buecher\" width=\"440\" height=\"148\" class=\"alignnone size-full wp-image-29900\" srcset=\"https:\/\/images.ifun.de\/wp-content\/uploads\/2012\/09\/buecher.jpg 440w, https:\/\/images.ifun.de\/wp-content\/uploads\/2012\/09\/buecher-300x100.jpg 300w\" sizes=\"auto, (max-width: 440px) 100vw, 440px\" \/><\/p>\n<li>Ebenfalls empfehlenswert: Die im Comic-Stil verfasste Geschichte <strong>\u201eSteves Welt: Der Weg zur iPhilosophie\u201c<\/strong>, eine \u00dcbersetzung des US-Titels \u201eThe Zen of Steve Jobs\u201c. Das Buch ist sehr ansprechend illustriert, umfasst allerdings nur 80 Seiten und ist dementsprechend schnell verschlungen. Die <a rel=\"noindex, nofollow\" href=\"http:\/\/www.amazon.de\/gp\/product\/345538126X\/ref=as_li_ss_tl?ie=UTF8&#038;camp=1638&#038;creative=19454&#038;creativeASIN=345538126X&#038;linkCode=as2&#038;tag=musicweb02\">gebundene Ausgabe<\/a> schl\u00e4gt hier mit 17,99 Euro zu Buche, f\u00fcr die <a rel=\"noindex, nofollow\" href=\"http:\/\/www.amazon.de\/gp\/product\/B008JK0KMQ\/ref=as_li_ss_tl?ie=UTF8&#038;camp=1638&#038;creative=19454&#038;creativeASIN=B008JK0KMQ&#038;linkCode=as2&#038;tag=musicweb02\">Kindle-Edition<\/a> fallen 13,99 Euro an.<\/li>\n<li>Zuletzt noch ein Gratis-Titel: Joachim Witt d\u00fcrfte der eine oder andere von euch noch vom &#8222;Goldenen Reiter&#8220; oder der &#8222;Flut&#8220; kennen. Amazon bietet aktuell eine Biografie des S\u00e4ngers als Kindle-E-Book kostenlos an. Das Buch mit dem Titel \u201e<a rel=\"noindex, nofollow\" href=\"http:\/\/www.amazon.de\/gp\/product\/B0094EUJDQ\/ref=as_li_ss_tl?ie=UTF8&#038;camp=1638&#038;creative=19454&#038;creativeASIN=B0094EUJDQ&#038;linkCode=as2&#038;tag=musicweb02\">DOM &#8211; Eine Biographie<\/a>\u201c ist mit 44 Seiten Umfang genau genommen zwar eher ein Heftchen, aber ihr kennt das mit dem geschenkten Gaul, einfach mal reinlesen\u2026<\/li>\n<\/ul>\n","protected":false},"excerpt":{"rendered":"<a href=\"https:\/\/www.ifun.de\/buchtipps-steve-jobs-biografie-ab-999-euro-zen-of-steve-jobs-comic-auf-deutsch-joachim-witt-bio-kostenlos-29899\/\"><img width=\"150\" height=\"50\" src=\"https:\/\/images.ifun.de\/wp-content\/uploads\/2012\/09\/buecher.jpg\" class=\"alignright tfe wp-post-image\" alt=\"\" decoding=\"async\" loading=\"lazy\" srcset=\"https:\/\/images.ifun.de\/wp-content\/uploads\/2012\/09\/buecher.jpg 440w, https:\/\/images.ifun.de\/wp-content\/uploads\/2012\/09\/buecher-300x100.jpg 300w\" sizes=\"auto, (max-width: 150px) 100vw, 150px\" \/><\/a><p>Die offizielle Biografie des im letzten Jahr verstorbenen Apple-Chefs Steve Jobs ist nun bald ein Jahr auf dem Markt und inzwischen auch als Taschenbuch erh\u00e4ltlich. Wem also der Preis f\u00fcr die gebundene Ausgabe zu hoch war, der hat nun die Wahl zwischen der 704 Seiten starken, f\u00fcr 12,99 Euro erh\u00e4ltlichen Taschenbuchausgabe und der mit 9,99 [&hellip;]<\/p>\n","protected":false},"author":2,"featured_media":29900,"comment_status":"open","ping_status":"closed","sticky":false,"template":"","format":"standard","meta":{"_acf_changed":false,"footnotes":""},"categories":[1],"tags":[53,297,298,523,154],"class_list":["post-29899","post","type-post","status-publish","format-standard","has-post-thumbnail","hentry","category-news","tag-amazon","tag-bucher","tag-e-books","tag-kindle","tag-lesen"],"acf":[],"aioseo_notices":[],"rest_api_enabler":[],"_links":{"self":[{"href":"https:\/\/www.ifun.de\/apiv2\/wp\/v2\/posts\/29899","targetHints":{"allow":["GET"]}}],"collection":[{"href":"https:\/\/www.ifun.de\/apiv2\/wp\/v2\/posts"}],"about":[{"href":"https:\/\/www.ifun.de\/apiv2\/wp\/v2\/types\/post"}],"author":[{"embeddable":true,"href":"https:\/\/www.ifun.de\/apiv2\/wp\/v2\/users\/2"}],"replies":[{"embeddable":true,"href":"https:\/\/www.ifun.de\/apiv2\/wp\/v2\/comments?post=29899"}],"version-history":[{"count":5,"href":"https:\/\/www.ifun.de\/apiv2\/wp\/v2\/posts\/29899\/revisions"}],"predecessor-version":[{"id":29905,"href":"https:\/\/www.ifun.de\/apiv2\/wp\/v2\/posts\/29899\/revisions\/29905"}],"wp:featuredmedia":[{"embeddable":true,"href":"https:\/\/www.ifun.de\/apiv2\/wp\/v2\/media\/29900"}],"wp:attachment":[{"href":"https:\/\/www.ifun.de\/apiv2\/wp\/v2\/media?parent=29899"}],"wp:term":[{"taxonomy":"category","embeddable":true,"href":"https:\/\/www.ifun.de\/apiv2\/wp\/v2\/categories?post=29899"},{"taxonomy":"post_tag","embeddable":true,"href":"https:\/\/www.ifun.de\/apiv2\/wp\/v2\/tags?post=29899"}],"curies":[{"name":"wp","href":"https:\/\/api.w.org\/{rel}","templated":true}]}}