{"id":29169,"date":"2012-09-04T23:42:01","date_gmt":"2012-09-04T21:42:01","guid":{"rendered":"http:\/\/www.ifun.de\/?p=29169"},"modified":"2012-09-05T07:24:58","modified_gmt":"2012-09-05T05:24:58","slug":"apple-iphone-event-mittwoch-ipod-imac","status":"publish","type":"post","link":"https:\/\/www.ifun.de\/apple-iphone-event-mittwoch-ipod-imac-29169\/","title":{"rendered":"Apple-Event n\u00e4chsten Mittwoch: Was d\u00fcrfen wir erwarten?"},"content":{"rendered":"<p><img loading=\"lazy\" decoding=\"async\" src=\"http:\/\/images.ifun.de\/wp-content\/uploads\/2012\/09\/iphone-5-einladung.jpg\" alt=\"\" title=\"iphone-5-einladung\" width=\"220\" height=\"219\" class=\"alignright size-full wp-image-29170\" srcset=\"https:\/\/images.ifun.de\/wp-content\/uploads\/2012\/09\/iphone-5-einladung.jpg 220w, https:\/\/images.ifun.de\/wp-content\/uploads\/2012\/09\/iphone-5-einladung-100x100.jpg 100w\" sizes=\"auto, (max-width: 220px) 100vw, 220px\" \/>Apple hat f\u00fcr n\u00e4chste Woche zum \u201eSpecial Event\u201c geladen (<a href=\"http:\/\/www.iphone-ticker.de\/die-einladungen-schlagen-auf-apple-event-am-12-september-bestatigt-37856\/\">wir berichteten<\/a>, rechts der Titel der Einladung) und damit die Spekulationen um die anstehende Vorstellung der n\u00e4chsten iPhone-Generation mehr oder weniger best\u00e4tigt.<\/p>\n<p>W\u00e4hrend sich die \u00dcberraschungen bez\u00fcglich Form und Funktion des neuen iPhone wohl in Grenzen halten, bleibt weiterhin spannend, was das Beiprogramm mit sich bringt.<\/p>\n<p>Grunds\u00e4tzlich scheint ja eine \u00dcberarbeitung aller iOS-Ger\u00e4te und iPods keinesfalls unwahrscheinlich. Der iPod touch d\u00fcrfte sich und Form und Funktion weiter am iPhone orientieren und auch bei den restlichen iPod-Modellen scheint eine \u00dcberarbeitung l\u00e4ngst an der Zeit. Neben der Anpassung an den neuen Dockanschluss erwarten wir hier neue Formen und Funktionen. Unsere Gedanken bez\u00fcglich einer durchaus wahrscheinlichen Aktualisierung des iPad haben wir <a href=\"http:\/\/www.ifun.de\/ipad-10-zoll-neuer-dockanschluss-24920\/\">im Fr\u00fchjahr<\/a> bereits dargelegt.<\/p>\n<p>Legen wir uns also auf ein neues iPhone und neue iPods fest, wom\u00f6glich kommt noch ein iPad mit neuem Dockanschluss und LTE als i-T\u00fcpfelchen.<\/p>\n<p><!--more-->Die Vorstellung neuer iMacs im Rahmen dieser Veranstaltung scheint dann fast ein wenig zuviel des Guten. Nichtsdestotrotz steht auch hier eine Aktualisierung an und wir schlie\u00dfen nicht aus, dass Apple dieses Update separat vielleicht schon morgen oder als stille Aktualisierung in einer der kommenden Wochen ebenfalls ver\u00f6ffentlicht.<\/p>\n<p>Eher wahrscheinlich scheint da wiederum ein Upgrade f\u00fcr Apples Set-Top-Box Apple TV. Hier k\u00f6nnen wir uns Funktionserweiterungen insbesondere bez\u00fcglich der AirPlay-Einbindung sowie zus\u00e4tzliche Content-Angebote vorstellen.<\/p>\n<p>Ein wenig schlauer sind wir auf alle F\u00e4lle n\u00e4chsten Mittwoch. Die Veranstaltung beginnt um 19 Uhr unserer Zeit und dauert voraussichtlich knapp 2 Stunden. Wir werden wieder live von der Pr\u00e4sentation berichten und freuen uns schon auf einen spannenden Abend.<\/p>\n","protected":false},"excerpt":{"rendered":"<a href=\"https:\/\/www.ifun.de\/apple-iphone-event-mittwoch-ipod-imac-29169\/\"><img width=\"150\" height=\"150\" src=\"https:\/\/images.ifun.de\/wp-content\/uploads\/2012\/09\/iphone-5-einladung.jpg\" class=\"alignright tfe wp-post-image\" alt=\"\" decoding=\"async\" loading=\"lazy\" srcset=\"https:\/\/images.ifun.de\/wp-content\/uploads\/2012\/09\/iphone-5-einladung.jpg 220w, https:\/\/images.ifun.de\/wp-content\/uploads\/2012\/09\/iphone-5-einladung-100x100.jpg 100w\" sizes=\"auto, (max-width: 150px) 100vw, 150px\" \/><\/a><p>Was d\u00fcrfen wir erwarten: iPhone, iPods, iPad und Macs?<\/p>\n","protected":false},"author":2,"featured_media":29170,"comment_status":"open","ping_status":"closed","sticky":false,"template":"","format":"standard","meta":{"_acf_changed":false,"footnotes":""},"categories":[3,7],"tags":[4736,288,4741,4742,69],"class_list":["post-29169","post","type-post","status-publish","format-standard","has-post-thumbnail","hentry","category-apple","category-featured","tag-apple","tag-event","tag-iphone","tag-ipod","tag-update"],"acf":[],"aioseo_notices":[],"featured_image":["http:\/\/images.ifun.de\/wp-content\/uploads\/2012\/09\/apple-event.png"],"rest_api_enabler":{"featured_image":"http:\/\/images.ifun.de\/wp-content\/uploads\/2012\/09\/apple-event.png"},"_links":{"self":[{"href":"https:\/\/www.ifun.de\/apiv2\/wp\/v2\/posts\/29169","targetHints":{"allow":["GET"]}}],"collection":[{"href":"https:\/\/www.ifun.de\/apiv2\/wp\/v2\/posts"}],"about":[{"href":"https:\/\/www.ifun.de\/apiv2\/wp\/v2\/types\/post"}],"author":[{"embeddable":true,"href":"https:\/\/www.ifun.de\/apiv2\/wp\/v2\/users\/2"}],"replies":[{"embeddable":true,"href":"https:\/\/www.ifun.de\/apiv2\/wp\/v2\/comments?post=29169"}],"version-history":[{"count":7,"href":"https:\/\/www.ifun.de\/apiv2\/wp\/v2\/posts\/29169\/revisions"}],"predecessor-version":[{"id":29186,"href":"https:\/\/www.ifun.de\/apiv2\/wp\/v2\/posts\/29169\/revisions\/29186"}],"wp:featuredmedia":[{"embeddable":true,"href":"https:\/\/www.ifun.de\/apiv2\/wp\/v2\/media\/29170"}],"wp:attachment":[{"href":"https:\/\/www.ifun.de\/apiv2\/wp\/v2\/media?parent=29169"}],"wp:term":[{"taxonomy":"category","embeddable":true,"href":"https:\/\/www.ifun.de\/apiv2\/wp\/v2\/categories?post=29169"},{"taxonomy":"post_tag","embeddable":true,"href":"https:\/\/www.ifun.de\/apiv2\/wp\/v2\/tags?post=29169"}],"curies":[{"name":"wp","href":"https:\/\/api.w.org\/{rel}","templated":true}]}}