{"id":29086,"date":"2012-09-01T15:23:18","date_gmt":"2012-09-01T13:23:18","guid":{"rendered":"http:\/\/www.ifun.de\/?p=29086"},"modified":"2012-09-01T15:24:20","modified_gmt":"2012-09-01T13:24:20","slug":"elgato-eyetv-mobile-2012-video","status":"publish","type":"post","link":"https:\/\/www.ifun.de\/elgato-eyetv-mobile-2012-video-29086\/","title":{"rendered":"IFA 2012 im Video: Elgato \u00fcberarbeitet EyeTV Mobile &#8211; Kleiner und ohne Akku"},"content":{"rendered":"<p>Im November 2011 haben wir den Elgatos DVB-T Empf\u00e4nger, den zur Markt-Einf\u00fchrung f\u00fcr 99\u20ac verkauften EyeTV Mobile, <a href=\"http:\/\/www.ifun.de\/eyetv-mobile-ipad-test-elgato-19385\/\">auf Herz und Nieren getestet<\/a> und damals nicht nur Lob sondern auch Kritik verteilt. Neben der Tatsache, dass der TV-Empf\u00e4nger vom iPad nur dann erkannt wurde, wenn der integrierte Akku geladen war &#8211; ist der Akku komplett leer ist, sieht die EyeTV-Software den Empf\u00e4nger nicht am Dockanschluss &#8211; haben wir uns vor allem an der nicht ganz optimalen Form des kleinen Empf\u00e4ngers gest\u00f6rt:<\/p>\n<blockquote><p>[&#8230;] hier w\u00fcrden man sich vielleicht w\u00fcnschen, dass sich das Ger\u00e4t ein wenig schlanker ausf\u00e4llt. Wie im Video zu sehen wird das iPad durch den etwas dickeren Stecker leicht angehoben.<\/p><\/blockquote>\n<p><img loading=\"lazy\" decoding=\"async\" src=\"http:\/\/images.ifun.de\/wp-content\/uploads\/2012\/09\/eyetv.jpg\" alt=\"\" title=\"eyetv\" width=\"464\" height=\"212\" class=\"aligncenter size-full wp-image-29087\" srcset=\"https:\/\/images.ifun.de\/wp-content\/uploads\/2012\/09\/eyetv.jpg 464w, https:\/\/images.ifun.de\/wp-content\/uploads\/2012\/09\/eyetv-300x137.jpg 300w\" sizes=\"auto, (max-width: 464px) 100vw, 464px\" \/><\/p>\n<p>Mit der IFA-Neuvorstellung, dem EyeTV Mobile 2012, besser Elgato jetzt nach und behebt beide Kritikpunkte. Zum einen kommt das neue Modul ohne integrierten Akku und l\u00e4sst sich zuk\u00fcnftig direkt vom iPad aus mit der n\u00f6tigen Start-Energie versorgen, zum anderen haben neue Interna eine wesentlich flachere Bauform erm\u00f6glicht. Das iPad liegt nun auch mit eingestecktem TV-Tuner Flach auf dem Tisch bzw. in seiner Wandhalterung.<\/p>\n<p><div class=\"responsive-video\"><iframe loading=\"lazy\" width=\"464\" height=\"261\" src=\"http:\/\/www.youtube-nocookie.com\/embed\/L_BF1nBFo3Q\" frameborder=\"0\" allowfullscreen><\/iframe><\/div><br \/>\n(<a href=\"http:\/\/www.youtube.com\/watch?v=L_BF1nBFo3Q\">Direkt-Link<\/a>)<\/p>\n<p>Der neue EyeTV Mobile wird die bislang vertriebene Version noch im laufenden Monat abl\u00f6sen und zum gleichen Preis wie sein Vorg\u00e4nger erh\u00e4ltlich sein. Letztgenannter wird derzeit <a rel=\"noindex, nofollow\" href=\"http:\/\/www.amazon.de\/gp\/product\/B005LXY9UI\/ref=as_li_ss_tl?ie=UTF8&#038;camp=1638&#038;creative=19454&#038;creativeASIN=B005LXY9UI&#038;linkCode=as2&#038;tag=musicweb02\">f\u00fcr 84\u20ac bei Amazon abverkauft<\/a>.<\/p>\n<p><!--more--><\/p>\n<p>An <a href=\"http:\/\/www.ifun.de\/elgato-eyetv-dvb-t-fernsehen-ipad-app-update-21708\/\">der EyeTV Mobile-Applikation<\/a> \u00e4ndert sich vorerst nicht, der integrierte Browser und die Videotext-Kapazit\u00e4ten verstehen sich auch auf das neue Modell.<\/p>\n<p><img loading=\"lazy\" decoding=\"async\" src=\"http:\/\/images.ifun.de\/wp-content\/uploads\/2012\/09\/eyetv-2012.jpg\" alt=\"\" title=\"eyetv-2012\" width=\"464\" height=\"272\" class=\"aligncenter size-full wp-image-29088\" srcset=\"https:\/\/images.ifun.de\/wp-content\/uploads\/2012\/09\/eyetv-2012.jpg 464w, https:\/\/images.ifun.de\/wp-content\/uploads\/2012\/09\/eyetv-2012-300x175.jpg 300w\" sizes=\"auto, (max-width: 464px) 100vw, 464px\" \/><\/p>\n","protected":false},"excerpt":{"rendered":"<a href=\"https:\/\/www.ifun.de\/elgato-eyetv-mobile-2012-video-29086\/\"><img width=\"150\" height=\"69\" src=\"https:\/\/images.ifun.de\/wp-content\/uploads\/2012\/09\/eyetv.jpg\" class=\"alignright tfe wp-post-image\" alt=\"\" decoding=\"async\" loading=\"lazy\" srcset=\"https:\/\/images.ifun.de\/wp-content\/uploads\/2012\/09\/eyetv.jpg 464w, https:\/\/images.ifun.de\/wp-content\/uploads\/2012\/09\/eyetv-300x137.jpg 300w\" sizes=\"auto, (max-width: 150px) 100vw, 150px\" \/><\/a><p>Im November 2011 haben wir den Elgatos DVB-T Empf\u00e4nger, den zur Markt-Einf\u00fchrung f\u00fcr 99\u20ac verkauften EyeTV Mobile, auf Herz und Nieren getestet und damals nicht nur Lob sondern auch Kritik verteilt. Neben der Tatsache, dass der TV-Empf\u00e4nger vom iPad nur dann erkannt wurde, wenn der integrierte Akku geladen war &#8211; ist der Akku komplett leer [&hellip;]<\/p>\n","protected":false},"author":1,"featured_media":29087,"comment_status":"open","ping_status":"closed","sticky":false,"template":"","format":"standard","meta":{"_acf_changed":false,"footnotes":""},"categories":[4],"tags":[382,61,58,630,59,31,6325],"class_list":["post-29086","post","type-post","status-publish","format-standard","has-post-thumbnail","hentry","category-appletv","tag-dvb-t","tag-elgato","tag-fernsehen","tag-ifa","tag-tv","tag-video","tag-zubehor"],"acf":[],"aioseo_notices":[],"rest_api_enabler":[],"_links":{"self":[{"href":"https:\/\/www.ifun.de\/apiv2\/wp\/v2\/posts\/29086","targetHints":{"allow":["GET"]}}],"collection":[{"href":"https:\/\/www.ifun.de\/apiv2\/wp\/v2\/posts"}],"about":[{"href":"https:\/\/www.ifun.de\/apiv2\/wp\/v2\/types\/post"}],"author":[{"embeddable":true,"href":"https:\/\/www.ifun.de\/apiv2\/wp\/v2\/users\/1"}],"replies":[{"embeddable":true,"href":"https:\/\/www.ifun.de\/apiv2\/wp\/v2\/comments?post=29086"}],"version-history":[{"count":2,"href":"https:\/\/www.ifun.de\/apiv2\/wp\/v2\/posts\/29086\/revisions"}],"predecessor-version":[{"id":29090,"href":"https:\/\/www.ifun.de\/apiv2\/wp\/v2\/posts\/29086\/revisions\/29090"}],"wp:featuredmedia":[{"embeddable":true,"href":"https:\/\/www.ifun.de\/apiv2\/wp\/v2\/media\/29087"}],"wp:attachment":[{"href":"https:\/\/www.ifun.de\/apiv2\/wp\/v2\/media?parent=29086"}],"wp:term":[{"taxonomy":"category","embeddable":true,"href":"https:\/\/www.ifun.de\/apiv2\/wp\/v2\/categories?post=29086"},{"taxonomy":"post_tag","embeddable":true,"href":"https:\/\/www.ifun.de\/apiv2\/wp\/v2\/tags?post=29086"}],"curies":[{"name":"wp","href":"https:\/\/api.w.org\/{rel}","templated":true}]}}