{"id":28897,"date":"2012-08-28T10:32:55","date_gmt":"2012-08-28T08:32:55","guid":{"rendered":"http:\/\/www.ifun.de\/?p=28897"},"modified":"2012-08-28T10:40:58","modified_gmt":"2012-08-28T08:40:58","slug":"apple-store-koeln-eroeffnung-rhein-center","status":"publish","type":"post","link":"https:\/\/www.ifun.de\/apple-store-koeln-eroeffnung-rhein-center-28897\/","title":{"rendered":"Apple Store K\u00f6ln \u00f6ffnet am 1. September"},"content":{"rendered":"<p><img loading=\"lazy\" decoding=\"async\" src=\"http:\/\/images.ifun.de\/wp-content\/uploads\/2012\/08\/rhein-center.gif\" alt=\"\" title=\"rhein-center\" width=\"200\" height=\"68\" class=\"alignright size-full wp-image-28898\" \/>Apple hat Deutschlands neunten Apple Store nun offiziell angek\u00fcndigt. Am Samstag, den 1. September um 10 Uhr \u00f6ffnet die neue Verkaufsstelle <a href=\"http:\/\/www.apple.com\/de\/retail\/rheincenter\/\">im K\u00f6lner Einkaufszentrum Rhein-Center<\/a> ihre Tore.<\/p>\n<p>Wie \u00fcblich d\u00fcrft ihr euch zur Er\u00f6ffnung auf eine lange Schlange gefasst machen, als Belohnung f\u00fcr die Wartenden wird es auch diesmal wieder eine limitierte Anzahl T-Shirts geben. Wir w\u00fcnschen unseren Lesern aus K\u00f6ln und Umgebung eine tolle Party.<\/p>\n<p><!--more--><img loading=\"lazy\" decoding=\"async\" src=\"http:\/\/images.ifun.de\/wp-content\/uploads\/2012\/08\/apple-store-koeln-weiden.jpg\" alt=\"\" title=\"apple-store-koeln-weiden\" width=\"464\" height=\"255\" class=\"alignnone size-full wp-image-28591\" srcset=\"https:\/\/images.ifun.de\/wp-content\/uploads\/2012\/08\/apple-store-koeln-weiden.jpg 464w, https:\/\/images.ifun.de\/wp-content\/uploads\/2012\/08\/apple-store-koeln-weiden-300x164.jpg 300w\" sizes=\"auto, (max-width: 464px) 100vw, 464px\" \/><\/p>\n","protected":false},"excerpt":{"rendered":"<a href=\"https:\/\/www.ifun.de\/apple-store-koeln-eroeffnung-rhein-center-28897\/\"><img width=\"150\" height=\"51\" src=\"https:\/\/images.ifun.de\/wp-content\/uploads\/2012\/08\/rhein-center.gif\" class=\"alignright tfe wp-post-image\" alt=\"\" decoding=\"async\" loading=\"lazy\" \/><\/a><p>Apple hat Deutschlands neunten Apple Store nun offiziell angek\u00fcndigt. Am Samstag, den 1. September um 10 Uhr \u00f6ffnet die neue Verkaufsstelle im K\u00f6lner Einkaufszentrum Rhein-Center ihre Tore. Wie \u00fcblich d\u00fcrft ihr euch zur Er\u00f6ffnung auf eine lange Schlange gefasst machen, als Belohnung f\u00fcr die Wartenden wird es auch diesmal wieder eine limitierte Anzahl T-Shirts geben. [&hellip;]<\/p>\n","protected":false},"author":2,"featured_media":28898,"comment_status":"open","ping_status":"closed","sticky":false,"template":"","format":"standard","meta":{"_acf_changed":false,"footnotes":""},"categories":[3],"tags":[49,1396,350],"class_list":["post-28897","post","type-post","status-publish","format-standard","has-post-thumbnail","hentry","category-apple","tag-apple-store","tag-eroffnung","tag-koln"],"acf":[],"aioseo_notices":[],"rest_api_enabler":[],"_links":{"self":[{"href":"https:\/\/www.ifun.de\/apiv2\/wp\/v2\/posts\/28897","targetHints":{"allow":["GET"]}}],"collection":[{"href":"https:\/\/www.ifun.de\/apiv2\/wp\/v2\/posts"}],"about":[{"href":"https:\/\/www.ifun.de\/apiv2\/wp\/v2\/types\/post"}],"author":[{"embeddable":true,"href":"https:\/\/www.ifun.de\/apiv2\/wp\/v2\/users\/2"}],"replies":[{"embeddable":true,"href":"https:\/\/www.ifun.de\/apiv2\/wp\/v2\/comments?post=28897"}],"version-history":[{"count":6,"href":"https:\/\/www.ifun.de\/apiv2\/wp\/v2\/posts\/28897\/revisions"}],"predecessor-version":[{"id":28904,"href":"https:\/\/www.ifun.de\/apiv2\/wp\/v2\/posts\/28897\/revisions\/28904"}],"wp:featuredmedia":[{"embeddable":true,"href":"https:\/\/www.ifun.de\/apiv2\/wp\/v2\/media\/28898"}],"wp:attachment":[{"href":"https:\/\/www.ifun.de\/apiv2\/wp\/v2\/media?parent=28897"}],"wp:term":[{"taxonomy":"category","embeddable":true,"href":"https:\/\/www.ifun.de\/apiv2\/wp\/v2\/categories?post=28897"},{"taxonomy":"post_tag","embeddable":true,"href":"https:\/\/www.ifun.de\/apiv2\/wp\/v2\/tags?post=28897"}],"curies":[{"name":"wp","href":"https:\/\/api.w.org\/{rel}","templated":true}]}}