{"id":288138,"date":"2026-09-04T10:33:37","date_gmt":"2026-09-04T08:33:37","guid":{"rendered":"https:\/\/www.ifun.de\/?p=288138"},"modified":"2026-09-04T11:12:05","modified_gmt":"2026-09-04T09:12:05","slug":"faltbares-macbook-offenbar-nicht-mehr-geplant","status":"publish","type":"post","link":"https:\/\/www.ifun.de\/faltbares-macbook-offenbar-nicht-mehr-geplant-288138\/","title":{"rendered":"MacBook mit gro\u00dfem Bildschirm offenbar nicht mehr geplant"},"content":{"rendered":"<p>Apple soll seine Pl\u00e4ne f\u00fcr den Umstieg von iPads und MacBooks auf OLED-Bildschirme \u00fcberarbeitet haben. Dabei wurden offenbar Modelle mit gr\u00f6\u00dferen Bildschirmen aus der Planung gestrichen. Die grunds\u00e4tzliche Absicht, die Displaytechnik auf weitere Produktreihen auszuweiten, bleibe jedoch bestehen.<\/p>\n<p>Die Angaben stammen aus einer <a href=\"https:\/\/omdiaevents.com\/china-display-conference\/comparison-and-analysis-of-oled-processes\/\">Prognose<\/a> des Marktforschungsunternehmens <a href=\"https:\/\/omdia.tech.informa.com\/\">Omdia<\/a> und st\u00fctzen sich auf Erkenntnisse aus der Displaybranche. Demnach sollen noch in diesem Jahr neue MacBook-Pro-Modelle mit 14,3 und 16,3 Zoll gro\u00dfen OLED-Bildschirmen erscheinen.<\/p>\n<h2>LCD und OLED zun\u00e4chst parallel<\/h2>\n<p>Anders als von vielen Beobachtern erwartet, sollen die aktuellen MacBook-Pro-Varianten mit LCD und Mini-LED-Hintergrundbeleuchtung jedoch nicht unmittelbar verschwinden. Omdia geht davon aus, dass Apple die unterschiedlichen Ausf\u00fchrungen \u00fcber l\u00e4ngere Zeit hinweg parallel anbieten wird. Die LCD-Modelle k\u00f6nnten mindestens bis 2028 im Programm bleiben. Als m\u00f6glicher Grund werden h\u00f6here Kosten der OLED-Technik genannt.<\/p>\n<p><a href=\"https:\/\/images.ifun.de\/wp-content\/uploads\/2026\/09\/ipad-pro-m5.jpg\"><img loading=\"lazy\" decoding=\"async\" src=\"https:\/\/images.ifun.de\/wp-content\/uploads\/2026\/09\/ipad-pro-m5-700x482.jpg\" alt=\"Ipad Pro M5\" width=\"700\" height=\"482\" class=\"alignnone size-large wp-image-288142\" srcset=\"https:\/\/images.ifun.de\/wp-content\/uploads\/2026\/09\/ipad-pro-m5-700x482.jpg 700w, https:\/\/images.ifun.de\/wp-content\/uploads\/2026\/09\/ipad-pro-m5-500x344.jpg 500w, https:\/\/images.ifun.de\/wp-content\/uploads\/2026\/09\/ipad-pro-m5-768x528.jpg 768w, https:\/\/images.ifun.de\/wp-content\/uploads\/2026\/09\/ipad-pro-m5.jpg 1400w\" sizes=\"auto, (max-width: 700px) 100vw, 700px\" \/><\/a><\/p>\n<h6>Das iPad Pro ist bislang das einzige iPad-Modell mit OLED-Display<\/h6>\n<p>Beim iPad soll OLED ebenfalls auf weitere Modellreihen ausgeweitet werden. Omdia erwartet zun\u00e4chst ein iPad mini mit einem 8,4 Zoll gro\u00dfen OLED-Bildschirm. Ein weiterer Schritt soll 2027 folgen. Dann k\u00f6nnte auch das iPad Air mit OLED-Bildschirmen in Gr\u00f6\u00dfen von 11 und 13 Zoll angeboten werden.<\/p>\n<h2>Gro\u00dfes MacBook offenbar gestrichen<\/h2>\n<p>Zugleich habe Apple ein \u00fcbergro\u00dfes MacBook mit einer Bildschirmgr\u00f6\u00dfe zwischen 16,1 und 18 Zoll aus der Planung gestrichen. \u00dcber ein solches Ger\u00e4t wurde in den vergangenen Monaten wiederholt spekuliert. Auch zus\u00e4tzliche MacBook-Modelle mit 14,4 und 16,1 Zoll gro\u00dfen Bildschirmen seien nicht mehr vorgesehen. Diese Gr\u00f6\u00dfenklassen blieben dem MacBook Pro vorbehalten.<\/p>\n<p><a href=\"https:\/\/images.ifun.de\/wp-content\/uploads\/2026\/09\/macbook-lineup-2026.jpg\"><img loading=\"lazy\" decoding=\"async\" src=\"https:\/\/images.ifun.de\/wp-content\/uploads\/2026\/09\/macbook-lineup-2026-700x384.jpg\" alt=\"Macbook Lineup 2026\" width=\"700\" height=\"384\" class=\"alignnone size-large wp-image-288145\" srcset=\"https:\/\/images.ifun.de\/wp-content\/uploads\/2026\/09\/macbook-lineup-2026-700x384.jpg 700w, https:\/\/images.ifun.de\/wp-content\/uploads\/2026\/09\/macbook-lineup-2026-500x274.jpg 500w, https:\/\/images.ifun.de\/wp-content\/uploads\/2026\/09\/macbook-lineup-2026-768x421.jpg 768w, https:\/\/images.ifun.de\/wp-content\/uploads\/2026\/09\/macbook-lineup-2026.jpg 1235w\" sizes=\"auto, (max-width: 700px) 100vw, 700px\" \/><\/a><\/p>\n<h6>Die aktuell erh\u00e4ltlichen MacBook-Modelle<\/h6>\n<p>Stattdessen soll Apple f\u00fcr 2029 ein neues MacBook mit einem 13,8 Zoll gro\u00dfen OLED-Bildschirm planen. Das Ger\u00e4t w\u00fcrde sich innerhalb der Produktpalette zwischen dem weiterhin mit LCD ausgestatteten MacBook Air und dem MacBook Pro mit OLED-Bildschirm einreihen.<\/p>\n<p>Die Angaben beruhen laut Omdia auf Prognosen zur langfristigen Produkt- und Lieferkettenplanung. Die Marktforscher weisen darauf hin, dass sich die Planungen weiterhin \u00e4ndern k\u00f6nnten. Einfluss darauf h\u00e4tten neben den Kosten und Produktionskapazit\u00e4ten der Displayhersteller auch die generelle Entwicklung des PC-Marktes.<img decoding=\"async\" src=\"https:\/\/vg09.met.vgwort.de\/na\/a0f3e9aad07b4b4ca7b7e6548c341e19\" width=\"1\" height=\"1\" no-lazy class=\"tracking\" loading=\"eager\"><\/p>\n","protected":false},"excerpt":{"rendered":"<a href=\"https:\/\/www.ifun.de\/faltbares-macbook-offenbar-nicht-mehr-geplant-288138\/\"><img width=\"150\" height=\"150\" src=\"https:\/\/images.ifun.de\/wp-content\/uploads\/2025\/10\/macbook-pro-joswiak-x-feature-150x150.jpg\" class=\"alignright tfe wp-post-image\" alt=\"Macbook Pro Joswiak X Feature\" decoding=\"async\" loading=\"lazy\" \/><\/a><p>Apple soll seine Pl\u00e4ne f\u00fcr den Umstieg von iPads und MacBooks auf OLED-Bildschirme \u00fcberarbeitet haben. Dabei wurden offenbar Modelle mit gr\u00f6\u00dferen Bildschirmen aus der Planung gestrichen. Die grunds\u00e4tzliche Absicht, die Displaytechnik auf weitere Produktreihen auszuweiten, bleibe jedoch bestehen. Die Angaben stammen aus einer Prognose des Marktforschungsunternehmens Omdia und st\u00fctzen sich auf Erkenntnisse aus der Displaybranche. [&hellip;]<\/p>\n","protected":false},"author":2,"featured_media":267050,"comment_status":"open","ping_status":"closed","sticky":false,"template":"","format":"standard","meta":{"footnotes":""},"categories":[16],"tags":[4736,241,4740,6321,144,925],"class_list":["post-288138","post","type-post","status-publish","format-standard","has-post-thumbnail","hentry","category-mac","tag-apple","tag-bildschirm","tag-ipad","tag-mac","tag-macbook","tag-oled"],"aioseo_notices":[],"aioseo_head":"\n\t\t<!-- All in One SEO Pro 5.0.1.1 - aioseo.com -->\n\t<meta name=\"description\" content=\"Apple soll seine OLED-Pl\u00e4ne f\u00fcr iPad und MacBook ge\u00e4ndert haben. Einige Modelle entfallen, w\u00e4hrend f\u00fcr 2029 ein neues 13,8-Zoll-MacBook geplant sei.\" \/>\n\t<meta name=\"robots\" content=\"max-image-preview:large\" \/>\n\t<meta name=\"author\" content=\"Chris\"\/>\n\t<meta name=\"google-site-verification\" content=\"uH_IhWlZO-QDb51DGwVoGT_GCZmfJp98klL3XmbE3ow\" \/>\n\t<link rel=\"canonical\" href=\"https:\/\/www.ifun.de\/faltbares-macbook-offenbar-nicht-mehr-geplant-288138\/\" \/>\n\t<meta name=\"generator\" content=\"All in One SEO Pro (AIOSEO) 5.0.1.1\" \/>\n\t\t<meta property=\"og:locale\" content=\"de_DE\" \/>\n\t\t<meta property=\"og:site_name\" content=\"ifun.de | Apple-News seit 2001\" \/>\n\t\t<meta property=\"og:type\" content=\"article\" \/>\n\t\t<meta property=\"og:title\" content=\"MacBook mit gro\u00dfem Bildschirm offenbar nicht mehr geplant | ifun.de\" \/>\n\t\t<meta property=\"og:description\" content=\"Apple soll seine OLED-Pl\u00e4ne f\u00fcr iPad und MacBook ge\u00e4ndert haben. Einige Modelle entfallen, w\u00e4hrend f\u00fcr 2029 ein neues 13,8-Zoll-MacBook geplant sei.\" \/>\n\t\t<meta property=\"og:url\" content=\"https:\/\/www.ifun.de\/faltbares-macbook-offenbar-nicht-mehr-geplant-288138\/\" \/>\n\t\t<meta property=\"og:image\" content=\"https:\/\/images.ifun.de\/wp-content\/uploads\/2025\/10\/macbook-pro-joswiak-x-feature.jpg\" \/>\n\t\t<meta property=\"og:image:secure_url\" content=\"https:\/\/images.ifun.de\/wp-content\/uploads\/2025\/10\/macbook-pro-joswiak-x-feature.jpg\" \/>\n\t\t<meta property=\"article:published_time\" content=\"2026-09-04T08:33:37+00:00\" \/>\n\t\t<meta property=\"article:modified_time\" content=\"2026-09-04T09:12:05+00:00\" \/>\n\t\t<meta property=\"article:publisher\" content=\"https:\/\/facebook.com\/ifun.de\" \/>\n\t\t<meta name=\"twitter:card\" content=\"summary_large_image\" \/>\n\t\t<meta name=\"twitter:site\" content=\"@ifun_news\" \/>\n\t\t<meta name=\"twitter:title\" content=\"MacBook mit gro\u00dfem Bildschirm offenbar nicht mehr geplant | ifun.de\" \/>\n\t\t<meta name=\"twitter:description\" content=\"Apple soll seine OLED-Pl\u00e4ne f\u00fcr iPad und MacBook ge\u00e4ndert haben. Einige Modelle entfallen, w\u00e4hrend f\u00fcr 2029 ein neues 13,8-Zoll-MacBook geplant sei.\" \/>\n\t\t<meta name=\"twitter:creator\" content=\"@ifun_news\" \/>\n\t\t<meta name=\"twitter:image\" content=\"https:\/\/images.ifun.de\/wp-content\/uploads\/2025\/10\/macbook-pro-joswiak-x-feature.jpg\" \/>\n\t\t<script type=\"application\/ld+json\" class=\"aioseo-schema\">\n\t\t\t{\"@context\":\"https:\\\/\\\/schema.org\",\"@graph\":[{\"@type\":\"Article\",\"@id\":\"https:\\\/\\\/www.ifun.de\\\/faltbares-macbook-offenbar-nicht-mehr-geplant-288138\\\/#article\",\"name\":\"MacBook mit gro\\u00dfem Bildschirm offenbar nicht mehr geplant | ifun.de\",\"headline\":\"MacBook mit gro\\u00dfem Bildschirm offenbar nicht mehr geplant\",\"author\":{\"@id\":\"https:\\\/\\\/www.ifun.de\\\/author\\\/chris\\\/#author\"},\"publisher\":{\"@id\":\"https:\\\/\\\/www.ifun.de\\\/#organization\"},\"image\":{\"@type\":\"ImageObject\",\"url\":\"https:\\\/\\\/images.ifun.de\\\/wp-content\\\/uploads\\\/2025\\\/10\\\/macbook-pro-joswiak-x-feature.jpg\",\"width\":960,\"height\":378,\"caption\":\"Macbook Pro Joswiak X Feature\"},\"datePublished\":\"2026-09-04T10:33:37+02:00\",\"dateModified\":\"2026-09-04T11:12:05+02:00\",\"inLanguage\":\"de-DE\",\"commentCount\":3,\"mainEntityOfPage\":{\"@id\":\"https:\\\/\\\/www.ifun.de\\\/faltbares-macbook-offenbar-nicht-mehr-geplant-288138\\\/#webpage\"},\"isPartOf\":{\"@id\":\"https:\\\/\\\/www.ifun.de\\\/faltbares-macbook-offenbar-nicht-mehr-geplant-288138\\\/#webpage\"},\"articleSection\":\"Mac, Apple, Bildschirm, iPad, Mac, MacBook, OLED\"},{\"@type\":\"BreadcrumbList\",\"@id\":\"https:\\\/\\\/www.ifun.de\\\/faltbares-macbook-offenbar-nicht-mehr-geplant-288138\\\/#breadcrumblist\",\"itemListElement\":[{\"@type\":\"ListItem\",\"@id\":\"https:\\\/\\\/www.ifun.de#listItem\",\"position\":1,\"name\":\"Home\",\"item\":\"https:\\\/\\\/www.ifun.de\",\"nextItem\":{\"@type\":\"ListItem\",\"@id\":\"https:\\\/\\\/www.ifun.de\\\/category\\\/mac\\\/#listItem\",\"name\":\"Mac\"}},{\"@type\":\"ListItem\",\"@id\":\"https:\\\/\\\/www.ifun.de\\\/category\\\/mac\\\/#listItem\",\"position\":2,\"name\":\"Mac\",\"item\":\"https:\\\/\\\/www.ifun.de\\\/category\\\/mac\\\/\",\"nextItem\":{\"@type\":\"ListItem\",\"@id\":\"https:\\\/\\\/www.ifun.de\\\/faltbares-macbook-offenbar-nicht-mehr-geplant-288138\\\/#listItem\",\"name\":\"MacBook mit gro\\u00dfem Bildschirm offenbar nicht mehr geplant\"},\"previousItem\":{\"@type\":\"ListItem\",\"@id\":\"https:\\\/\\\/www.ifun.de#listItem\",\"name\":\"Home\"}},{\"@type\":\"ListItem\",\"@id\":\"https:\\\/\\\/www.ifun.de\\\/faltbares-macbook-offenbar-nicht-mehr-geplant-288138\\\/#listItem\",\"position\":3,\"name\":\"MacBook mit gro\\u00dfem Bildschirm offenbar nicht mehr geplant\",\"previousItem\":{\"@type\":\"ListItem\",\"@id\":\"https:\\\/\\\/www.ifun.de\\\/category\\\/mac\\\/#listItem\",\"name\":\"Mac\"}}]},{\"@type\":\"Organization\",\"@id\":\"https:\\\/\\\/www.ifun.de\\\/#organization\",\"name\":\"ifun.de\",\"description\":\"Apple-News seit 2001\",\"url\":\"https:\\\/\\\/www.ifun.de\\\/\",\"telephone\":\"+493057707123\",\"logo\":{\"@type\":\"ImageObject\",\"url\":\"https:\\\/\\\/images.ifun.de\\\/wp-content\\\/uploads\\\/2026\\\/02\\\/apple-touch-icon.png\",\"@id\":\"https:\\\/\\\/www.ifun.de\\\/faltbares-macbook-offenbar-nicht-mehr-geplant-288138\\\/#organizationLogo\",\"width\":512,\"height\":512,\"caption\":\"Apple Touch Icon\"},\"image\":{\"@id\":\"https:\\\/\\\/www.ifun.de\\\/faltbares-macbook-offenbar-nicht-mehr-geplant-288138\\\/#organizationLogo\"},\"sameAs\":[\"https:\\\/\\\/facebook.com\\\/ifun.de\",\"https:\\\/\\\/x.com\\\/ifun_news\"]},{\"@type\":\"Person\",\"@id\":\"https:\\\/\\\/www.ifun.de\\\/author\\\/chris\\\/#author\",\"url\":\"https:\\\/\\\/www.ifun.de\\\/author\\\/chris\\\/\",\"name\":\"Chris\"},{\"@type\":\"WebPage\",\"@id\":\"https:\\\/\\\/www.ifun.de\\\/faltbares-macbook-offenbar-nicht-mehr-geplant-288138\\\/#webpage\",\"url\":\"https:\\\/\\\/www.ifun.de\\\/faltbares-macbook-offenbar-nicht-mehr-geplant-288138\\\/\",\"name\":\"MacBook mit gro\\u00dfem Bildschirm offenbar nicht mehr geplant | ifun.de\",\"description\":\"Apple soll seine OLED-Pl\\u00e4ne f\\u00fcr iPad und MacBook ge\\u00e4ndert haben. Einige Modelle entfallen, w\\u00e4hrend f\\u00fcr 2029 ein neues 13,8-Zoll-MacBook geplant sei.\",\"inLanguage\":\"de-DE\",\"isPartOf\":{\"@id\":\"https:\\\/\\\/www.ifun.de\\\/#website\"},\"breadcrumb\":{\"@id\":\"https:\\\/\\\/www.ifun.de\\\/faltbares-macbook-offenbar-nicht-mehr-geplant-288138\\\/#breadcrumblist\"},\"author\":{\"@id\":\"https:\\\/\\\/www.ifun.de\\\/author\\\/chris\\\/#author\"},\"creator\":{\"@id\":\"https:\\\/\\\/www.ifun.de\\\/author\\\/chris\\\/#author\"},\"image\":{\"@type\":\"ImageObject\",\"url\":\"https:\\\/\\\/images.ifun.de\\\/wp-content\\\/uploads\\\/2025\\\/10\\\/macbook-pro-joswiak-x-feature.jpg\",\"@id\":\"https:\\\/\\\/www.ifun.de\\\/faltbares-macbook-offenbar-nicht-mehr-geplant-288138\\\/#mainImage\",\"width\":960,\"height\":378,\"caption\":\"Macbook Pro Joswiak X Feature\"},\"primaryImageOfPage\":{\"@id\":\"https:\\\/\\\/www.ifun.de\\\/faltbares-macbook-offenbar-nicht-mehr-geplant-288138\\\/#mainImage\"},\"datePublished\":\"2026-09-04T10:33:37+02:00\",\"dateModified\":\"2026-09-04T11:12:05+02:00\"},{\"@type\":\"WebSite\",\"@id\":\"https:\\\/\\\/www.ifun.de\\\/#website\",\"url\":\"https:\\\/\\\/www.ifun.de\\\/\",\"name\":\"ifun.de\",\"description\":\"Apple-News seit 2001\",\"inLanguage\":\"de-DE\",\"publisher\":{\"@id\":\"https:\\\/\\\/www.ifun.de\\\/#organization\"}}]}\n\t\t<\/script>\n\t\t<!-- All in One SEO Pro -->\r\n\t\t<title>MacBook mit gro\u00dfem Bildschirm offenbar nicht mehr geplant | ifun.de<\/title>\n\n","aioseo_head_json":{"title":"MacBook mit gro\u00dfem Bildschirm offenbar nicht mehr geplant | ifun.de","description":"Apple soll seine OLED-Pl\u00e4ne f\u00fcr iPad und MacBook ge\u00e4ndert haben. Einige Modelle entfallen, w\u00e4hrend f\u00fcr 2029 ein neues 13,8-Zoll-MacBook geplant sei.","canonical_url":"https:\/\/www.ifun.de\/faltbares-macbook-offenbar-nicht-mehr-geplant-288138\/","robots":"max-image-preview:large","keywords":"","webmasterTools":{"google-site-verification":"uH_IhWlZO-QDb51DGwVoGT_GCZmfJp98klL3XmbE3ow","miscellaneous":""},"schema":{"@context":"https:\/\/schema.org","@graph":[{"@type":"Article","@id":"https:\/\/www.ifun.de\/faltbares-macbook-offenbar-nicht-mehr-geplant-288138\/#article","name":"MacBook mit gro\u00dfem Bildschirm offenbar nicht mehr geplant | ifun.de","headline":"MacBook mit gro\u00dfem Bildschirm offenbar nicht mehr geplant","author":{"@id":"https:\/\/www.ifun.de\/author\/chris\/#author"},"publisher":{"@id":"https:\/\/www.ifun.de\/#organization"},"image":{"@type":"ImageObject","url":"https:\/\/images.ifun.de\/wp-content\/uploads\/2025\/10\/macbook-pro-joswiak-x-feature.jpg","width":960,"height":378,"caption":"Macbook Pro Joswiak X Feature"},"datePublished":"2026-09-04T10:33:37+02:00","dateModified":"2026-09-04T11:12:05+02:00","inLanguage":"de-DE","commentCount":3,"mainEntityOfPage":{"@id":"https:\/\/www.ifun.de\/faltbares-macbook-offenbar-nicht-mehr-geplant-288138\/#webpage"},"isPartOf":{"@id":"https:\/\/www.ifun.de\/faltbares-macbook-offenbar-nicht-mehr-geplant-288138\/#webpage"},"articleSection":"Mac, Apple, Bildschirm, iPad, Mac, MacBook, OLED"},{"@type":"BreadcrumbList","@id":"https:\/\/www.ifun.de\/faltbares-macbook-offenbar-nicht-mehr-geplant-288138\/#breadcrumblist","itemListElement":[{"@type":"ListItem","@id":"https:\/\/www.ifun.de#listItem","position":1,"name":"Home","item":"https:\/\/www.ifun.de","nextItem":{"@type":"ListItem","@id":"https:\/\/www.ifun.de\/category\/mac\/#listItem","name":"Mac"}},{"@type":"ListItem","@id":"https:\/\/www.ifun.de\/category\/mac\/#listItem","position":2,"name":"Mac","item":"https:\/\/www.ifun.de\/category\/mac\/","nextItem":{"@type":"ListItem","@id":"https:\/\/www.ifun.de\/faltbares-macbook-offenbar-nicht-mehr-geplant-288138\/#listItem","name":"MacBook mit gro\u00dfem Bildschirm offenbar nicht mehr geplant"},"previousItem":{"@type":"ListItem","@id":"https:\/\/www.ifun.de#listItem","name":"Home"}},{"@type":"ListItem","@id":"https:\/\/www.ifun.de\/faltbares-macbook-offenbar-nicht-mehr-geplant-288138\/#listItem","position":3,"name":"MacBook mit gro\u00dfem Bildschirm offenbar nicht mehr geplant","previousItem":{"@type":"ListItem","@id":"https:\/\/www.ifun.de\/category\/mac\/#listItem","name":"Mac"}}]},{"@type":"Organization","@id":"https:\/\/www.ifun.de\/#organization","name":"ifun.de","description":"Apple-News seit 2001","url":"https:\/\/www.ifun.de\/","telephone":"+493057707123","logo":{"@type":"ImageObject","url":"https:\/\/images.ifun.de\/wp-content\/uploads\/2026\/02\/apple-touch-icon.png","@id":"https:\/\/www.ifun.de\/faltbares-macbook-offenbar-nicht-mehr-geplant-288138\/#organizationLogo","width":512,"height":512,"caption":"Apple Touch Icon"},"image":{"@id":"https:\/\/www.ifun.de\/faltbares-macbook-offenbar-nicht-mehr-geplant-288138\/#organizationLogo"},"sameAs":["https:\/\/facebook.com\/ifun.de","https:\/\/x.com\/ifun_news"]},{"@type":"Person","@id":"https:\/\/www.ifun.de\/author\/chris\/#author","url":"https:\/\/www.ifun.de\/author\/chris\/","name":"Chris"},{"@type":"WebPage","@id":"https:\/\/www.ifun.de\/faltbares-macbook-offenbar-nicht-mehr-geplant-288138\/#webpage","url":"https:\/\/www.ifun.de\/faltbares-macbook-offenbar-nicht-mehr-geplant-288138\/","name":"MacBook mit gro\u00dfem Bildschirm offenbar nicht mehr geplant | ifun.de","description":"Apple soll seine OLED-Pl\u00e4ne f\u00fcr iPad und MacBook ge\u00e4ndert haben. Einige Modelle entfallen, w\u00e4hrend f\u00fcr 2029 ein neues 13,8-Zoll-MacBook geplant sei.","inLanguage":"de-DE","isPartOf":{"@id":"https:\/\/www.ifun.de\/#website"},"breadcrumb":{"@id":"https:\/\/www.ifun.de\/faltbares-macbook-offenbar-nicht-mehr-geplant-288138\/#breadcrumblist"},"author":{"@id":"https:\/\/www.ifun.de\/author\/chris\/#author"},"creator":{"@id":"https:\/\/www.ifun.de\/author\/chris\/#author"},"image":{"@type":"ImageObject","url":"https:\/\/images.ifun.de\/wp-content\/uploads\/2025\/10\/macbook-pro-joswiak-x-feature.jpg","@id":"https:\/\/www.ifun.de\/faltbares-macbook-offenbar-nicht-mehr-geplant-288138\/#mainImage","width":960,"height":378,"caption":"Macbook Pro Joswiak X Feature"},"primaryImageOfPage":{"@id":"https:\/\/www.ifun.de\/faltbares-macbook-offenbar-nicht-mehr-geplant-288138\/#mainImage"},"datePublished":"2026-09-04T10:33:37+02:00","dateModified":"2026-09-04T11:12:05+02:00"},{"@type":"WebSite","@id":"https:\/\/www.ifun.de\/#website","url":"https:\/\/www.ifun.de\/","name":"ifun.de","description":"Apple-News seit 2001","inLanguage":"de-DE","publisher":{"@id":"https:\/\/www.ifun.de\/#organization"}}]},"og:locale":"de_DE","og:site_name":"ifun.de | Apple-News seit 2001","og:type":"article","og:title":"MacBook mit gro\u00dfem Bildschirm offenbar nicht mehr geplant | ifun.de","og:description":"Apple soll seine OLED-Pl\u00e4ne f\u00fcr iPad und MacBook ge\u00e4ndert haben. Einige Modelle entfallen, w\u00e4hrend f\u00fcr 2029 ein neues 13,8-Zoll-MacBook geplant sei.","og:url":"https:\/\/www.ifun.de\/faltbares-macbook-offenbar-nicht-mehr-geplant-288138\/","og:image":"https:\/\/images.ifun.de\/wp-content\/uploads\/2025\/10\/macbook-pro-joswiak-x-feature.jpg","og:image:secure_url":"https:\/\/images.ifun.de\/wp-content\/uploads\/2025\/10\/macbook-pro-joswiak-x-feature.jpg","article:published_time":"2026-09-04T08:33:37+00:00","article:modified_time":"2026-09-04T09:12:05+00:00","article:publisher":"https:\/\/facebook.com\/ifun.de","twitter:card":"summary_large_image","twitter:site":"@ifun_news","twitter:title":"MacBook mit gro\u00dfem Bildschirm offenbar nicht mehr geplant | ifun.de","twitter:description":"Apple soll seine OLED-Pl\u00e4ne f\u00fcr iPad und MacBook ge\u00e4ndert haben. Einige Modelle entfallen, w\u00e4hrend f\u00fcr 2029 ein neues 13,8-Zoll-MacBook geplant sei.","twitter:creator":"@ifun_news","twitter:image":"https:\/\/images.ifun.de\/wp-content\/uploads\/2025\/10\/macbook-pro-joswiak-x-feature.jpg"},"aioseo_meta_data":{"post_id":"288138","title":null,"description":"Apple soll seine OLED-Pl\u00e4ne f\u00fcr iPad und MacBook ge\u00e4ndert haben. Einige Modelle entfallen, w\u00e4hrend f\u00fcr 2029 ein neues 13,8-Zoll-MacBook geplant sei.","keywords":null,"keyphrases":{"focus":{"keyphrase":"","score":0,"analysis":{"keyphraseInTitle":{"score":0,"maxScore":9,"error":1}}},"additional":[]},"primary_term":null,"canonical_url":null,"og_title":null,"og_description":null,"og_object_type":"default","og_image_type":"default","og_image_url":null,"og_image_width":null,"og_image_height":null,"og_image_custom_url":null,"og_image_custom_fields":null,"og_video":"","og_custom_url":null,"og_article_section":null,"og_article_tags":null,"twitter_use_og":false,"twitter_card":"default","twitter_image_type":"default","twitter_image_url":null,"twitter_image_custom_url":null,"twitter_image_custom_fields":null,"twitter_title":null,"twitter_description":null,"schema":{"blockGraphs":[],"customGraphs":[],"default":{"data":{"Article":[],"Course":[],"Dataset":[],"FAQPage":[],"Movie":[],"Person":[],"Product":[],"ProductReview":[],"Car":[],"Recipe":[],"Service":[],"SoftwareApplication":[],"WebPage":[]},"graphName":"Article","isEnabled":true},"graphs":[]},"schema_type":"default","schema_type_options":null,"pillar_content":false,"robots_default":true,"robots_noindex":false,"robots_noarchive":false,"robots_nosnippet":false,"robots_nofollow":false,"robots_noimageindex":false,"robots_noodp":false,"robots_notranslate":false,"robots_max_snippet":"-1","robots_max_videopreview":"-1","robots_max_imagepreview":"large","priority":null,"frequency":"default","local_seo":null,"seo_analyzer_scan_date":"2026-09-04 09:13:28","breadcrumb_settings":null,"limit_modified_date":false,"reviewed_by":null,"open_ai":null,"ai":{"faqs":[],"keyPoints":[],"schemas":[],"titles":[],"descriptions":[],"socialPosts":{"email":{"subject":"","preview":"","content":""},"linkedin":[],"twitter":[],"facebook":[],"instagram":[]}},"created":"2026-09-04 06:06:30","updated":"2026-09-04 09:13:28","focus_keyword":null,"additional_keywords":null,"truseo_locale":null},"aioseo_breadcrumb":"<div class=\"aioseo-breadcrumbs\"><span class=\"aioseo-breadcrumb\">\n\t<a href=\"https:\/\/www.ifun.de\" title=\"Home\">Home<\/a>\n<\/span><span class=\"aioseo-breadcrumb-separator\">\u00bb<\/span><span class=\"aioseo-breadcrumb\">\n\t<a href=\"https:\/\/www.ifun.de\/category\/mac\/\" title=\"Mac\">Mac<\/a>\n<\/span><span class=\"aioseo-breadcrumb-separator\">\u00bb<\/span><span class=\"aioseo-breadcrumb\">\n\tMacBook mit gro\u00dfem Bildschirm offenbar nicht mehr geplant\n<\/span><\/div>","aioseo_breadcrumb_json":[{"label":"Home","link":"https:\/\/www.ifun.de"},{"label":"Mac","link":"https:\/\/www.ifun.de\/category\/mac\/"},{"label":"MacBook mit gro\u00dfem Bildschirm offenbar nicht mehr geplant","link":"https:\/\/www.ifun.de\/faltbares-macbook-offenbar-nicht-mehr-geplant-288138\/"}],"subheadline":["Roadmap f\u00fcr MacBook und iPad \u00fcberarbeitet"],"featured_image":["https:\/\/images.ifun.de\/wp-content\/uploads\/2025\/10\/macbook-pro-joswiak-x-feature.jpg"],"rest_api_enabler":{"subheadline":"Roadmap f\u00fcr MacBook und iPad \u00fcberarbeitet","featured_image":"https:\/\/images.ifun.de\/wp-content\/uploads\/2025\/10\/macbook-pro-joswiak-x-feature.jpg"},"_links":{"self":[{"href":"https:\/\/www.ifun.de\/apiv2\/wp\/v2\/posts\/288138","targetHints":{"allow":["GET"]}}],"collection":[{"href":"https:\/\/www.ifun.de\/apiv2\/wp\/v2\/posts"}],"about":[{"href":"https:\/\/www.ifun.de\/apiv2\/wp\/v2\/types\/post"}],"author":[{"embeddable":true,"href":"https:\/\/www.ifun.de\/apiv2\/wp\/v2\/users\/2"}],"replies":[{"embeddable":true,"href":"https:\/\/www.ifun.de\/apiv2\/wp\/v2\/comments?post=288138"}],"version-history":[{"count":5,"href":"https:\/\/www.ifun.de\/apiv2\/wp\/v2\/posts\/288138\/revisions"}],"predecessor-version":[{"id":288168,"href":"https:\/\/www.ifun.de\/apiv2\/wp\/v2\/posts\/288138\/revisions\/288168"}],"wp:featuredmedia":[{"embeddable":true,"href":"https:\/\/www.ifun.de\/apiv2\/wp\/v2\/media\/267050"}],"wp:attachment":[{"href":"https:\/\/www.ifun.de\/apiv2\/wp\/v2\/media?parent=288138"}],"wp:term":[{"taxonomy":"category","embeddable":true,"href":"https:\/\/www.ifun.de\/apiv2\/wp\/v2\/categories?post=288138"},{"taxonomy":"post_tag","embeddable":true,"href":"https:\/\/www.ifun.de\/apiv2\/wp\/v2\/tags?post=288138"}],"curies":[{"name":"wp","href":"https:\/\/api.w.org\/{rel}","templated":true}]}}