{"id":288018,"date":"2026-09-02T19:44:56","date_gmt":"2026-09-02T17:44:56","guid":{"rendered":"https:\/\/www.ifun.de\/?p=288018"},"modified":"2026-09-02T19:46:39","modified_gmt":"2026-09-02T17:46:39","slug":"kurz-vor-der-ifa-dreame-raeumt-bei-den-preisen-auf","status":"publish","type":"post","link":"https:\/\/www.ifun.de\/kurz-vor-der-ifa-dreame-raeumt-bei-den-preisen-auf-288018\/","title":{"rendered":"Kurz vor der IFA: Dreame r\u00e4umt bei den Preisen auf"},"content":{"rendered":"<p>Kurz vor dem Auftakt der IFA <a rel=\"noindex, nofollow\" href=\"https:\/\/www.amazon.de\/stores\/DREAME\/page\/BFFD1E5A-C7C6-4146-ABA2-59D596F045B5?&amp;linkCode=ll2&amp;tag=musicweb02&amp;linkId=74d2c36eb07ee2f889a641559b1af0e7&amp;ref_=as_li_ss_tl\">hat Dreame<\/a> bei mehreren seiner Haushaltsger\u00e4te die Preise deutlich gesenkt. Auf Amazon finden sich auf mehrere Produkte aktuell Nachl\u00e4sse von rund 33 Prozent, w\u00e4hrend der M\u00e4hroboter A2 weiterhin mit 50 Prozent Abzug angeboten wird.<\/p>\n<p><a href=\"https:\/\/images.ifun.de\/wp-content\/uploads\/2026\/09\/dreame-ventilator.jpg\"><img loading=\"lazy\" decoding=\"async\" class=\"aligncenter size-medium wp-image-288021\" src=\"https:\/\/images.ifun.de\/wp-content\/uploads\/2026\/09\/dreame-ventilator-500x425.jpg\" alt=\"Dreame Ventilator\" width=\"500\" height=\"425\" srcset=\"https:\/\/images.ifun.de\/wp-content\/uploads\/2026\/09\/dreame-ventilator-500x425.jpg 500w, https:\/\/images.ifun.de\/wp-content\/uploads\/2026\/09\/dreame-ventilator-700x595.jpg 700w, https:\/\/images.ifun.de\/wp-content\/uploads\/2026\/09\/dreame-ventilator-768x653.jpg 768w, https:\/\/images.ifun.de\/wp-content\/uploads\/2026\/09\/dreame-ventilator.jpg 1500w\" sizes=\"auto, (max-width: 500px) 100vw, 500px\" \/><\/a><\/p>\n<p>Angesichts der bevorstehenden Messe und der zu erwartenden Produktneuheiten wirkt die Aktion zumindest wie ein kleiner Lagerputz vor dem n\u00e4chsten Modellschub.<\/p>\n<p>Besonders deutlich f\u00e4llt die Reduzierung beim <a href=\"https:\/\/www.ifun.de\/amzn\/B0GTR1VWW9\">rotorlosen Ventilator MF10<\/a> aus. Das Modell kostet derzeit 199 Euro und liegt damit 33 Prozent unter der angegebenen Preisempfehlung. <a href=\"https:\/\/www.ifun.de\/dreame-p-wind10-smarte-kompakt-klimaanlage-jetzt-verfuegbar-281005\/\">Erst Anfang Juni<\/a> hatte Dreame den MF10 noch f\u00fcr rund 300 Euro vorgestellt. Der Ventilator arbeitet mit zwei beweglichen Luftausl\u00e4ssen und soll einen Luftstrom \u00fcber einen Bereich von 270 Grad verteilen. Hinzu kommen App-Steuerung, Sprachsteuerung und ein waschbarer Filter.<\/p>\n<p><video poster=\"\" preload=\"auto\" autoplay=\"autoplay\" loop=\"loop\" muted=\"\" controls=\"controls\" width=\"100%\"><source src=\"https:\/\/images.ifun.de\/wp-content\/uploads\/2026\/09\/dreame-ventilator.mp4\" \/><\/video><\/p>\n<h2>K\u00fcchenmaschine erstmals f\u00fcr 269 Euro<\/h2>\n<p>Auch <a href=\"https:\/\/www.ifun.de\/amzn\/B0GD73GKWT\">bei Dreames K\u00fcchenmaschine<\/a> f\u00e4llt der Preis. Das BioKnead-Modell wird aktuell f\u00fcr 269 Euro angeboten und ist damit ebenfalls um 33 Prozent reduziert. Bei der <a href=\"https:\/\/www.ifun.de\/mx60-dreame-stellt-neue-kuechenmaschine-mit-doppelknethaken-vor-270375\/\">Vorstellung Ende vergangenen Jahres<\/a> lag der Verkaufspreis noch bei 399 Euro.<\/p>\n<p><div class=\"responsive-video\"><iframe loading=\"lazy\" src=\"https:\/\/www.ifun.de\/yt\/index.html?v=god05yoalL0\" title=\"DREAME MX60 BioKnead\u2122 K\u00fcchenmaschine\" width=\"500\" height=\"281\" allow=\"autoplay; fullscreen; picture-in-picture; encrypted-media\" referrerpolicy=\"strict-origin-when-cross-origin\" allowfullscreen><\/iframe><\/div><\/p>\n<p>Die Maschine arbeitet mit einem 800-Watt-Motor und einem Doppelknethaken, der Teig von zwei Seiten bearbeitet. Die Metallsch\u00fcssel fasst sechs Liter, zur Bedienung stehen zw\u00f6lf Geschwindigkeitsstufen sowie eine Digitalanzeige zur Verf\u00fcgung. Zum Lieferumfang geh\u00f6ren neben den Knethaken auch Werkzeuge f\u00fcr leichtere und mittlere Mischungen.<\/p>\n<script>\r\n  function open_amazon(link) {\r\n    if (navigator.userAgent.indexOf(\"Firefox\") != -1) {\r\n      window.open(link, '_blank');\r\n    } else {\r\n      var tag = document.createElement('a');\r\n      tag.setAttribute('href', link);\r\n      tag.innerHTML = \"amzn\";\r\n      tag.click();\r\n    }\r\n  }\r\n<\/script>\r\n    <div id=\"article-single-amazon-preview\" onclick=\"return open_amazon('https:\/\/www.amazon.de\/dp\/B0GD73GKWT?tag=musicweb02&linkCode=ogi&th=1&psc=1');\">\n  <div id=\"article-single-amazon-preview-header\">\n    <span class=\"title\">Produkthinweis<\/span>\n      <\/div>\n  <div id=\"article-single-amazon-preview-content\">\n    <div id=\"article-single-amazon-preview-img\" style=\"background: url('https:\/\/m.media-amazon.com\/images\/I\/41aSRUQyHeL.jpg') center center no-repeat; background-size: cover;\"><\/div>\n    <div id=\"article-single-amazon-preview-desc\">\n      <span class=\"bezeichnung\"><a href=\"https:\/\/www.amazon.de\/dp\/B0GD73GKWT?tag=musicweb02&linkCode=ogi&th=1&psc=1\" style=\"text-decoration: none; border-bottom: 0px; box-shadow: none;\">DREAME BioKnead\u2122 Standmixer, 12 pr\u00e4zise Geschwindigkeitseinstellungen<\/a><\/span>\n      <span class=\"preis--aktuell\">269,00 EUR<\/span>\n      <span class=\"preis--alt\">399,00 EUR<\/span>\n    <\/div>\n  <\/div>\n<\/div>\n<h2>A2 3000 bleibt bei 999 Euro<\/h2>\n<p>Noch drastischer f\u00e4llt der Preisrutsch beim <a href=\"https:\/\/www.ifun.de\/amzn\/B0DWFW56NX\">M\u00e4hroboter A2 3000<\/a> aus. Das f\u00fcr Rasenfl\u00e4chen bis 3.000 Quadratmeter ausgelegte Modell kostet weiterhin 999 Euro. Amazon weist damit einen Nachlass von 50 Prozent aus. \u00dcber den <a href=\"https:\/\/www.ifun.de\/maehroboter-dreame-a2-seit-letztem-jahr-von-2-799-euro-auf-999-euro-285758\/\">ungew\u00f6hnlich starken Preisverfall des A2<\/a> hatten wir bereits im August berichtet. Zum Verkaufsstart lag die unverbindliche Preisempfehlung sogar noch bei 2.799 Euro.<\/p>\n<p><a href=\"https:\/\/images.ifun.de\/wp-content\/uploads\/2025\/03\/omnisense-schneidsystem.png\"><img loading=\"lazy\" decoding=\"async\" class=\"aligncenter size-large wp-image-250801\" src=\"https:\/\/images.ifun.de\/wp-content\/uploads\/2025\/03\/omnisense-schneidsystem-700x452.png\" alt=\"Omnisense Schneidsystem\" width=\"700\" height=\"452\" srcset=\"https:\/\/images.ifun.de\/wp-content\/uploads\/2025\/03\/omnisense-schneidsystem-700x452.png 700w, https:\/\/images.ifun.de\/wp-content\/uploads\/2025\/03\/omnisense-schneidsystem-500x323.png 500w, https:\/\/images.ifun.de\/wp-content\/uploads\/2025\/03\/omnisense-schneidsystem-768x495.png 768w, https:\/\/images.ifun.de\/wp-content\/uploads\/2025\/03\/omnisense-schneidsystem-1536x991.png 1536w, https:\/\/images.ifun.de\/wp-content\/uploads\/2025\/03\/omnisense-schneidsystem.png 1567w\" sizes=\"auto, (max-width: 700px) 100vw, 700px\" \/><\/a><\/p>\n<p>Der A2 navigiert mit 3D-LiDAR und kamerabasierter Hinderniserkennung und kommt ohne Begrenzungskabel oder separate RTK-Antenne aus. Mit dem nun schon l\u00e4nger gehaltenen 999-Euro-Preis und den neuen Rabatten auf weitere Ger\u00e4te zeichnet sich bei Dreame kurz vor der IFA jedenfalls eine breitere Preisrunde ab.<\/p>\n<script>\r\n  function open_amazon(link) {\r\n    if (navigator.userAgent.indexOf(\"Firefox\") != -1) {\r\n      window.open(link, '_blank');\r\n    } else {\r\n      var tag = document.createElement('a');\r\n      tag.setAttribute('href', link);\r\n      tag.innerHTML = \"amzn\";\r\n      tag.click();\r\n    }\r\n  }\r\n<\/script>\r\n    <div id=\"article-single-amazon-preview\" onclick=\"return open_amazon('https:\/\/www.amazon.de\/dp\/B0DWFW56NX?tag=musicweb02&linkCode=ogi&th=1&psc=1');\">\n  <div id=\"article-single-amazon-preview-header\">\n    <span class=\"title\">Produkthinweis<\/span>\n      <\/div>\n  <div id=\"article-single-amazon-preview-content\">\n    <div id=\"article-single-amazon-preview-img\" style=\"background: url('https:\/\/m.media-amazon.com\/images\/I\/41Yh3bqsgwL.jpg') center center no-repeat; background-size: cover;\"><\/div>\n    <div id=\"article-single-amazon-preview-desc\">\n      <span class=\"bezeichnung\"><a href=\"https:\/\/www.amazon.de\/dp\/B0DWFW56NX?tag=musicweb02&linkCode=ogi&th=1&psc=1\" style=\"text-decoration: none; border-bottom: 0px; box-shadow: none;\">DREAME A2 3000 M\u00e4hroboter \u2013 Kabellos ohne RTK, f\u00fcr Fl\u00e4chen bis zu 3000 m\u00b2<\/a><\/span>\n      <span class=\"preis--aktuell\">999,00 EUR<\/span>\n      <span class=\"preis--alt\">1.999,00 EUR<\/span>\n    <\/div>\n  <\/div>\n<\/div>\n<h2>Auch Neuheiten sichtbar<\/h2>\n<p>Gleichzeitig tauchen bereits neue Modelle wie der schmale <a href=\"https:\/\/www.ifun.de\/amzn\/B0GSW9LKH9\">Nass-Trockensauger T16 Pro<\/a> bei Amazon auf.<\/p>\n<p><video poster=\"\" preload=\"auto\" autoplay=\"autoplay\" loop=\"loop\" muted=\"\" controls=\"controls\" width=\"100%\"><source src=\"https:\/\/images.ifun.de\/wp-content\/uploads\/2026\/09\/t16pro-small.mp4\" \/><\/video><\/p>\n<p><img decoding=\"async\" src=\"https:\/\/vg04.met.vgwort.de\/na\/89f0650683df43bab696b81834e2d229\" width=\"1\" height=\"1\" no-lazy class=\"tracking\" loading=\"eager\"><\/p>\n","protected":false},"excerpt":{"rendered":"<a href=\"https:\/\/www.ifun.de\/kurz-vor-der-ifa-dreame-raeumt-bei-den-preisen-auf-288018\/\"><img width=\"150\" height=\"150\" src=\"https:\/\/images.ifun.de\/wp-content\/uploads\/2025\/12\/dreame-kuechenmaschine-feature-150x150.jpg\" class=\"alignright tfe wp-post-image\" alt=\"Dreame Kuechenmaschine Feature\" decoding=\"async\" loading=\"lazy\" \/><\/a><p>Kurz vor dem Auftakt der IFA hat Dreame bei mehreren seiner Haushaltsger\u00e4te die Preise deutlich gesenkt. Auf Amazon finden sich auf mehrere Produkte aktuell Nachl\u00e4sse von rund 33 Prozent, w\u00e4hrend der M\u00e4hroboter A2 weiterhin mit 50 Prozent Abzug angeboten wird. Angesichts der bevorstehenden Messe und der zu erwartenden Produktneuheiten wirkt die Aktion zumindest wie ein [&hellip;]<\/p>\n","protected":false},"author":1,"featured_media":270378,"comment_status":"open","ping_status":"closed","sticky":false,"template":"","format":"standard","meta":{"footnotes":""},"categories":[1],"tags":[7605,53,7496,5675,630,7603,7604],"class_list":["post-288018","post","type-post","status-publish","format-standard","has-post-thumbnail","hentry","category-news","tag-a2-3000","tag-amazon","tag-deal","tag-dreame","tag-ifa","tag-mf10","tag-mx60"],"aioseo_notices":[],"aioseo_head":"\n\t\t<!-- All in One SEO Pro 5.0.1.1 - aioseo.com -->\n\t<meta name=\"description\" content=\"Kurz vor dem IFA-Auftakt reduziert Dreame mehrere Haushaltsger\u00e4te. Ventilator und K\u00fcchenmaschine sind rund ein Drittel g\u00fcnstiger.\" \/>\n\t<meta name=\"robots\" content=\"max-image-preview:large\" \/>\n\t<meta name=\"author\" content=\"Nicolas\"\/>\n\t<meta name=\"google-site-verification\" content=\"uH_IhWlZO-QDb51DGwVoGT_GCZmfJp98klL3XmbE3ow\" \/>\n\t<link rel=\"canonical\" href=\"https:\/\/www.ifun.de\/kurz-vor-der-ifa-dreame-raeumt-bei-den-preisen-auf-288018\/\" \/>\n\t<meta name=\"generator\" content=\"All in One SEO Pro (AIOSEO) 5.0.1.1\" \/>\n\t\t<meta property=\"og:locale\" content=\"de_DE\" \/>\n\t\t<meta property=\"og:site_name\" content=\"ifun.de | Apple-News seit 2001\" \/>\n\t\t<meta property=\"og:type\" content=\"article\" \/>\n\t\t<meta property=\"og:title\" content=\"Kurz vor der IFA: Dreame r\u00e4umt bei den Preisen auf | ifun.de\" \/>\n\t\t<meta property=\"og:description\" content=\"Kurz vor dem IFA-Auftakt reduziert Dreame mehrere Haushaltsger\u00e4te. Ventilator und K\u00fcchenmaschine sind rund ein Drittel g\u00fcnstiger.\" \/>\n\t\t<meta property=\"og:url\" content=\"https:\/\/www.ifun.de\/kurz-vor-der-ifa-dreame-raeumt-bei-den-preisen-auf-288018\/\" \/>\n\t\t<meta property=\"og:image\" content=\"https:\/\/images.ifun.de\/wp-content\/uploads\/2025\/12\/dreame-kuechenmaschine-feature.jpg\" \/>\n\t\t<meta property=\"og:image:secure_url\" content=\"https:\/\/images.ifun.de\/wp-content\/uploads\/2025\/12\/dreame-kuechenmaschine-feature.jpg\" \/>\n\t\t<meta property=\"og:image:width\" content=\"960\" \/>\n\t\t<meta property=\"og:image:height\" content=\"378\" \/>\n\t\t<meta property=\"article:published_time\" content=\"2026-09-02T17:44:56+00:00\" \/>\n\t\t<meta property=\"article:modified_time\" content=\"2026-09-02T17:46:39+00:00\" \/>\n\t\t<meta property=\"article:publisher\" content=\"https:\/\/facebook.com\/ifun.de\" \/>\n\t\t<meta name=\"twitter:card\" content=\"summary_large_image\" \/>\n\t\t<meta name=\"twitter:site\" content=\"@ifun_news\" \/>\n\t\t<meta name=\"twitter:title\" content=\"Kurz vor der IFA: Dreame r\u00e4umt bei den Preisen auf | ifun.de\" \/>\n\t\t<meta name=\"twitter:description\" content=\"Kurz vor dem IFA-Auftakt reduziert Dreame mehrere Haushaltsger\u00e4te. Ventilator und K\u00fcchenmaschine sind rund ein Drittel g\u00fcnstiger.\" \/>\n\t\t<meta name=\"twitter:creator\" content=\"@ifun_news\" \/>\n\t\t<meta name=\"twitter:image\" content=\"https:\/\/images.ifun.de\/wp-content\/uploads\/2025\/12\/dreame-kuechenmaschine-feature.jpg\" \/>\n\t\t<script type=\"application\/ld+json\" class=\"aioseo-schema\">\n\t\t\t{\"@context\":\"https:\\\/\\\/schema.org\",\"@graph\":[{\"@type\":\"Article\",\"@id\":\"https:\\\/\\\/www.ifun.de\\\/kurz-vor-der-ifa-dreame-raeumt-bei-den-preisen-auf-288018\\\/#article\",\"name\":\"Kurz vor der IFA: Dreame r\\u00e4umt bei den Preisen auf | ifun.de\",\"headline\":\"Kurz vor der IFA: Dreame r\\u00e4umt bei den Preisen auf\",\"author\":{\"@id\":\"https:\\\/\\\/www.ifun.de\\\/author\\\/admin\\\/#author\"},\"publisher\":{\"@id\":\"https:\\\/\\\/www.ifun.de\\\/#organization\"},\"image\":{\"@type\":\"ImageObject\",\"url\":\"https:\\\/\\\/images.ifun.de\\\/wp-content\\\/uploads\\\/2025\\\/12\\\/dreame-kuechenmaschine-feature.jpg\",\"width\":960,\"height\":378,\"caption\":\"Dreame Kuechenmaschine Feature\"},\"datePublished\":\"2026-09-02T19:44:56+02:00\",\"dateModified\":\"2026-09-02T19:46:39+02:00\",\"inLanguage\":\"de-DE\",\"commentCount\":5,\"mainEntityOfPage\":{\"@id\":\"https:\\\/\\\/www.ifun.de\\\/kurz-vor-der-ifa-dreame-raeumt-bei-den-preisen-auf-288018\\\/#webpage\"},\"isPartOf\":{\"@id\":\"https:\\\/\\\/www.ifun.de\\\/kurz-vor-der-ifa-dreame-raeumt-bei-den-preisen-auf-288018\\\/#webpage\"},\"articleSection\":\"News, A2 3000, Amazon, Deal, Dreame, IFA, MF10, MX60\"},{\"@type\":\"BreadcrumbList\",\"@id\":\"https:\\\/\\\/www.ifun.de\\\/kurz-vor-der-ifa-dreame-raeumt-bei-den-preisen-auf-288018\\\/#breadcrumblist\",\"itemListElement\":[{\"@type\":\"ListItem\",\"@id\":\"https:\\\/\\\/www.ifun.de#listItem\",\"position\":1,\"name\":\"Home\",\"item\":\"https:\\\/\\\/www.ifun.de\",\"nextItem\":{\"@type\":\"ListItem\",\"@id\":\"https:\\\/\\\/www.ifun.de\\\/category\\\/news\\\/#listItem\",\"name\":\"News\"}},{\"@type\":\"ListItem\",\"@id\":\"https:\\\/\\\/www.ifun.de\\\/category\\\/news\\\/#listItem\",\"position\":2,\"name\":\"News\",\"item\":\"https:\\\/\\\/www.ifun.de\\\/category\\\/news\\\/\",\"nextItem\":{\"@type\":\"ListItem\",\"@id\":\"https:\\\/\\\/www.ifun.de\\\/kurz-vor-der-ifa-dreame-raeumt-bei-den-preisen-auf-288018\\\/#listItem\",\"name\":\"Kurz vor der IFA: Dreame r\\u00e4umt bei den Preisen auf\"},\"previousItem\":{\"@type\":\"ListItem\",\"@id\":\"https:\\\/\\\/www.ifun.de#listItem\",\"name\":\"Home\"}},{\"@type\":\"ListItem\",\"@id\":\"https:\\\/\\\/www.ifun.de\\\/kurz-vor-der-ifa-dreame-raeumt-bei-den-preisen-auf-288018\\\/#listItem\",\"position\":3,\"name\":\"Kurz vor der IFA: Dreame r\\u00e4umt bei den Preisen auf\",\"previousItem\":{\"@type\":\"ListItem\",\"@id\":\"https:\\\/\\\/www.ifun.de\\\/category\\\/news\\\/#listItem\",\"name\":\"News\"}}]},{\"@type\":\"Organization\",\"@id\":\"https:\\\/\\\/www.ifun.de\\\/#organization\",\"name\":\"ifun.de\",\"description\":\"Apple-News seit 2001\",\"url\":\"https:\\\/\\\/www.ifun.de\\\/\",\"telephone\":\"+493057707123\",\"logo\":{\"@type\":\"ImageObject\",\"url\":\"https:\\\/\\\/images.ifun.de\\\/wp-content\\\/uploads\\\/2026\\\/02\\\/apple-touch-icon.png\",\"@id\":\"https:\\\/\\\/www.ifun.de\\\/kurz-vor-der-ifa-dreame-raeumt-bei-den-preisen-auf-288018\\\/#organizationLogo\",\"width\":512,\"height\":512,\"caption\":\"Apple Touch Icon\"},\"image\":{\"@id\":\"https:\\\/\\\/www.ifun.de\\\/kurz-vor-der-ifa-dreame-raeumt-bei-den-preisen-auf-288018\\\/#organizationLogo\"},\"sameAs\":[\"https:\\\/\\\/facebook.com\\\/ifun.de\",\"https:\\\/\\\/x.com\\\/ifun_news\"]},{\"@type\":\"Person\",\"@id\":\"https:\\\/\\\/www.ifun.de\\\/author\\\/admin\\\/#author\",\"url\":\"https:\\\/\\\/www.ifun.de\\\/author\\\/admin\\\/\",\"name\":\"Nicolas\"},{\"@type\":\"WebPage\",\"@id\":\"https:\\\/\\\/www.ifun.de\\\/kurz-vor-der-ifa-dreame-raeumt-bei-den-preisen-auf-288018\\\/#webpage\",\"url\":\"https:\\\/\\\/www.ifun.de\\\/kurz-vor-der-ifa-dreame-raeumt-bei-den-preisen-auf-288018\\\/\",\"name\":\"Kurz vor der IFA: Dreame r\\u00e4umt bei den Preisen auf | ifun.de\",\"description\":\"Kurz vor dem IFA-Auftakt reduziert Dreame mehrere Haushaltsger\\u00e4te. Ventilator und K\\u00fcchenmaschine sind rund ein Drittel g\\u00fcnstiger.\",\"inLanguage\":\"de-DE\",\"isPartOf\":{\"@id\":\"https:\\\/\\\/www.ifun.de\\\/#website\"},\"breadcrumb\":{\"@id\":\"https:\\\/\\\/www.ifun.de\\\/kurz-vor-der-ifa-dreame-raeumt-bei-den-preisen-auf-288018\\\/#breadcrumblist\"},\"author\":{\"@id\":\"https:\\\/\\\/www.ifun.de\\\/author\\\/admin\\\/#author\"},\"creator\":{\"@id\":\"https:\\\/\\\/www.ifun.de\\\/author\\\/admin\\\/#author\"},\"image\":{\"@type\":\"ImageObject\",\"url\":\"https:\\\/\\\/images.ifun.de\\\/wp-content\\\/uploads\\\/2025\\\/12\\\/dreame-kuechenmaschine-feature.jpg\",\"@id\":\"https:\\\/\\\/www.ifun.de\\\/kurz-vor-der-ifa-dreame-raeumt-bei-den-preisen-auf-288018\\\/#mainImage\",\"width\":960,\"height\":378,\"caption\":\"Dreame Kuechenmaschine Feature\"},\"primaryImageOfPage\":{\"@id\":\"https:\\\/\\\/www.ifun.de\\\/kurz-vor-der-ifa-dreame-raeumt-bei-den-preisen-auf-288018\\\/#mainImage\"},\"datePublished\":\"2026-09-02T19:44:56+02:00\",\"dateModified\":\"2026-09-02T19:46:39+02:00\"},{\"@type\":\"WebSite\",\"@id\":\"https:\\\/\\\/www.ifun.de\\\/#website\",\"url\":\"https:\\\/\\\/www.ifun.de\\\/\",\"name\":\"ifun.de\",\"description\":\"Apple-News seit 2001\",\"inLanguage\":\"de-DE\",\"publisher\":{\"@id\":\"https:\\\/\\\/www.ifun.de\\\/#organization\"}}]}\n\t\t<\/script>\n\t\t<!-- All in One SEO Pro -->\r\n\t\t<title>Kurz vor der IFA: Dreame r\u00e4umt bei den Preisen auf | ifun.de<\/title>\n\n","aioseo_head_json":{"title":"Kurz vor der IFA: Dreame r\u00e4umt bei den Preisen auf | ifun.de","description":"Kurz vor dem IFA-Auftakt reduziert Dreame mehrere Haushaltsger\u00e4te. Ventilator und K\u00fcchenmaschine sind rund ein Drittel g\u00fcnstiger.","canonical_url":"https:\/\/www.ifun.de\/kurz-vor-der-ifa-dreame-raeumt-bei-den-preisen-auf-288018\/","robots":"max-image-preview:large","keywords":"","webmasterTools":{"google-site-verification":"uH_IhWlZO-QDb51DGwVoGT_GCZmfJp98klL3XmbE3ow","miscellaneous":""},"schema":{"@context":"https:\/\/schema.org","@graph":[{"@type":"Article","@id":"https:\/\/www.ifun.de\/kurz-vor-der-ifa-dreame-raeumt-bei-den-preisen-auf-288018\/#article","name":"Kurz vor der IFA: Dreame r\u00e4umt bei den Preisen auf | ifun.de","headline":"Kurz vor der IFA: Dreame r\u00e4umt bei den Preisen auf","author":{"@id":"https:\/\/www.ifun.de\/author\/admin\/#author"},"publisher":{"@id":"https:\/\/www.ifun.de\/#organization"},"image":{"@type":"ImageObject","url":"https:\/\/images.ifun.de\/wp-content\/uploads\/2025\/12\/dreame-kuechenmaschine-feature.jpg","width":960,"height":378,"caption":"Dreame Kuechenmaschine Feature"},"datePublished":"2026-09-02T19:44:56+02:00","dateModified":"2026-09-02T19:46:39+02:00","inLanguage":"de-DE","commentCount":5,"mainEntityOfPage":{"@id":"https:\/\/www.ifun.de\/kurz-vor-der-ifa-dreame-raeumt-bei-den-preisen-auf-288018\/#webpage"},"isPartOf":{"@id":"https:\/\/www.ifun.de\/kurz-vor-der-ifa-dreame-raeumt-bei-den-preisen-auf-288018\/#webpage"},"articleSection":"News, A2 3000, Amazon, Deal, Dreame, IFA, MF10, MX60"},{"@type":"BreadcrumbList","@id":"https:\/\/www.ifun.de\/kurz-vor-der-ifa-dreame-raeumt-bei-den-preisen-auf-288018\/#breadcrumblist","itemListElement":[{"@type":"ListItem","@id":"https:\/\/www.ifun.de#listItem","position":1,"name":"Home","item":"https:\/\/www.ifun.de","nextItem":{"@type":"ListItem","@id":"https:\/\/www.ifun.de\/category\/news\/#listItem","name":"News"}},{"@type":"ListItem","@id":"https:\/\/www.ifun.de\/category\/news\/#listItem","position":2,"name":"News","item":"https:\/\/www.ifun.de\/category\/news\/","nextItem":{"@type":"ListItem","@id":"https:\/\/www.ifun.de\/kurz-vor-der-ifa-dreame-raeumt-bei-den-preisen-auf-288018\/#listItem","name":"Kurz vor der IFA: Dreame r\u00e4umt bei den Preisen auf"},"previousItem":{"@type":"ListItem","@id":"https:\/\/www.ifun.de#listItem","name":"Home"}},{"@type":"ListItem","@id":"https:\/\/www.ifun.de\/kurz-vor-der-ifa-dreame-raeumt-bei-den-preisen-auf-288018\/#listItem","position":3,"name":"Kurz vor der IFA: Dreame r\u00e4umt bei den Preisen auf","previousItem":{"@type":"ListItem","@id":"https:\/\/www.ifun.de\/category\/news\/#listItem","name":"News"}}]},{"@type":"Organization","@id":"https:\/\/www.ifun.de\/#organization","name":"ifun.de","description":"Apple-News seit 2001","url":"https:\/\/www.ifun.de\/","telephone":"+493057707123","logo":{"@type":"ImageObject","url":"https:\/\/images.ifun.de\/wp-content\/uploads\/2026\/02\/apple-touch-icon.png","@id":"https:\/\/www.ifun.de\/kurz-vor-der-ifa-dreame-raeumt-bei-den-preisen-auf-288018\/#organizationLogo","width":512,"height":512,"caption":"Apple Touch Icon"},"image":{"@id":"https:\/\/www.ifun.de\/kurz-vor-der-ifa-dreame-raeumt-bei-den-preisen-auf-288018\/#organizationLogo"},"sameAs":["https:\/\/facebook.com\/ifun.de","https:\/\/x.com\/ifun_news"]},{"@type":"Person","@id":"https:\/\/www.ifun.de\/author\/admin\/#author","url":"https:\/\/www.ifun.de\/author\/admin\/","name":"Nicolas"},{"@type":"WebPage","@id":"https:\/\/www.ifun.de\/kurz-vor-der-ifa-dreame-raeumt-bei-den-preisen-auf-288018\/#webpage","url":"https:\/\/www.ifun.de\/kurz-vor-der-ifa-dreame-raeumt-bei-den-preisen-auf-288018\/","name":"Kurz vor der IFA: Dreame r\u00e4umt bei den Preisen auf | ifun.de","description":"Kurz vor dem IFA-Auftakt reduziert Dreame mehrere Haushaltsger\u00e4te. Ventilator und K\u00fcchenmaschine sind rund ein Drittel g\u00fcnstiger.","inLanguage":"de-DE","isPartOf":{"@id":"https:\/\/www.ifun.de\/#website"},"breadcrumb":{"@id":"https:\/\/www.ifun.de\/kurz-vor-der-ifa-dreame-raeumt-bei-den-preisen-auf-288018\/#breadcrumblist"},"author":{"@id":"https:\/\/www.ifun.de\/author\/admin\/#author"},"creator":{"@id":"https:\/\/www.ifun.de\/author\/admin\/#author"},"image":{"@type":"ImageObject","url":"https:\/\/images.ifun.de\/wp-content\/uploads\/2025\/12\/dreame-kuechenmaschine-feature.jpg","@id":"https:\/\/www.ifun.de\/kurz-vor-der-ifa-dreame-raeumt-bei-den-preisen-auf-288018\/#mainImage","width":960,"height":378,"caption":"Dreame Kuechenmaschine Feature"},"primaryImageOfPage":{"@id":"https:\/\/www.ifun.de\/kurz-vor-der-ifa-dreame-raeumt-bei-den-preisen-auf-288018\/#mainImage"},"datePublished":"2026-09-02T19:44:56+02:00","dateModified":"2026-09-02T19:46:39+02:00"},{"@type":"WebSite","@id":"https:\/\/www.ifun.de\/#website","url":"https:\/\/www.ifun.de\/","name":"ifun.de","description":"Apple-News seit 2001","inLanguage":"de-DE","publisher":{"@id":"https:\/\/www.ifun.de\/#organization"}}]},"og:locale":"de_DE","og:site_name":"ifun.de | Apple-News seit 2001","og:type":"article","og:title":"Kurz vor der IFA: Dreame r\u00e4umt bei den Preisen auf | ifun.de","og:description":"Kurz vor dem IFA-Auftakt reduziert Dreame mehrere Haushaltsger\u00e4te. Ventilator und K\u00fcchenmaschine sind rund ein Drittel g\u00fcnstiger.","og:url":"https:\/\/www.ifun.de\/kurz-vor-der-ifa-dreame-raeumt-bei-den-preisen-auf-288018\/","og:image":"https:\/\/images.ifun.de\/wp-content\/uploads\/2025\/12\/dreame-kuechenmaschine-feature.jpg","og:image:secure_url":"https:\/\/images.ifun.de\/wp-content\/uploads\/2025\/12\/dreame-kuechenmaschine-feature.jpg","og:image:width":960,"og:image:height":378,"article:published_time":"2026-09-02T17:44:56+00:00","article:modified_time":"2026-09-02T17:46:39+00:00","article:publisher":"https:\/\/facebook.com\/ifun.de","twitter:card":"summary_large_image","twitter:site":"@ifun_news","twitter:title":"Kurz vor der IFA: Dreame r\u00e4umt bei den Preisen auf | ifun.de","twitter:description":"Kurz vor dem IFA-Auftakt reduziert Dreame mehrere Haushaltsger\u00e4te. Ventilator und K\u00fcchenmaschine sind rund ein Drittel g\u00fcnstiger.","twitter:creator":"@ifun_news","twitter:image":"https:\/\/images.ifun.de\/wp-content\/uploads\/2025\/12\/dreame-kuechenmaschine-feature.jpg"},"aioseo_meta_data":{"post_id":"288018","title":null,"description":"Kurz vor dem IFA-Auftakt reduziert Dreame mehrere Haushaltsger\u00e4te. Ventilator und K\u00fcchenmaschine sind rund ein Drittel g\u00fcnstiger.","keywords":null,"keyphrases":{"focus":{"keyphrase":"","score":0,"analysis":{"keyphraseInTitle":{"score":0,"maxScore":9,"error":1}}},"additional":[]},"primary_term":null,"canonical_url":null,"og_title":null,"og_description":null,"og_object_type":"default","og_image_type":"default","og_image_url":null,"og_image_width":null,"og_image_height":null,"og_image_custom_url":null,"og_image_custom_fields":null,"og_video":"","og_custom_url":null,"og_article_section":null,"og_article_tags":null,"twitter_use_og":false,"twitter_card":"default","twitter_image_type":"default","twitter_image_url":null,"twitter_image_custom_url":null,"twitter_image_custom_fields":null,"twitter_title":null,"twitter_description":null,"schema":{"blockGraphs":[],"customGraphs":[],"default":{"data":{"Article":[],"Course":[],"Dataset":[],"FAQPage":[],"Movie":[],"Person":[],"Product":[],"ProductReview":[],"Car":[],"Recipe":[],"Service":[],"SoftwareApplication":[],"WebPage":[]},"graphName":"Article","isEnabled":true},"graphs":[]},"schema_type":"default","schema_type_options":null,"pillar_content":false,"robots_default":true,"robots_noindex":false,"robots_noarchive":false,"robots_nosnippet":false,"robots_nofollow":false,"robots_noimageindex":false,"robots_noodp":false,"robots_notranslate":false,"robots_max_snippet":"-1","robots_max_videopreview":"-1","robots_max_imagepreview":"large","priority":0,"frequency":"default","local_seo":null,"seo_analyzer_scan_date":null,"breadcrumb_settings":null,"limit_modified_date":false,"reviewed_by":null,"open_ai":null,"ai":{"faqs":[],"keyPoints":[],"schemas":[],"titles":[],"descriptions":[],"socialPosts":{"email":{"subject":"","preview":"","content":""},"linkedin":[],"twitter":[],"facebook":[],"instagram":[]}},"created":"2026-09-02 17:01:27","updated":"2026-09-02 17:46:40","focus_keyword":null,"additional_keywords":null,"truseo_locale":null},"aioseo_breadcrumb":"<div class=\"aioseo-breadcrumbs\"><span class=\"aioseo-breadcrumb\">\n\t<a href=\"https:\/\/www.ifun.de\" title=\"Home\">Home<\/a>\n<\/span><span class=\"aioseo-breadcrumb-separator\">\u00bb<\/span><span class=\"aioseo-breadcrumb\">\n\t<a href=\"https:\/\/www.ifun.de\/category\/news\/\" title=\"News\">News<\/a>\n<\/span><span class=\"aioseo-breadcrumb-separator\">\u00bb<\/span><span class=\"aioseo-breadcrumb\">\n\tKurz vor der IFA: Dreame r\u00e4umt bei den Preisen auf\n<\/span><\/div>","aioseo_breadcrumb_json":[{"label":"Home","link":"https:\/\/www.ifun.de"},{"label":"News","link":"https:\/\/www.ifun.de\/category\/news\/"},{"label":"Kurz vor der IFA: Dreame r\u00e4umt bei den Preisen auf","link":"https:\/\/www.ifun.de\/kurz-vor-der-ifa-dreame-raeumt-bei-den-preisen-auf-288018\/"}],"subheadline":["33% bis 50% auf Venti, Mixer und M\u00e4her"],"featured_image":["https:\/\/images.ifun.de\/wp-content\/uploads\/2025\/12\/dreame-kuechenmaschine-feature.jpg"],"rest_api_enabler":{"subheadline":"33% bis 50% auf Venti, Mixer und M\u00e4her","featured_image":"https:\/\/images.ifun.de\/wp-content\/uploads\/2025\/12\/dreame-kuechenmaschine-feature.jpg"},"_links":{"self":[{"href":"https:\/\/www.ifun.de\/apiv2\/wp\/v2\/posts\/288018","targetHints":{"allow":["GET"]}}],"collection":[{"href":"https:\/\/www.ifun.de\/apiv2\/wp\/v2\/posts"}],"about":[{"href":"https:\/\/www.ifun.de\/apiv2\/wp\/v2\/types\/post"}],"author":[{"embeddable":true,"href":"https:\/\/www.ifun.de\/apiv2\/wp\/v2\/users\/1"}],"replies":[{"embeddable":true,"href":"https:\/\/www.ifun.de\/apiv2\/wp\/v2\/comments?post=288018"}],"version-history":[{"count":3,"href":"https:\/\/www.ifun.de\/apiv2\/wp\/v2\/posts\/288018\/revisions"}],"predecessor-version":[{"id":288027,"href":"https:\/\/www.ifun.de\/apiv2\/wp\/v2\/posts\/288018\/revisions\/288027"}],"wp:featuredmedia":[{"embeddable":true,"href":"https:\/\/www.ifun.de\/apiv2\/wp\/v2\/media\/270378"}],"wp:attachment":[{"href":"https:\/\/www.ifun.de\/apiv2\/wp\/v2\/media?parent=288018"}],"wp:term":[{"taxonomy":"category","embeddable":true,"href":"https:\/\/www.ifun.de\/apiv2\/wp\/v2\/categories?post=288018"},{"taxonomy":"post_tag","embeddable":true,"href":"https:\/\/www.ifun.de\/apiv2\/wp\/v2\/tags?post=288018"}],"curies":[{"name":"wp","href":"https:\/\/api.w.org\/{rel}","templated":true}]}}