{"id":287891,"date":"2026-09-04T19:30:06","date_gmt":"2026-09-04T17:30:06","guid":{"rendered":"https:\/\/www.ifun.de\/?p=287891"},"modified":"2026-09-04T19:30:06","modified_gmt":"2026-09-04T17:30:06","slug":"fiido-nomads-pro-e-bike-test","status":"publish","type":"post","link":"https:\/\/www.ifun.de\/fiido-nomads-pro-e-bike-test-287891\/","title":{"rendered":"Fiido Nomads Pro macht Laune: E-Bike mit App, Farbdisplay und 100 Nm"},"content":{"rendered":"<p>Mit dem <a href=\"https:\/\/www.awin1.com\/cread.php?awinmid=85523&amp;awinaffid=399545&amp;ued=https%3A%2F%2Fde.fiido.com%2Fproducts%2Felectric-trekking-touring-bike-nomads-pro\">Nomads Pro hat Fiido<\/a> sein Angebot um ein Trekking-E-Bike erweitert, das sich deutlich oberhalb der bislang von uns gefahrenen Modelle positioniert. Das Rad kostet im Direktvertrieb des Herstellers 1.999 Euro und kombiniert einen 250-Watt-Mittelmotor mit 100 Nm Drehmoment, Shimano-CUES-Schaltung, Luftfedergabel und hydraulischen Vierkolbenbremsen. Das Nomads Pro zielt damit weniger auf kurze Wege zum B\u00e4cker als auf l\u00e4ngere Pendelstrecken, Wochenendtouren, Radreisen und Fahrten mit Gep\u00e4ck.<\/p>\n<p><a href=\"https:\/\/images.ifun.de\/wp-content\/uploads\/2026\/09\/fiido-nomads-pro.png\"><img loading=\"lazy\" decoding=\"async\" class=\"aligncenter size-medium wp-image-287899\" src=\"https:\/\/images.ifun.de\/wp-content\/uploads\/2026\/09\/fiido-nomads-pro-500x257.png\" alt=\"Fiido Nomads Pro\" width=\"500\" height=\"257\" srcset=\"https:\/\/images.ifun.de\/wp-content\/uploads\/2026\/09\/fiido-nomads-pro-500x257.png 500w, https:\/\/images.ifun.de\/wp-content\/uploads\/2026\/09\/fiido-nomads-pro-700x359.png 700w, https:\/\/images.ifun.de\/wp-content\/uploads\/2026\/09\/fiido-nomads-pro-768x394.png 768w, https:\/\/images.ifun.de\/wp-content\/uploads\/2026\/09\/fiido-nomads-pro.png 1500w\" sizes=\"auto, (max-width: 500px) 100vw, 500px\" \/><\/a><\/p>\n<p>Fiido ist f\u00fcr uns inzwischen kein unbekannter Anbieter mehr. Mitte Februar hatten wir den Hersteller <a href=\"https:\/\/www.ifun.de\/fiido-app-ersatzteile-und-eigenes-zubehoer-als-alternative-zu-teuren-e-bikes-274444\/\">erstmals ausf\u00fchrlicher vorgestellt<\/a> und damals vor allem darauf geschaut, wie sich Fiido von anderen g\u00fcnstigen Direktversendern absetzt. Uns war dabei vor allem aufgefallen, dass der Hersteller ungew\u00f6hnlich viele Ersatzteile und Zubeh\u00f6r direkt anbietet und seine Fahrr\u00e4der zus\u00e4tzlich per App erg\u00e4nzt.<\/p>\n<p>Kurz darauf folgte unser <a href=\"https:\/\/www.ifun.de\/fiido-t2-e-lastenrad-275672\/\">ausf\u00fchrlicher Alltagstest des Fiido T2<\/a>. Das Longtail begleitet uns bis heute regelm\u00e4\u00dfig auf den Wegen zu Schule und Kindergarten und geh\u00f6rt inzwischen fest zum Familienalltag. Gleichzeitig sehen wir das T2 in Berlin mittlerweile deutlich h\u00e4ufiger auf der Stra\u00dfe. Auch im Freundeskreis haben Probefahrten mit unserem Exemplar bereits zu zwei weiteren T2 gef\u00fchrt. Also wollten wir wissen, ob Fiido das auch eine Klasse h\u00f6her hinbekommt.<\/p>\n<h2>Vom g\u00fcnstigen Longtail zum ausgewachsenen Trekkingrad<\/h2>\n<p>Das Nomads Pro ist schon optisch ein anderes Fahrrad als das T2. Der gro\u00dfe Aluminiumrahmen, die 29-Zoll-Laufr\u00e4der und der lange Hinterbau vermitteln einen ausgesprochen massiven Eindruck. Das Rad wirkt eher wie ein kr\u00e4ftiges Trekkingrad als wie ein besonders leichtes Pendlerbike. Dazu passt auch das Gewicht von gut 26 Kilogramm inklusive Akku.<\/p>\n<p><a href=\"https:\/\/images.ifun.de\/wp-content\/uploads\/2026\/09\/Fiido-Nomads-Pro-im-gruenen.jpg\"><img loading=\"lazy\" decoding=\"async\" src=\"https:\/\/images.ifun.de\/wp-content\/uploads\/2026\/09\/Fiido-Nomads-Pro-im-gruenen-700x525.jpg\" alt=\"Fiido Nomads Pro Im Gruenen\" width=\"700\" height=\"525\" class=\"aligncenter size-large wp-image-288151\" srcset=\"https:\/\/images.ifun.de\/wp-content\/uploads\/2026\/09\/Fiido-Nomads-Pro-im-gruenen-700x525.jpg 700w, https:\/\/images.ifun.de\/wp-content\/uploads\/2026\/09\/Fiido-Nomads-Pro-im-gruenen-500x375.jpg 500w, https:\/\/images.ifun.de\/wp-content\/uploads\/2026\/09\/Fiido-Nomads-Pro-im-gruenen-768x576.jpg 768w, https:\/\/images.ifun.de\/wp-content\/uploads\/2026\/09\/Fiido-Nomads-Pro-im-gruenen-1536x1152.jpg 1536w, https:\/\/images.ifun.de\/wp-content\/uploads\/2026\/09\/Fiido-Nomads-Pro-im-gruenen-2048x1536.jpg 2048w\" sizes=\"auto, (max-width: 700px) 100vw, 700px\" \/><\/a><\/p>\n<h6>Das Fiido Nomads Pro als gro\u00dfes Trekkingrad f\u00fcr Alltag und Tour<\/h6>\n<p>W\u00e4hrend der Fahrt tritt diese Masse allerdings erstaunlich weit in den Hintergrund. Die gro\u00dfen Laufr\u00e4der sorgen f\u00fcr Laufruhe, der lange Hinterbau h\u00e4lt das Fahrrad stabil in der Spur und trotzdem l\u00e4sst sich das Nomads Pro auch im engeren Stadtverkehr gut kontrollieren. Es f\u00e4hrt sich weniger schwerf\u00e4llig, als es die Abmessungen zun\u00e4chst vermuten lassen. Erst wenn das Rad getragen werden muss, merkt man wieder ziemlich deutlich, wie viel Fahrrad man hier eigentlich bewegt.<\/p>\n<p>Wer sein E-Bike t\u00e4glich mehrere Stockwerke nach oben tragen, in einer kleinen Wohnung unterbringen oder h\u00e4ufig in den Kofferraum heben muss, d\u00fcrfte mit einem leichteren Modell besser bedient sein. F\u00fcr den klassischen Einsatz zwischen Keller, Hof, Garage und Stra\u00dfe spielt das Gewicht dagegen eine deutlich kleinere Rolle. Praktisch ist in diesem Zusammenhang auch die Schiebehilfe, die das Fahrrad mit bis zu 6 km\/h bewegt.<\/p>\n<p><video autoplay loop playsinline muted poster=\"\" preload=\"auto\" controls=\"controls\" width=\"100%\" ><source src=\"https:\/\/images.ifun.de\/wp-content\/uploads\/2026\/09\/nomads-pro-rundum-ansicht.mp4\" \/><\/video><\/p>\n<h6>Das Nomads Pro ist auch in der M-Variante kein kleines Fahrrad<\/h6>\n<h2>100 Nm machen an Steigungen einen deutlichen Unterschied<\/h2>\n<p>Der wichtigste technische Unterschied zu vielen g\u00fcnstigeren Fiido-Modellen sitzt in der Mitte des Rahmens. Der Mivice-X700-Mittelmotor arbeitet mit einem Drehmomentsensor und stellt bis zu 100 Nm bereit. Anders als ein einfacher Kadenzsensor erkennt das System nicht nur, dass die Kurbel bewegt wird. Es misst auch, wie viel Kraft der Fahrer tats\u00e4chlich auf die Pedale bringt und passt die Unterst\u00fctzung entsprechend an.<\/p>\n<p><a href=\"https:\/\/images.ifun.de\/wp-content\/uploads\/2026\/09\/Fiido-Nomads-Pro-08-mittelmotor-2500.jpg\"><img loading=\"lazy\" decoding=\"async\" class=\"aligncenter size-large wp-image-287901\" src=\"https:\/\/images.ifun.de\/wp-content\/uploads\/2026\/09\/Fiido-Nomads-Pro-08-mittelmotor-2500-700x525.jpg\" alt=\"Fiido Nomads Pro 08 Mittelmotor 2500\" width=\"700\" height=\"525\" srcset=\"https:\/\/images.ifun.de\/wp-content\/uploads\/2026\/09\/Fiido-Nomads-Pro-08-mittelmotor-2500-700x525.jpg 700w, https:\/\/images.ifun.de\/wp-content\/uploads\/2026\/09\/Fiido-Nomads-Pro-08-mittelmotor-2500-500x375.jpg 500w, https:\/\/images.ifun.de\/wp-content\/uploads\/2026\/09\/Fiido-Nomads-Pro-08-mittelmotor-2500-768x576.jpg 768w, https:\/\/images.ifun.de\/wp-content\/uploads\/2026\/09\/Fiido-Nomads-Pro-08-mittelmotor-2500-1536x1152.jpg 1536w, https:\/\/images.ifun.de\/wp-content\/uploads\/2026\/09\/Fiido-Nomads-Pro-08-mittelmotor-2500-2048x1536.jpg 2048w\" sizes=\"auto, (max-width: 700px) 100vw, 700px\" \/><\/a><\/p>\n<h6>Der 100-Nm-Mittelmotor sitzt zentral im Aluminiumrahmen<\/h6>\n<p>In der Praxis funktioniert das vor allem in den unteren Unterst\u00fctzungsstufen angenehm nat\u00fcrlich. Im Eco-Modus wirkt das Nomads Pro nicht so, als w\u00fcrde der Motor das Fahrrad einfach nach vorne schieben. Vielmehr entsteht der Eindruck, dass die eigene Tretleistung verst\u00e4rkt wird. Wer st\u00e4rker in die Pedale tritt, erh\u00e4lt mehr Unterst\u00fctzung. Wer bewusst ruhiger f\u00e4hrt, bekommt entsprechend weniger.<\/p>\n<p>An Leistung mangelt es jedenfalls nicht. Gerade an Steigungen und mit Gep\u00e4ck machen sich die 100 Nm schnell bemerkbar. Im normalen Stadtverkehr reicht h\u00e4ufig bereits Eco aus. Die h\u00f6heren Modi sind vor allem dann sinnvoll, wenn es deutlicher bergauf geht oder zus\u00e4tzliches Gewicht auf dem Gep\u00e4cktr\u00e4ger liegt.<\/p>\n<p><a href=\"https:\/\/images.ifun.de\/wp-content\/uploads\/2026\/09\/nomads-pro-schotter-scaled.jpg\"><img loading=\"lazy\" decoding=\"async\" src=\"https:\/\/images.ifun.de\/wp-content\/uploads\/2026\/09\/nomads-pro-schotter-700x434.jpg\" alt=\"Nomads Pro Schotter\" width=\"700\" height=\"434\" class=\"aligncenter size-large wp-image-288153\" srcset=\"https:\/\/images.ifun.de\/wp-content\/uploads\/2026\/09\/nomads-pro-schotter-700x434.jpg 700w, https:\/\/images.ifun.de\/wp-content\/uploads\/2026\/09\/nomads-pro-schotter-500x310.jpg 500w, https:\/\/images.ifun.de\/wp-content\/uploads\/2026\/09\/nomads-pro-schotter-768x476.jpg 768w, https:\/\/images.ifun.de\/wp-content\/uploads\/2026\/09\/nomads-pro-schotter-1536x953.jpg 1536w, https:\/\/images.ifun.de\/wp-content\/uploads\/2026\/09\/nomads-pro-schotter-2048x1270.jpg 2048w\" sizes=\"auto, (max-width: 700px) 100vw, 700px\" \/><\/a><\/p>\n<h6>Die Federgabel b\u00fcgelt Wurzeln, Kopfsteinpflaster und Gel\u00e4ndestrecken aus<\/h6>\n<p>Auch in den h\u00f6heren Unterst\u00fctzungsstufen bleibt die Kraftentfaltung gut kontrollierbar und setzt nicht unangenehm abrupt ein. Auf l\u00e4ngeren Strecken f\u00fcgt sich die Motorunterst\u00fctzung sauber in die eigene Tretleistung ein. Auch beim \u00dcbergang in den Bereich um 25 km\/h haben wir kein st\u00f6rendes Ein und Aus der Motorleistung wahrgenommen.<\/p>\n<p>Das passt ziemlich gut zu diesem Rad: viel Reserve, wenn man sie braucht, ohne dass der Motor im normalen Fahrbetrieb st\u00e4ndig zeigen muss, was er kann.<\/p>\n<p><video poster=\"\" preload=\"auto\" controls=\"controls\" width=\"100%\" ><source src=\"https:\/\/images.ifun.de\/wp-content\/uploads\/2026\/09\/nomads-pro-fahrvideo-small.mp4#t=0.01\" \/><\/video><\/p>\n<h6>Kein st\u00f6rendes Ein und Aus der Motorleistung <\/h6>\n<h2>Shimano CUES und kr\u00e4ftige Vierkolbenbremsen<\/h2>\n<p>Zur Motorleistung passt die verbaute  <a href=\"https:\/\/bike.shimano.com\/de-DE\/products\/components\/pdp.P-RD-U6000.html\">Shimano-CUES-Schaltung<\/a> mit neun G\u00e4ngen. F\u00fcr Stadtverkehr, flache Abschnitte und st\u00e4rkere Steigungen stehen damit ausreichend Abstufungen zur Verf\u00fcgung. Positiv f\u00e4llt auf, dass die Motorunterst\u00fctzung beim Schaltvorgang kurz reduziert wird.<\/p>\n<p><a href=\"https:\/\/images.ifun.de\/wp-content\/uploads\/2026\/09\/Fiido-Nomads-Pro-27-shimano-2500.jpg\"><img loading=\"lazy\" decoding=\"async\" class=\"aligncenter size-large wp-image-287904\" src=\"https:\/\/images.ifun.de\/wp-content\/uploads\/2026\/09\/Fiido-Nomads-Pro-27-shimano-2500-700x525.jpg\" alt=\"Fiido Nomads Pro 27 Shimano 2500\" width=\"700\" height=\"525\" srcset=\"https:\/\/images.ifun.de\/wp-content\/uploads\/2026\/09\/Fiido-Nomads-Pro-27-shimano-2500-700x525.jpg 700w, https:\/\/images.ifun.de\/wp-content\/uploads\/2026\/09\/Fiido-Nomads-Pro-27-shimano-2500-500x375.jpg 500w, https:\/\/images.ifun.de\/wp-content\/uploads\/2026\/09\/Fiido-Nomads-Pro-27-shimano-2500-768x576.jpg 768w, https:\/\/images.ifun.de\/wp-content\/uploads\/2026\/09\/Fiido-Nomads-Pro-27-shimano-2500-1536x1152.jpg 1536w, https:\/\/images.ifun.de\/wp-content\/uploads\/2026\/09\/Fiido-Nomads-Pro-27-shimano-2500-2048x1536.jpg 2048w\" sizes=\"auto, (max-width: 700px) 100vw, 700px\" \/><\/a><\/p>\n<h6>Shimano CUES \u00fcbernimmt die Schaltarbeit mit neun G\u00e4ngen<\/h6>\n<p>Bei den Bremsen gibt es wenig zu meckern. Fiido setzt auf hydraulische Vierkolbenbremsen mit gro\u00dfen Scheiben. Auch mit Gep\u00e4ck l\u00e4sst sich das Nomads Pro kr\u00e4ftig und kontrolliert verz\u00f6gern. Die Bremsleistung wirkt dabei nicht unn\u00f6tig bissig, sondern l\u00e4sst sich gut dosieren. Gerade bei einem Fahrrad dieser Gewichtsklasse ist das wichtiger als besonders sportliche Komponenten.<\/p>\n<h2>Gute Federung, aber unn\u00f6tig viel Kabel am Lenker<\/h2>\n<p>Dass sich das gro\u00dfe Rad trotzdem komfortabel f\u00e4hrt, liegt auch an der Luftfedergabel mit 120 Millimetern Federweg. F\u00fcr ein Trekkingrad ist das bereits vergleichsweise gro\u00dfz\u00fcgig. Schlagl\u00f6cher, Bordsteine, Kopfsteinpflaster und schlechte Radwege werden sp\u00fcrbar entsch\u00e4rft. Auf Schotter und einfachen Waldwegen sorgt die Gabel zus\u00e4tzlich daf\u00fcr, dass das Vorderrad ruhiger bleibt.<\/p>\n<p><a href=\"https:\/\/images.ifun.de\/wp-content\/uploads\/2026\/09\/Fiido-Nomads-Pro-28-federgabel-schalter-2500.jpg\"><img loading=\"lazy\" decoding=\"async\" class=\"aligncenter size-large wp-image-287905\" src=\"https:\/\/images.ifun.de\/wp-content\/uploads\/2026\/09\/Fiido-Nomads-Pro-28-federgabel-schalter-2500-700x525.jpg\" alt=\"Fiido Nomads Pro 28 Federgabel Schalter 2500\" width=\"700\" height=\"525\" srcset=\"https:\/\/images.ifun.de\/wp-content\/uploads\/2026\/09\/Fiido-Nomads-Pro-28-federgabel-schalter-2500-700x525.jpg 700w, https:\/\/images.ifun.de\/wp-content\/uploads\/2026\/09\/Fiido-Nomads-Pro-28-federgabel-schalter-2500-500x375.jpg 500w, https:\/\/images.ifun.de\/wp-content\/uploads\/2026\/09\/Fiido-Nomads-Pro-28-federgabel-schalter-2500-768x576.jpg 768w, https:\/\/images.ifun.de\/wp-content\/uploads\/2026\/09\/Fiido-Nomads-Pro-28-federgabel-schalter-2500-1536x1152.jpg 1536w, https:\/\/images.ifun.de\/wp-content\/uploads\/2026\/09\/Fiido-Nomads-Pro-28-federgabel-schalter-2500-2048x1536.jpg 2048w\" sizes=\"auto, (max-width: 700px) 100vw, 700px\" \/><\/a><\/p>\n<h6>Remote-Lockout bringt Komfort, sorgt aber f\u00fcr mehr Kabel<\/h6>\n<p>Die Federgabel l\u00e4sst sich per Remote-Lockout direkt vom Lenker aus sperren und wieder \u00f6ffnen. Technisch funktioniert das gut und ist bequem, wenn h\u00e4ufig zwischen glattem Asphalt und schlechterem Untergrund gewechselt wird. Fiido l\u00f6st die Bedienung allerdings \u00fcber einen zus\u00e4tzlichen Hebel und einen Bowdenzug zum Gabelkopf.<\/p>\n<p>Sch\u00f6n ist die L\u00f6sung nicht. Am ohnehin schon gut belegten Lenker kommt noch ein Schalter hinzu und das Kabelb\u00fcndel am Vorderbau w\u00e4chst weiter. Wir h\u00e4tten hier einen einfachen Drehschalter direkt an der Federgabel bevorzugt. Das w\u00e4re w\u00e4hrend der Fahrt etwas weniger komfortabel, w\u00fcrde das Cockpit aber deutlich aufger\u00e4umter wirken lassen.<\/p>\n<p><a href=\"https:\/\/images.ifun.de\/wp-content\/uploads\/2026\/09\/Fiido-Nomads-Pro-15-Federgabel-2500.jpg\"><img loading=\"lazy\" decoding=\"async\" class=\"aligncenter size-large wp-image-287906\" src=\"https:\/\/images.ifun.de\/wp-content\/uploads\/2026\/09\/Fiido-Nomads-Pro-15-Federgabel-2500-700x525.jpg\" alt=\"Fiido Nomads Pro 15 Federgabel 2500\" width=\"700\" height=\"525\" srcset=\"https:\/\/images.ifun.de\/wp-content\/uploads\/2026\/09\/Fiido-Nomads-Pro-15-Federgabel-2500-700x525.jpg 700w, https:\/\/images.ifun.de\/wp-content\/uploads\/2026\/09\/Fiido-Nomads-Pro-15-Federgabel-2500-500x375.jpg 500w, https:\/\/images.ifun.de\/wp-content\/uploads\/2026\/09\/Fiido-Nomads-Pro-15-Federgabel-2500-768x576.jpg 768w, https:\/\/images.ifun.de\/wp-content\/uploads\/2026\/09\/Fiido-Nomads-Pro-15-Federgabel-2500-1536x1152.jpg 1536w, https:\/\/images.ifun.de\/wp-content\/uploads\/2026\/09\/Fiido-Nomads-Pro-15-Federgabel-2500-2048x1536.jpg 2048w\" sizes=\"auto, (max-width: 700px) 100vw, 700px\" \/><\/a><\/p>\n<h6>Der Remote-Lockout-Bowdenzug an der Federgabel<\/h6>\n<p>Am Hinterrad gibt es keine zus\u00e4tzliche Federung. Der Komfort kommt hier vor allem \u00fcber die gro\u00dfen Reifen und den Sattel. Die 29 x 2,1 Zoll gro\u00dfen CST-Reifen bieten ausreichend Volumen, um mit angepasstem Luftdruck ebenfalls einen Teil der Unebenheiten aufzunehmen. Gleichzeitig rollen sie deutlich leichter als die breiten Fatbike-Reifen, die bei manchen g\u00fcnstigeren E-Bikes verbaut werden.<\/p>\n<h2>Zwei Rahmengr\u00f6\u00dfen verlangen etwas Aufmerksamkeit<\/h2>\n<p>Fiido bietet das Nomads Pro in den Gr\u00f6\u00dfen M und L an. M wird offiziell f\u00fcr K\u00f6rpergr\u00f6\u00dfen zwischen 170 und 190 Zentimetern empfohlen, L f\u00fcr Fahrer zwischen 180 und 200 Zentimetern. Diese Bereiche \u00fcberschneiden sich stark und helfen bei der Auswahl deshalb nur begrenzt.<\/p>\n<p><a href=\"https:\/\/images.ifun.de\/wp-content\/uploads\/2026\/09\/fiido-nomads-pro-2-rahmengroessen-2500.jpg\"><img loading=\"lazy\" decoding=\"async\" class=\"aligncenter size-large wp-image-287920\" src=\"https:\/\/images.ifun.de\/wp-content\/uploads\/2026\/09\/fiido-nomads-pro-2-rahmengroessen-2500-700x524.jpg\" alt=\"Fiido Nomads Pro 2 Rahmengroessen 2500\" width=\"700\" height=\"524\" srcset=\"https:\/\/images.ifun.de\/wp-content\/uploads\/2026\/09\/fiido-nomads-pro-2-rahmengroessen-2500-700x524.jpg 700w, https:\/\/images.ifun.de\/wp-content\/uploads\/2026\/09\/fiido-nomads-pro-2-rahmengroessen-2500-500x374.jpg 500w, https:\/\/images.ifun.de\/wp-content\/uploads\/2026\/09\/fiido-nomads-pro-2-rahmengroessen-2500-768x574.jpg 768w, https:\/\/images.ifun.de\/wp-content\/uploads\/2026\/09\/fiido-nomads-pro-2-rahmengroessen-2500-1536x1149.jpg 1536w, https:\/\/images.ifun.de\/wp-content\/uploads\/2026\/09\/fiido-nomads-pro-2-rahmengroessen-2500-2048x1532.jpg 2048w\" sizes=\"auto, (max-width: 700px) 100vw, 700px\" \/><\/a><\/p>\n<h6>Trotz 182 cm Fahrergr\u00f6\u00dfe war die M-Variante in unserem Fall die richtige Entscheidung<\/h6>\n<p>Hinzu kommt, dass sich die Geometrie der beiden Gr\u00f6\u00dfen nicht einfach proportional ver\u00e4ndert. Wer im \u00dcberschneidungsbereich liegt, sollte deshalb genauer auf Sitzposition und Reichweite zum Lenker achten. Der verstellbare Vorbau schafft hier zumindest etwas Spielraum und erlaubt es, die Haltung nach dem Aufbau anzupassen.<\/p>\n<p>Generell w\u00fcrden wir bei kleineren Fahrern eher zu M und bei deutlich \u00fcber 1,80 Meter gro\u00dfen Nutzern eher zu L tendieren. Wer genau zwischen beiden Gr\u00f6\u00dfen liegt, sollte tendenziell eher zur kleineren Ausgabe greifen. Das gilt insbesondere deshalb, weil das Nomads Pro bereits in der kleineren Variante ein gro\u00dfes Fahrrad bleibt.<\/p>\n<h2>Der Standardakku f\u00e4llt f\u00fcr den Tourenanspruch eher klein aus<\/h2>\n<p>Etwas \u00fcberraschend ist der serienm\u00e4\u00dfige Akku. Mit 417,6 Wh geh\u00f6rt er nicht zu den besonders gro\u00dfen Energiespeichern. Bei einem 26 Kilogramm schweren Trekkingrad mit 100-Nm-Mittelmotor h\u00e4tten wir auf dem Datenblatt zun\u00e4chst mit etwas mehr Kapazit\u00e4t gerechnet.<\/p>\n<p><a href=\"https:\/\/images.ifun.de\/wp-content\/uploads\/2026\/09\/Fiido-Nomads-Pro-32-akku-2500.jpg\"><img loading=\"lazy\" decoding=\"async\" class=\"aligncenter size-large wp-image-287908\" src=\"https:\/\/images.ifun.de\/wp-content\/uploads\/2026\/09\/Fiido-Nomads-Pro-32-akku-2500-700x525.jpg\" alt=\"Fiido Nomads Pro 32 Akku 2500\" width=\"700\" height=\"525\" srcset=\"https:\/\/images.ifun.de\/wp-content\/uploads\/2026\/09\/Fiido-Nomads-Pro-32-akku-2500-700x525.jpg 700w, https:\/\/images.ifun.de\/wp-content\/uploads\/2026\/09\/Fiido-Nomads-Pro-32-akku-2500-500x375.jpg 500w, https:\/\/images.ifun.de\/wp-content\/uploads\/2026\/09\/Fiido-Nomads-Pro-32-akku-2500-768x576.jpg 768w, https:\/\/images.ifun.de\/wp-content\/uploads\/2026\/09\/Fiido-Nomads-Pro-32-akku-2500-1536x1152.jpg 1536w, https:\/\/images.ifun.de\/wp-content\/uploads\/2026\/09\/Fiido-Nomads-Pro-32-akku-2500-2048x1536.jpg 2048w\" sizes=\"auto, (max-width: 700px) 100vw, 700px\" \/><\/a><\/p>\n<h6>Der herausnehmbare Rahmenakku stellt 417,6 Wh bereit<\/h6>\n<p>Fiido nennt bis zu 75 Kilometer Reichweite mit einem Akku. Solche Angaben testen wir grunds\u00e4tzlich nicht bis zur vollst\u00e4ndigen Entladung. Fahrergewicht, Au\u00dfentemperatur, Wind, Reifenluftdruck, Steigungen und Unterst\u00fctzungsstufe beeinflussen die tats\u00e4chlich erreichbare Strecke zu stark, um aus einem einzelnen Testwert eine allgemeing\u00fcltige Aussage abzuleiten.<\/p>\n<p>F\u00fcr den Alltag wichtiger ist ohnehin, dass sich der Akku herausnehmen l\u00e4sst. Wer am Fahrradstellplatz keine Steckdose besitzt, kann ihn einfach mit in die Wohnung nehmen. Der Akku wiegt rund drei Kilogramm. Vollst\u00e4ndig geladen wird er mit einem 36-Volt-Ladeger\u00e4t mit 2 Ampere. Daf\u00fcr sollte man grob sechs Stunden einplanen.<\/p>\n<h2>Bis zu drei Akkus erweitern die Reichweite deutlich<\/h2>\n<p>Interessanter wird das Akkukonzept durch den Gep\u00e4cktr\u00e4ger. Fiido hat ein System entwickelt, \u00fcber das sich zwei zus\u00e4tzliche baugleiche Akkus am Fahrrad befestigen lassen. Zusammen mit dem Akku im Rahmen stehen dann 1.252,8 Wh zur Verf\u00fcgung.<\/p>\n<p><a href=\"https:\/\/images.ifun.de\/wp-content\/uploads\/2026\/09\/fiido-nomads-zusatzakkus.png\"><img loading=\"lazy\" decoding=\"async\" class=\"aligncenter size-full wp-image-287909\" src=\"https:\/\/images.ifun.de\/wp-content\/uploads\/2026\/09\/fiido-nomads-zusatzakkus.png\" alt=\"Fiido Nomads Zusatzakkus\" width=\"1000\" height=\"513\" srcset=\"https:\/\/images.ifun.de\/wp-content\/uploads\/2026\/09\/fiido-nomads-zusatzakkus.png 1000w, https:\/\/images.ifun.de\/wp-content\/uploads\/2026\/09\/fiido-nomads-zusatzakkus-500x257.png 500w, https:\/\/images.ifun.de\/wp-content\/uploads\/2026\/09\/fiido-nomads-zusatzakkus-700x359.png 700w, https:\/\/images.ifun.de\/wp-content\/uploads\/2026\/09\/fiido-nomads-zusatzakkus-768x394.png 768w\" sizes=\"auto, (max-width: 1000px) 100vw, 1000px\" \/><\/a><\/p>\n<h6>Herstellerbild: Mit zwei Zusatzakkus w\u00e4chst die Kapazit\u00e4t auf 1.252,8 Wh<\/h6>\n<p>Fiido bewirbt diese Konfiguration mit bis zu 225 Kilometern Reichweite. Auch diesen Wert w\u00fcrden wir eher als theoretische Obergrenze unter g\u00fcnstigen Bedingungen betrachten. Der interessantere Punkt ist ohnehin, dass sich die Akkukapazit\u00e4t an den jeweiligen Einsatz anpassen l\u00e4sst.<\/p>\n<p>Im Alltag f\u00e4hrt man einfach mit dem einzelnen Akku und schleppt kein zus\u00e4tzliches Gewicht mit. Vor einer l\u00e4ngeren Tour oder Radreise k\u00f6nnen ein oder zwei weitere Akkus erg\u00e4nzt werden. Der Ansatz hat damit einen praktischen Vorteil gegen\u00fcber einem fest eingebauten Gro\u00dfakku: Wer die zus\u00e4tzliche Kapazit\u00e4t nicht braucht, muss sie auch nicht auf jeder kurzen Fahrt mitbewegen.<\/p>\n<p>Ganz billig ist diese Flexibilit\u00e4t allerdings nicht. Die Variante mit zwei zus\u00e4tzlichen Akkus wird f\u00fcr 2.699 Euro angeboten und kostet damit 700 Euro mehr als das Standardmodell. Au\u00dferdem erh\u00f6hen die beiden zus\u00e4tzlichen Akkus das Gewicht erheblich.<\/p>\n<p><a href=\"https:\/\/images.ifun.de\/wp-content\/uploads\/2026\/09\/fiido-nomads-pro-2-akku.jpg\"><img loading=\"lazy\" decoding=\"async\" class=\"aligncenter size-large wp-image-287913\" src=\"https:\/\/images.ifun.de\/wp-content\/uploads\/2026\/09\/fiido-nomads-pro-2-akku-700x502.jpg\" alt=\"Fiido Nomads Pro 2 Akku\" width=\"700\" height=\"502\" srcset=\"https:\/\/images.ifun.de\/wp-content\/uploads\/2026\/09\/fiido-nomads-pro-2-akku-700x502.jpg 700w, https:\/\/images.ifun.de\/wp-content\/uploads\/2026\/09\/fiido-nomads-pro-2-akku-500x359.jpg 500w, https:\/\/images.ifun.de\/wp-content\/uploads\/2026\/09\/fiido-nomads-pro-2-akku-768x551.jpg 768w, https:\/\/images.ifun.de\/wp-content\/uploads\/2026\/09\/fiido-nomads-pro-2-akku.jpg 1505w\" sizes=\"auto, (max-width: 700px) 100vw, 700px\" \/><\/a><\/p>\n<h6>Herstellerbild: Der Gep\u00e4cktr\u00e4ger nimmt Taschen und bei Bedarf Zusatzakkus auf<\/h6>\n<p>F\u00fcr t\u00e4gliche Fahrten zur Arbeit oder normale Wochenendtouren halten wir das Paket deshalb f\u00fcr unn\u00f6tig. F\u00fcr lange Tagesetappen oder mehrt\u00e4gige Reisen ist die Option dagegen durchaus interessant, auch wenn Gewicht und Aufpreis deutlich steigen.<\/p>\n<p>Der stabile Gep\u00e4cktr\u00e4ger bleibt auch ohne Zusatzakkus praktisch. Je nach Angabe darf er mit etwa 25 Kilogramm belastet werden. Packtaschen, Einkauf oder anderes Tourengep\u00e4ck lassen sich entsprechend transportieren. Auch geeignete Kindersitze und Anh\u00e4nger k\u00f6nnen laut Fiido verwendet werden.<\/p>\n<h2>Schutzbleche, Licht und Schloss sind bereits an Bord<\/h2>\n<p>Nachr\u00fcsten muss man zun\u00e4chst wenig. Schutzbleche, Gep\u00e4cktr\u00e4ger, Seitenst\u00e4nder, Front- und R\u00fccklicht sowie ein mechanisches Rahmenschloss geh\u00f6ren bereits zum Lieferumfang. Wer das Nomads Pro haupts\u00e4chlich zum Pendeln nutzen m\u00f6chte, kann damit direkt losfahren, ohne zuerst die \u00fcbliche Grundausstattung zusammensuchen zu m\u00fcssen.<\/p>\n<p><a href=\"https:\/\/images.ifun.de\/wp-content\/uploads\/2026\/09\/Fiido-Nomads-Pro-36-cockpit-2-2500.jpg\"><img loading=\"lazy\" decoding=\"async\" class=\"aligncenter size-full wp-image-287910\" src=\"https:\/\/images.ifun.de\/wp-content\/uploads\/2026\/09\/Fiido-Nomads-Pro-36-cockpit-2-2500.jpg\" alt=\"Fiido Nomads Pro 36 Cockpit 2 2500\" width=\"2500\" height=\"1875\" srcset=\"https:\/\/images.ifun.de\/wp-content\/uploads\/2026\/09\/Fiido-Nomads-Pro-36-cockpit-2-2500.jpg 2500w, https:\/\/images.ifun.de\/wp-content\/uploads\/2026\/09\/Fiido-Nomads-Pro-36-cockpit-2-2500-500x375.jpg 500w, https:\/\/images.ifun.de\/wp-content\/uploads\/2026\/09\/Fiido-Nomads-Pro-36-cockpit-2-2500-700x525.jpg 700w, https:\/\/images.ifun.de\/wp-content\/uploads\/2026\/09\/Fiido-Nomads-Pro-36-cockpit-2-2500-768x576.jpg 768w, https:\/\/images.ifun.de\/wp-content\/uploads\/2026\/09\/Fiido-Nomads-Pro-36-cockpit-2-2500-1536x1152.jpg 1536w, https:\/\/images.ifun.de\/wp-content\/uploads\/2026\/09\/Fiido-Nomads-Pro-36-cockpit-2-2500-2048x1536.jpg 2048w\" sizes=\"auto, (max-width: 2500px) 100vw, 2500px\" \/><\/a><\/p>\n<h6>Zwischen den Unterst\u00fctzungsstufen l\u00e4sst sich direkt am Lenker w\u00e4hlen<\/h6>\n<p>Das Rahmenschloss blockiert das Hinterrad und eignet sich f\u00fcr einen kurzen Stopp. Bei einem Fahrrad f\u00fcr 1.999 Euro w\u00fcrden wir es allerdings nicht als alleinige Diebstahlsicherung verwenden. Ein stabiles zus\u00e4tzliches Schloss bleibt, nicht nur im Berliner Stadtgebiet, aus unserer Sicht Pflicht.<\/p>\n<p>Die Beleuchtung wird \u00fcber den Fahrradakku versorgt und l\u00e4sst sich direkt \u00fcber die Bedieneinheit einschalten. F\u00fcr normale Stadtfahrten und beleuchtete Wege reicht das System aus. Wer regelm\u00e4\u00dfig schnell \u00fcber komplett dunkle Waldwege f\u00e4hrt, d\u00fcrfte mit einem zus\u00e4tzlichen st\u00e4rkeren Frontlicht besser bedient sein.<\/p>\n<h2>Display und App halten sich angenehm im Hintergrund<\/h2>\n<p>Das kleine Farbdisplay sitzt mittig am Lenker und zeigt Geschwindigkeit, Unterst\u00fctzungsstufe, Fahrdaten und den Akkustand an. Gut gef\u00e4llt uns, dass der Ladezustand als Prozentwert dargestellt wird. Das ist deutlich informativer als die bei vielen g\u00fcnstigen E-Bikes noch immer \u00fcblichen vier oder f\u00fcnf Balken.<\/p>\n<p><video poster=\"\" preload=\"auto\" autoplay=\"autoplay\" loop=\"loop\" muted=\"\" controls=\"controls\" width=\"100%\" ><source src=\"https:\/\/images.ifun.de\/wp-content\/uploads\/2026\/09\/Fiido-Nomads-Pro-35-Display.mp4\" \/><\/video><\/p>\n<h6>Das Farbdisplay zeigt Tempo, Fahrmodus und Akkustand in Prozent<\/h6>\n<p>Bedient wird das Fahrrad \u00fcber physische Tasten am Lenker. Licht, Unterst\u00fctzungsstufen und Schiebehilfe lassen sich erreichen, ohne w\u00e4hrend der Fahrt auf einem Touchscreen herumtippen zu m\u00fcssen. Uns ist diese klassische Bedienung weiterhin lieber.<\/p>\n<p>Wie schon beim T2 bietet Fiido zus\u00e4tzlich eine App an. Sie zeichnet Fahrten auf, zeigt Kilometerst\u00e4nde und Akkudaten und erlaubt verschiedene Einstellungen. \u00dcber die App k\u00f6nnen zudem weitere Unterst\u00fctzungsstufen freigeschaltet und das Einschalten des Fahrrads blockiert werden. F\u00fcr die normale Nutzung ist die Anwendung aber nicht erforderlich. Alle wesentlichen Funktionen stehen direkt am Rad zur Verf\u00fcgung.<\/p>\n<p><a href=\"https:\/\/images.ifun.de\/wp-content\/uploads\/2026\/09\/Fiido-Nomads-Pro-43-App-2500.jpg\"><img loading=\"lazy\" decoding=\"async\" class=\"aligncenter size-large wp-image-287912\" src=\"https:\/\/images.ifun.de\/wp-content\/uploads\/2026\/09\/Fiido-Nomads-Pro-43-App-2500-685x700.jpg\" alt=\"Fiido Nomads Pro 43 App 2500\" width=\"685\" height=\"700\" srcset=\"https:\/\/images.ifun.de\/wp-content\/uploads\/2026\/09\/Fiido-Nomads-Pro-43-App-2500-685x700.jpg 685w, https:\/\/images.ifun.de\/wp-content\/uploads\/2026\/09\/Fiido-Nomads-Pro-43-App-2500-489x500.jpg 489w, https:\/\/images.ifun.de\/wp-content\/uploads\/2026\/09\/Fiido-Nomads-Pro-43-App-2500-768x785.jpg 768w, https:\/\/images.ifun.de\/wp-content\/uploads\/2026\/09\/Fiido-Nomads-Pro-43-App-2500-1503x1536.jpg 1503w, https:\/\/images.ifun.de\/wp-content\/uploads\/2026\/09\/Fiido-Nomads-Pro-43-App-2500-2004x2048.jpg 2004w\" sizes=\"auto, (max-width: 685px) 100vw, 685px\" \/><\/a><\/p>\n<h6>Die Fiido-App liefert Fahrdaten und zus\u00e4tzliche Einstellungen<\/h6>\n<h2>In Frankreich montiert und mit zwei Jahren Garantie<\/h2>\n<p>Fiido gibt an, dass ausgew\u00e4hlte Modelle f\u00fcr den europ\u00e4ischen Markt in Frankreich montiert werden. Dazu geh\u00f6rt auch das Nomads Pro. Das Rad wird mit zwei Jahren Garantie angeboten, Verschlei\u00dfteile sind davon ausgenommen. F\u00fcr europ\u00e4ische K\u00e4ufer ist zudem relevant, dass Fiido inzwischen nicht mehr nur \u00fcber einen anonym wirkenden Importauftritt verkauft.<\/p>\n<p><div class=\"responsive-video\"><iframe loading=\"lazy\" src=\"https:\/\/www.ifun.de\/yt\/index.html?v=WfcWsRcPQrU\" title=\"How to Assemble &amp; Use the Fiido Nomads Pro ebike\" width=\"500\" height=\"281\" allow=\"autoplay; fullscreen; picture-in-picture; encrypted-media\" referrerpolicy=\"strict-origin-when-cross-origin\" allowfullscreen><\/iframe><\/div><\/p>\n<h6>Die Montage des Fiido Nomads Pro nimmt etwa 30 Minuten in Anspruch<\/h6>\n<p>Genau dieser Punkt war uns bereits bei unserer <a href=\"https:\/\/www.ifun.de\/fiido-app-ersatzteile-und-eigenes-zubehoer-als-alternative-zu-teuren-e-bikes-274444\/\">ersten Besch\u00e4ftigung mit dem Hersteller<\/a> wichtig. G\u00fcnstige E-Bikes gibt es inzwischen viele. Interessanter ist die Frage, ob sich Monate oder Jahre sp\u00e4ter noch Ersatzteile bestellen lassen und ob der Hersteller nach dem Verkauf \u00fcberhaupt noch erreichbar ist.<\/p>\n<p>Bei Fiido hatten wir bislang weniger das Gef\u00fchl, nach dem Kauf auf uns allein gestellt zu sein, als bei manchen anderen Direktversendern dieser Preisklasse. Ersatzteile werden offen angeboten, Zubeh\u00f6r bleibt verf\u00fcgbar und das Sortiment besteht inzwischen aus deutlich mehr als nur einzelnen Importmodellen. Ein mit klassischen Fahrradmarken vergleichbares H\u00e4ndlernetz gibt es allerdings nicht. Wer Service grunds\u00e4tzlich beim H\u00e4ndler um die Ecke erledigen lassen m\u00f6chte, sollte vor dem Kauf pr\u00fcfen, welche Werkstatt das Rad und die verwendeten Komponenten betreut.<\/p>\n<h2>1.999 Euro sind f\u00fcr Fiido viel, im Markt aber nicht ungew\u00f6hnlich<\/h2>\n<p>Mit einem Preis von 1.999 Euro geh\u00f6rt das Nomads Pro zu den teureren Fiido-Modellen. Wir haben den Hersteller bislang vor allem als <a href=\"https:\/\/www.awin1.com\/cread.php?awinmid=85523&amp;awinaffid=399545&amp;ued=https%3A%2F%2Fde.fiido.com%2Fcollections%2Fe-fahrrad\">Anbieter g\u00fcnstiger E-Bikes<\/a> im Bereich um 1.000 bis 1.500 Euro wahrgenommen.<\/p>\n<p><a href=\"https:\/\/images.ifun.de\/wp-content\/uploads\/2026\/09\/fiido-nomads-pro-2-bremsscheiben-scaled.jpeg\"><img loading=\"lazy\" decoding=\"async\" class=\"aligncenter size-large wp-image-287916\" src=\"https:\/\/images.ifun.de\/wp-content\/uploads\/2026\/09\/fiido-nomads-pro-2-bremsscheiben-700x525.jpeg\" alt=\"Fiido Nomads Pro 2 Bremsscheiben\" width=\"700\" height=\"525\" srcset=\"https:\/\/images.ifun.de\/wp-content\/uploads\/2026\/09\/fiido-nomads-pro-2-bremsscheiben-700x525.jpeg 700w, https:\/\/images.ifun.de\/wp-content\/uploads\/2026\/09\/fiido-nomads-pro-2-bremsscheiben-500x375.jpeg 500w, https:\/\/images.ifun.de\/wp-content\/uploads\/2026\/09\/fiido-nomads-pro-2-bremsscheiben-768x576.jpeg 768w, https:\/\/images.ifun.de\/wp-content\/uploads\/2026\/09\/fiido-nomads-pro-2-bremsscheiben-1536x1152.jpeg 1536w, https:\/\/images.ifun.de\/wp-content\/uploads\/2026\/09\/fiido-nomads-pro-2-bremsscheiben-2048x1536.jpeg 2048w\" sizes=\"auto, (max-width: 700px) 100vw, 700px\" \/><\/a><\/p>\n<h6>Gro\u00dfe Bremsscheiben und Vierkolbenbremsen verz\u00f6gern kr\u00e4ftig<\/h6>\n<p>1.999 Euro sind f\u00fcr ein Fiido also viel. Bei Trekking-E-Bikes mit Mittelmotor ist der Betrag allerdings keineswegs ungew\u00f6hnlich. Das <a href=\"https:\/\/www.ifun.de\/ago-performance-tenways-bringt-neues-trekking-e-bike-mit-bosch-system-278859\/\">TENWAYS AGO Performance<\/a> startet beispielsweise bei 3.299 Euro und setzt daf\u00fcr auf Bosch-Mittelmotor, Enviolo-Nabenschaltung und Gates-Riemen. Fahrr\u00e4der etablierter Marken mit vergleichbarer Motorleistung und hochwertiger Trekkingausstattung liegen ebenfalls schnell deutlich oberhalb der 2.000-Euro-Marke.<\/p>\n<p>Fiido erreicht den niedrigeren Preis unter anderem dadurch, dass neben der Shimano-Schaltung mehrere Komponenten von Herstellern stammen, die in Europa weniger bekannt sind. Auch bei der Motorabstimmung und manchen Details der Verarbeitung bleibt ein Abstand zu deutlich teureren R\u00e4dern bestehen. Daf\u00fcr geh\u00f6ren Luftfedergabel, Vierkolbenbremsen, 100-Nm-Mittelmotor, Gep\u00e4cktr\u00e4ger, Beleuchtung und Schutzbleche bereits zur Serienausstattung. Bei Kabelf\u00fchrung, Cockpit und einzelnen Anbauteilen merkt man allerdings auch, wo gegen\u00fcber teureren Trekkingr\u00e4dern gespart wird.<\/p>\n<h2>Das Nomads Pro best\u00e4tigt unseren bisherigen Fiido-Eindruck<\/h2>\n<p>Nach unseren <a href=\"https:\/\/www.ifun.de\/fiido-t2-e-lastenrad-275672\/\">guten Erfahrungen mit dem T2<\/a> war die Erwartung an das Nomads Pro entsprechend h\u00f6her als noch bei unserem ersten Kontakt mit Fiido. Damals wollten wir zun\u00e4chst herausfinden, ob hinter den g\u00fcnstigen Preisen \u00fcberhaupt ein Hersteller steht, bei dem Ersatzteile, Service und Produktpflege \u00fcber den eigentlichen Verkauf hinaus eine Rolle spielen.<\/p>\n<p><a href=\"https:\/\/images.ifun.de\/wp-content\/uploads\/2026\/09\/Fiido-Nomads-Pro-04-vollbild.jpg\"><img loading=\"lazy\" decoding=\"async\" class=\"aligncenter size-large wp-image-287907\" src=\"https:\/\/images.ifun.de\/wp-content\/uploads\/2026\/09\/Fiido-Nomads-Pro-04-vollbild-700x525.jpg\" alt=\"Fiido Nomads Pro 04 Vollbild\" width=\"700\" height=\"525\" srcset=\"https:\/\/images.ifun.de\/wp-content\/uploads\/2026\/09\/Fiido-Nomads-Pro-04-vollbild-700x525.jpg 700w, https:\/\/images.ifun.de\/wp-content\/uploads\/2026\/09\/Fiido-Nomads-Pro-04-vollbild-500x375.jpg 500w, https:\/\/images.ifun.de\/wp-content\/uploads\/2026\/09\/Fiido-Nomads-Pro-04-vollbild-768x576.jpg 768w, https:\/\/images.ifun.de\/wp-content\/uploads\/2026\/09\/Fiido-Nomads-Pro-04-vollbild-1536x1152.jpg 1536w, https:\/\/images.ifun.de\/wp-content\/uploads\/2026\/09\/Fiido-Nomads-Pro-04-vollbild-2048x1536.jpg 2048w\" sizes=\"auto, (max-width: 700px) 100vw, 700px\" \/><\/a><\/p>\n<h6>Das Nomads Pro verbindet Tourenausstattung mit robustem Rahmen<\/h6>\n<p>Das T2 hat diese Skepsis in unserem Alltag weitgehend ausger\u00e4umt. Das Longtail bringt weiterhin regelm\u00e4\u00dfig die Kinder zu Schule und Kindergarten und steckt Berliner Stra\u00dfen, Regen und Familienbetrieb bislang ohne gr\u00f6\u00dfere Probleme weg. Dass wir das Modell inzwischen auch au\u00dferhalb unseres eigenen Fahrradschuppens h\u00e4ufiger sehen, passt zu diesem Eindruck.<\/p>\n<p><a href=\"https:\/\/www.awin1.com\/cread.php?awinmid=85523&amp;awinaffid=399545&amp;ued=https%3A%2F%2Fde.fiido.com%2Fproducts%2Felectric-trekking-touring-bike-nomads-pro\">Das Nomads Pro<\/a> setzt an einer anderen Stelle an. Es ist gr\u00f6\u00dfer, technisch aufwendiger und mit 1.999 Euro deutlich teurer. Daf\u00fcr gibt es viel Fahrrad und vor allem einen kr\u00e4ftigen, gut abgestimmten Antrieb. Gleichzeitigableiben Details, an denen sich der niedrigere Preis gegen\u00fcber teureren Trekkingr\u00e4dern zeigt: das volle Cockpit, die eher kleine Serienbatterie und Komponenten, die hierzulande weniger verbreitet sind.<\/p>\n<ul>\n<li><a href=\"https:\/\/www.awin1.com\/cread.php?awinmid=85523&amp;awinaffid=399545&amp;ued=https%3A%2F%2Fde.fiido.com%2Fproducts%2Felectric-trekking-touring-bike-nomads-pro\">Fiido-Produktseite zum Nomads Pro<\/a><\/li>\n<li><a href=\"https:\/\/www.awin1.com\/cread.php?awinmid=85523&amp;awinaffid=399545&amp;ued=https:\/\/de.fiido.com\/collections\/noamds\">Ersatzteil-\u00dcbersicht Nomads Pro<\/a><\/li>\n<\/ul>\n<p>Wer jeden Morgen nur ein paar Kilometer durchs Viertel f\u00e4hrt, braucht weder 100 Nm noch 120 Millimeter Federweg und d\u00fcrfte bei Fiido oder anderen Herstellern g\u00fcnstiger einsteigen k\u00f6nnen. Auf l\u00e4ngeren Arbeitswegen, mit Gep\u00e4ck und sobald der Asphalt schlechter wird oder es bergauf geht, ergibt das Nomads Pro deutlich mehr Sinn. Dann kommen vor allem der kr\u00e4ftige Mittelmotor, die gro\u00dfen Laufr\u00e4der, die Federung und die M\u00f6glichkeit zus\u00e4tzlicher Akkus zum Tragen.<\/p>\n","protected":false},"excerpt":{"rendered":"<a href=\"https:\/\/www.ifun.de\/fiido-nomads-pro-e-bike-test-287891\/\"><img width=\"150\" height=\"150\" src=\"https:\/\/images.ifun.de\/wp-content\/uploads\/2026\/09\/nomads-pro-feature-feature-150x150.jpg\" class=\"alignright tfe wp-post-image\" alt=\"Nomads Pro Feature Feature\" decoding=\"async\" loading=\"lazy\" \/><\/a><p>Mit dem Nomads Pro hat Fiido sein Angebot um ein Trekking-E-Bike erweitert, das sich deutlich oberhalb der bislang von uns gefahrenen Modelle positioniert. Das Rad kostet im Direktvertrieb des Herstellers 1.999 Euro und kombiniert einen 250-Watt-Mittelmotor mit 100 Nm Drehmoment, Shimano-CUES-Schaltung, Luftfedergabel und hydraulischen Vierkolbenbremsen. Das Nomads Pro zielt damit weniger auf kurze Wege zum [&hellip;]<\/p>\n","protected":false},"author":1,"featured_media":288150,"comment_status":"open","ping_status":"closed","sticky":false,"template":"","format":"standard","meta":{"footnotes":""},"categories":[1],"tags":[5641,7084,7595,7596,7593,7597,7594],"class_list":["post-287891","post","type-post","status-publish","format-standard","has-post-thumbnail","hentry","category-news","tag-e-bike","tag-fiido","tag-mittelmotor","tag-mivice","tag-nomads-pro","tag-shimano-cues","tag-trekking-e-bike"],"aioseo_notices":[],"aioseo_head":"\n\t\t<!-- All in One SEO Pro 5.0.1.1 - aioseo.com -->\n\t<meta name=\"description\" content=\"Das Fiido Nomads Pro kombiniert 100-Nm-Mittelmotor, Luftfedergabel, Shimano CUES und erweiterbaren Akku f\u00fcr Pendelstrecken und Touren.\" \/>\n\t<meta name=\"robots\" content=\"max-image-preview:large\" \/>\n\t<meta name=\"author\" content=\"Nicolas\"\/>\n\t<meta name=\"google-site-verification\" content=\"uH_IhWlZO-QDb51DGwVoGT_GCZmfJp98klL3XmbE3ow\" \/>\n\t<link rel=\"canonical\" href=\"https:\/\/www.ifun.de\/fiido-nomads-pro-e-bike-test-287891\/\" \/>\n\t<meta name=\"generator\" content=\"All in One SEO Pro (AIOSEO) 5.0.1.1\" \/>\n\t\t<meta property=\"og:locale\" content=\"de_DE\" \/>\n\t\t<meta property=\"og:site_name\" content=\"ifun.de | Apple-News seit 2001\" \/>\n\t\t<meta property=\"og:type\" content=\"article\" \/>\n\t\t<meta property=\"og:title\" content=\"Fiido Nomads Pro macht Laune: E-Bike mit App, Farbdisplay und 100 Nm | ifun.de\" \/>\n\t\t<meta property=\"og:description\" content=\"Das Fiido Nomads Pro kombiniert 100-Nm-Mittelmotor, Luftfedergabel, Shimano CUES und erweiterbaren Akku f\u00fcr Pendelstrecken und Touren.\" \/>\n\t\t<meta property=\"og:url\" content=\"https:\/\/www.ifun.de\/fiido-nomads-pro-e-bike-test-287891\/\" \/>\n\t\t<meta property=\"og:image\" content=\"https:\/\/images.ifun.de\/wp-content\/uploads\/2026\/09\/nomads-pro-feature-feature.jpg\" \/>\n\t\t<meta property=\"og:image:secure_url\" content=\"https:\/\/images.ifun.de\/wp-content\/uploads\/2026\/09\/nomads-pro-feature-feature.jpg\" \/>\n\t\t<meta property=\"og:image:width\" content=\"960\" \/>\n\t\t<meta property=\"og:image:height\" content=\"378\" \/>\n\t\t<meta property=\"article:published_time\" content=\"2026-09-04T17:30:06+00:00\" \/>\n\t\t<meta property=\"article:modified_time\" content=\"2026-09-04T17:30:06+00:00\" \/>\n\t\t<meta property=\"article:publisher\" content=\"https:\/\/facebook.com\/ifun.de\" \/>\n\t\t<meta name=\"twitter:card\" content=\"summary_large_image\" \/>\n\t\t<meta name=\"twitter:site\" content=\"@ifun_news\" \/>\n\t\t<meta name=\"twitter:title\" content=\"Fiido Nomads Pro macht Laune: E-Bike mit App, Farbdisplay und 100 Nm | ifun.de\" \/>\n\t\t<meta name=\"twitter:description\" content=\"Das Fiido Nomads Pro kombiniert 100-Nm-Mittelmotor, Luftfedergabel, Shimano CUES und erweiterbaren Akku f\u00fcr Pendelstrecken und Touren.\" \/>\n\t\t<meta name=\"twitter:creator\" content=\"@ifun_news\" \/>\n\t\t<meta name=\"twitter:image\" content=\"https:\/\/images.ifun.de\/wp-content\/uploads\/2026\/09\/nomads-pro-feature-feature.jpg\" \/>\n\t\t<script type=\"application\/ld+json\" class=\"aioseo-schema\">\n\t\t\t{\"@context\":\"https:\\\/\\\/schema.org\",\"@graph\":[{\"@type\":\"Article\",\"@id\":\"https:\\\/\\\/www.ifun.de\\\/fiido-nomads-pro-e-bike-test-287891\\\/#article\",\"name\":\"Fiido Nomads Pro macht Laune: E-Bike mit App, Farbdisplay und 100 Nm | ifun.de\",\"headline\":\"Fiido Nomads Pro macht Laune: E-Bike mit App, Farbdisplay und 100 Nm\",\"author\":{\"@id\":\"https:\\\/\\\/www.ifun.de\\\/author\\\/admin\\\/#author\"},\"publisher\":{\"@id\":\"https:\\\/\\\/www.ifun.de\\\/#organization\"},\"image\":{\"@type\":\"ImageObject\",\"url\":\"https:\\\/\\\/images.ifun.de\\\/wp-content\\\/uploads\\\/2026\\\/09\\\/nomads-pro-feature-feature.jpg\",\"width\":960,\"height\":378,\"caption\":\"Nomads Pro Feature Feature\"},\"datePublished\":\"2026-09-04T19:30:06+02:00\",\"dateModified\":\"2026-09-04T19:30:06+02:00\",\"inLanguage\":\"de-DE\",\"commentCount\":1,\"mainEntityOfPage\":{\"@id\":\"https:\\\/\\\/www.ifun.de\\\/fiido-nomads-pro-e-bike-test-287891\\\/#webpage\"},\"isPartOf\":{\"@id\":\"https:\\\/\\\/www.ifun.de\\\/fiido-nomads-pro-e-bike-test-287891\\\/#webpage\"},\"articleSection\":\"News, E-Bike, Fiido, Mittelmotor, Mivice, Nomads Pro, Shimano CUES, Trekking-E-Bike\"},{\"@type\":\"BreadcrumbList\",\"@id\":\"https:\\\/\\\/www.ifun.de\\\/fiido-nomads-pro-e-bike-test-287891\\\/#breadcrumblist\",\"itemListElement\":[{\"@type\":\"ListItem\",\"@id\":\"https:\\\/\\\/www.ifun.de#listItem\",\"position\":1,\"name\":\"Home\",\"item\":\"https:\\\/\\\/www.ifun.de\",\"nextItem\":{\"@type\":\"ListItem\",\"@id\":\"https:\\\/\\\/www.ifun.de\\\/category\\\/news\\\/#listItem\",\"name\":\"News\"}},{\"@type\":\"ListItem\",\"@id\":\"https:\\\/\\\/www.ifun.de\\\/category\\\/news\\\/#listItem\",\"position\":2,\"name\":\"News\",\"item\":\"https:\\\/\\\/www.ifun.de\\\/category\\\/news\\\/\",\"nextItem\":{\"@type\":\"ListItem\",\"@id\":\"https:\\\/\\\/www.ifun.de\\\/fiido-nomads-pro-e-bike-test-287891\\\/#listItem\",\"name\":\"Fiido Nomads Pro macht Laune: E-Bike mit App, Farbdisplay und 100 Nm\"},\"previousItem\":{\"@type\":\"ListItem\",\"@id\":\"https:\\\/\\\/www.ifun.de#listItem\",\"name\":\"Home\"}},{\"@type\":\"ListItem\",\"@id\":\"https:\\\/\\\/www.ifun.de\\\/fiido-nomads-pro-e-bike-test-287891\\\/#listItem\",\"position\":3,\"name\":\"Fiido Nomads Pro macht Laune: E-Bike mit App, Farbdisplay und 100 Nm\",\"previousItem\":{\"@type\":\"ListItem\",\"@id\":\"https:\\\/\\\/www.ifun.de\\\/category\\\/news\\\/#listItem\",\"name\":\"News\"}}]},{\"@type\":\"Organization\",\"@id\":\"https:\\\/\\\/www.ifun.de\\\/#organization\",\"name\":\"ifun.de\",\"description\":\"Apple-News seit 2001\",\"url\":\"https:\\\/\\\/www.ifun.de\\\/\",\"telephone\":\"+493057707123\",\"logo\":{\"@type\":\"ImageObject\",\"url\":\"https:\\\/\\\/images.ifun.de\\\/wp-content\\\/uploads\\\/2026\\\/02\\\/apple-touch-icon.png\",\"@id\":\"https:\\\/\\\/www.ifun.de\\\/fiido-nomads-pro-e-bike-test-287891\\\/#organizationLogo\",\"width\":512,\"height\":512,\"caption\":\"Apple Touch Icon\"},\"image\":{\"@id\":\"https:\\\/\\\/www.ifun.de\\\/fiido-nomads-pro-e-bike-test-287891\\\/#organizationLogo\"},\"sameAs\":[\"https:\\\/\\\/facebook.com\\\/ifun.de\",\"https:\\\/\\\/x.com\\\/ifun_news\"]},{\"@type\":\"Person\",\"@id\":\"https:\\\/\\\/www.ifun.de\\\/author\\\/admin\\\/#author\",\"url\":\"https:\\\/\\\/www.ifun.de\\\/author\\\/admin\\\/\",\"name\":\"Nicolas\"},{\"@type\":\"WebPage\",\"@id\":\"https:\\\/\\\/www.ifun.de\\\/fiido-nomads-pro-e-bike-test-287891\\\/#webpage\",\"url\":\"https:\\\/\\\/www.ifun.de\\\/fiido-nomads-pro-e-bike-test-287891\\\/\",\"name\":\"Fiido Nomads Pro macht Laune: E-Bike mit App, Farbdisplay und 100 Nm | ifun.de\",\"description\":\"Das Fiido Nomads Pro kombiniert 100-Nm-Mittelmotor, Luftfedergabel, Shimano CUES und erweiterbaren Akku f\\u00fcr Pendelstrecken und Touren.\",\"inLanguage\":\"de-DE\",\"isPartOf\":{\"@id\":\"https:\\\/\\\/www.ifun.de\\\/#website\"},\"breadcrumb\":{\"@id\":\"https:\\\/\\\/www.ifun.de\\\/fiido-nomads-pro-e-bike-test-287891\\\/#breadcrumblist\"},\"author\":{\"@id\":\"https:\\\/\\\/www.ifun.de\\\/author\\\/admin\\\/#author\"},\"creator\":{\"@id\":\"https:\\\/\\\/www.ifun.de\\\/author\\\/admin\\\/#author\"},\"image\":{\"@type\":\"ImageObject\",\"url\":\"https:\\\/\\\/images.ifun.de\\\/wp-content\\\/uploads\\\/2026\\\/09\\\/nomads-pro-feature-feature.jpg\",\"@id\":\"https:\\\/\\\/www.ifun.de\\\/fiido-nomads-pro-e-bike-test-287891\\\/#mainImage\",\"width\":960,\"height\":378,\"caption\":\"Nomads Pro Feature Feature\"},\"primaryImageOfPage\":{\"@id\":\"https:\\\/\\\/www.ifun.de\\\/fiido-nomads-pro-e-bike-test-287891\\\/#mainImage\"},\"datePublished\":\"2026-09-04T19:30:06+02:00\",\"dateModified\":\"2026-09-04T19:30:06+02:00\"},{\"@type\":\"WebSite\",\"@id\":\"https:\\\/\\\/www.ifun.de\\\/#website\",\"url\":\"https:\\\/\\\/www.ifun.de\\\/\",\"name\":\"ifun.de\",\"description\":\"Apple-News seit 2001\",\"inLanguage\":\"de-DE\",\"publisher\":{\"@id\":\"https:\\\/\\\/www.ifun.de\\\/#organization\"}}]}\n\t\t<\/script>\n\t\t<!-- All in One SEO Pro -->\r\n\t\t<title>Fiido Nomads Pro macht Laune: E-Bike mit App, Farbdisplay und 100 Nm | ifun.de<\/title>\n\n","aioseo_head_json":{"title":"Fiido Nomads Pro macht Laune: E-Bike mit App, Farbdisplay und 100 Nm | ifun.de","description":"Das Fiido Nomads Pro kombiniert 100-Nm-Mittelmotor, Luftfedergabel, Shimano CUES und erweiterbaren Akku f\u00fcr Pendelstrecken und Touren.","canonical_url":"https:\/\/www.ifun.de\/fiido-nomads-pro-e-bike-test-287891\/","robots":"max-image-preview:large","keywords":"","webmasterTools":{"google-site-verification":"uH_IhWlZO-QDb51DGwVoGT_GCZmfJp98klL3XmbE3ow","miscellaneous":""},"schema":{"@context":"https:\/\/schema.org","@graph":[{"@type":"Article","@id":"https:\/\/www.ifun.de\/fiido-nomads-pro-e-bike-test-287891\/#article","name":"Fiido Nomads Pro macht Laune: E-Bike mit App, Farbdisplay und 100 Nm | ifun.de","headline":"Fiido Nomads Pro macht Laune: E-Bike mit App, Farbdisplay und 100 Nm","author":{"@id":"https:\/\/www.ifun.de\/author\/admin\/#author"},"publisher":{"@id":"https:\/\/www.ifun.de\/#organization"},"image":{"@type":"ImageObject","url":"https:\/\/images.ifun.de\/wp-content\/uploads\/2026\/09\/nomads-pro-feature-feature.jpg","width":960,"height":378,"caption":"Nomads Pro Feature Feature"},"datePublished":"2026-09-04T19:30:06+02:00","dateModified":"2026-09-04T19:30:06+02:00","inLanguage":"de-DE","commentCount":1,"mainEntityOfPage":{"@id":"https:\/\/www.ifun.de\/fiido-nomads-pro-e-bike-test-287891\/#webpage"},"isPartOf":{"@id":"https:\/\/www.ifun.de\/fiido-nomads-pro-e-bike-test-287891\/#webpage"},"articleSection":"News, E-Bike, Fiido, Mittelmotor, Mivice, Nomads Pro, Shimano CUES, Trekking-E-Bike"},{"@type":"BreadcrumbList","@id":"https:\/\/www.ifun.de\/fiido-nomads-pro-e-bike-test-287891\/#breadcrumblist","itemListElement":[{"@type":"ListItem","@id":"https:\/\/www.ifun.de#listItem","position":1,"name":"Home","item":"https:\/\/www.ifun.de","nextItem":{"@type":"ListItem","@id":"https:\/\/www.ifun.de\/category\/news\/#listItem","name":"News"}},{"@type":"ListItem","@id":"https:\/\/www.ifun.de\/category\/news\/#listItem","position":2,"name":"News","item":"https:\/\/www.ifun.de\/category\/news\/","nextItem":{"@type":"ListItem","@id":"https:\/\/www.ifun.de\/fiido-nomads-pro-e-bike-test-287891\/#listItem","name":"Fiido Nomads Pro macht Laune: E-Bike mit App, Farbdisplay und 100 Nm"},"previousItem":{"@type":"ListItem","@id":"https:\/\/www.ifun.de#listItem","name":"Home"}},{"@type":"ListItem","@id":"https:\/\/www.ifun.de\/fiido-nomads-pro-e-bike-test-287891\/#listItem","position":3,"name":"Fiido Nomads Pro macht Laune: E-Bike mit App, Farbdisplay und 100 Nm","previousItem":{"@type":"ListItem","@id":"https:\/\/www.ifun.de\/category\/news\/#listItem","name":"News"}}]},{"@type":"Organization","@id":"https:\/\/www.ifun.de\/#organization","name":"ifun.de","description":"Apple-News seit 2001","url":"https:\/\/www.ifun.de\/","telephone":"+493057707123","logo":{"@type":"ImageObject","url":"https:\/\/images.ifun.de\/wp-content\/uploads\/2026\/02\/apple-touch-icon.png","@id":"https:\/\/www.ifun.de\/fiido-nomads-pro-e-bike-test-287891\/#organizationLogo","width":512,"height":512,"caption":"Apple Touch Icon"},"image":{"@id":"https:\/\/www.ifun.de\/fiido-nomads-pro-e-bike-test-287891\/#organizationLogo"},"sameAs":["https:\/\/facebook.com\/ifun.de","https:\/\/x.com\/ifun_news"]},{"@type":"Person","@id":"https:\/\/www.ifun.de\/author\/admin\/#author","url":"https:\/\/www.ifun.de\/author\/admin\/","name":"Nicolas"},{"@type":"WebPage","@id":"https:\/\/www.ifun.de\/fiido-nomads-pro-e-bike-test-287891\/#webpage","url":"https:\/\/www.ifun.de\/fiido-nomads-pro-e-bike-test-287891\/","name":"Fiido Nomads Pro macht Laune: E-Bike mit App, Farbdisplay und 100 Nm | ifun.de","description":"Das Fiido Nomads Pro kombiniert 100-Nm-Mittelmotor, Luftfedergabel, Shimano CUES und erweiterbaren Akku f\u00fcr Pendelstrecken und Touren.","inLanguage":"de-DE","isPartOf":{"@id":"https:\/\/www.ifun.de\/#website"},"breadcrumb":{"@id":"https:\/\/www.ifun.de\/fiido-nomads-pro-e-bike-test-287891\/#breadcrumblist"},"author":{"@id":"https:\/\/www.ifun.de\/author\/admin\/#author"},"creator":{"@id":"https:\/\/www.ifun.de\/author\/admin\/#author"},"image":{"@type":"ImageObject","url":"https:\/\/images.ifun.de\/wp-content\/uploads\/2026\/09\/nomads-pro-feature-feature.jpg","@id":"https:\/\/www.ifun.de\/fiido-nomads-pro-e-bike-test-287891\/#mainImage","width":960,"height":378,"caption":"Nomads Pro Feature Feature"},"primaryImageOfPage":{"@id":"https:\/\/www.ifun.de\/fiido-nomads-pro-e-bike-test-287891\/#mainImage"},"datePublished":"2026-09-04T19:30:06+02:00","dateModified":"2026-09-04T19:30:06+02:00"},{"@type":"WebSite","@id":"https:\/\/www.ifun.de\/#website","url":"https:\/\/www.ifun.de\/","name":"ifun.de","description":"Apple-News seit 2001","inLanguage":"de-DE","publisher":{"@id":"https:\/\/www.ifun.de\/#organization"}}]},"og:locale":"de_DE","og:site_name":"ifun.de | Apple-News seit 2001","og:type":"article","og:title":"Fiido Nomads Pro macht Laune: E-Bike mit App, Farbdisplay und 100 Nm | ifun.de","og:description":"Das Fiido Nomads Pro kombiniert 100-Nm-Mittelmotor, Luftfedergabel, Shimano CUES und erweiterbaren Akku f\u00fcr Pendelstrecken und Touren.","og:url":"https:\/\/www.ifun.de\/fiido-nomads-pro-e-bike-test-287891\/","og:image":"https:\/\/images.ifun.de\/wp-content\/uploads\/2026\/09\/nomads-pro-feature-feature.jpg","og:image:secure_url":"https:\/\/images.ifun.de\/wp-content\/uploads\/2026\/09\/nomads-pro-feature-feature.jpg","og:image:width":960,"og:image:height":378,"article:published_time":"2026-09-04T17:30:06+00:00","article:modified_time":"2026-09-04T17:30:06+00:00","article:publisher":"https:\/\/facebook.com\/ifun.de","twitter:card":"summary_large_image","twitter:site":"@ifun_news","twitter:title":"Fiido Nomads Pro macht Laune: E-Bike mit App, Farbdisplay und 100 Nm | ifun.de","twitter:description":"Das Fiido Nomads Pro kombiniert 100-Nm-Mittelmotor, Luftfedergabel, Shimano CUES und erweiterbaren Akku f\u00fcr Pendelstrecken und Touren.","twitter:creator":"@ifun_news","twitter:image":"https:\/\/images.ifun.de\/wp-content\/uploads\/2026\/09\/nomads-pro-feature-feature.jpg"},"aioseo_meta_data":{"post_id":"287891","title":null,"description":"Das Fiido Nomads Pro kombiniert 100-Nm-Mittelmotor, Luftfedergabel, Shimano CUES und erweiterbaren Akku f\u00fcr Pendelstrecken und Touren.","keywords":null,"keyphrases":{"focus":{"keyphrase":"","score":0,"analysis":{"keyphraseInTitle":{"score":0,"maxScore":9,"error":1}}},"additional":[]},"primary_term":null,"canonical_url":null,"og_title":null,"og_description":null,"og_object_type":"default","og_image_type":"default","og_image_url":null,"og_image_width":null,"og_image_height":null,"og_image_custom_url":null,"og_image_custom_fields":null,"og_video":"","og_custom_url":null,"og_article_section":null,"og_article_tags":null,"twitter_use_og":false,"twitter_card":"default","twitter_image_type":"default","twitter_image_url":null,"twitter_image_custom_url":null,"twitter_image_custom_fields":null,"twitter_title":null,"twitter_description":null,"schema":{"blockGraphs":[],"customGraphs":[],"default":{"data":{"Article":[],"Course":[],"Dataset":[],"FAQPage":[],"Movie":[],"Person":[],"Product":[],"ProductReview":[],"Car":[],"Recipe":[],"Service":[],"SoftwareApplication":[],"WebPage":[]},"graphName":"Article","isEnabled":true},"graphs":[]},"schema_type":"default","schema_type_options":null,"pillar_content":false,"robots_default":true,"robots_noindex":false,"robots_noarchive":false,"robots_nosnippet":false,"robots_nofollow":false,"robots_noimageindex":false,"robots_noodp":false,"robots_notranslate":false,"robots_max_snippet":"-1","robots_max_videopreview":"-1","robots_max_imagepreview":"large","priority":0,"frequency":"default","local_seo":null,"seo_analyzer_scan_date":"2026-09-04 17:30:18","breadcrumb_settings":null,"limit_modified_date":false,"reviewed_by":null,"open_ai":null,"ai":{"faqs":[],"keyPoints":[],"schemas":[],"titles":[],"descriptions":[],"socialPosts":{"email":{"subject":"","preview":"","content":""},"linkedin":[],"twitter":[],"facebook":[],"instagram":[]}},"created":"2026-09-02 06:34:23","updated":"2026-09-04 17:30:18","focus_keyword":null,"additional_keywords":null,"truseo_locale":null},"aioseo_breadcrumb":"<div class=\"aioseo-breadcrumbs\"><span class=\"aioseo-breadcrumb\">\n\t<a href=\"https:\/\/www.ifun.de\" title=\"Home\">Home<\/a>\n<\/span><span class=\"aioseo-breadcrumb-separator\">\u00bb<\/span><span class=\"aioseo-breadcrumb\">\n\t<a href=\"https:\/\/www.ifun.de\/category\/news\/\" title=\"News\">News<\/a>\n<\/span><span class=\"aioseo-breadcrumb-separator\">\u00bb<\/span><span class=\"aioseo-breadcrumb\">\n\tFiido Nomads Pro macht Laune: E-Bike mit App, Farbdisplay und 100 Nm\n<\/span><\/div>","aioseo_breadcrumb_json":[{"label":"Home","link":"https:\/\/www.ifun.de"},{"label":"News","link":"https:\/\/www.ifun.de\/category\/news\/"},{"label":"Fiido Nomads Pro macht Laune: E-Bike mit App, Farbdisplay und 100 Nm","link":"https:\/\/www.ifun.de\/fiido-nomads-pro-e-bike-test-287891\/"}],"subheadline":["Touren-E-Bike mit Mittelantrieb im Test"],"featured_image":["https:\/\/images.ifun.de\/wp-content\/uploads\/2026\/09\/nomads-pro-feature-feature.jpg"],"rest_api_enabler":{"subheadline":"Touren-E-Bike mit Mittelantrieb im Test","featured_image":"https:\/\/images.ifun.de\/wp-content\/uploads\/2026\/09\/nomads-pro-feature-feature.jpg"},"_links":{"self":[{"href":"https:\/\/www.ifun.de\/apiv2\/wp\/v2\/posts\/287891","targetHints":{"allow":["GET"]}}],"collection":[{"href":"https:\/\/www.ifun.de\/apiv2\/wp\/v2\/posts"}],"about":[{"href":"https:\/\/www.ifun.de\/apiv2\/wp\/v2\/types\/post"}],"author":[{"embeddable":true,"href":"https:\/\/www.ifun.de\/apiv2\/wp\/v2\/users\/1"}],"replies":[{"embeddable":true,"href":"https:\/\/www.ifun.de\/apiv2\/wp\/v2\/comments?post=287891"}],"version-history":[{"count":18,"href":"https:\/\/www.ifun.de\/apiv2\/wp\/v2\/posts\/287891\/revisions"}],"predecessor-version":[{"id":288165,"href":"https:\/\/www.ifun.de\/apiv2\/wp\/v2\/posts\/287891\/revisions\/288165"}],"wp:featuredmedia":[{"embeddable":true,"href":"https:\/\/www.ifun.de\/apiv2\/wp\/v2\/media\/288150"}],"wp:attachment":[{"href":"https:\/\/www.ifun.de\/apiv2\/wp\/v2\/media?parent=287891"}],"wp:term":[{"taxonomy":"category","embeddable":true,"href":"https:\/\/www.ifun.de\/apiv2\/wp\/v2\/categories?post=287891"},{"taxonomy":"post_tag","embeddable":true,"href":"https:\/\/www.ifun.de\/apiv2\/wp\/v2\/tags?post=287891"}],"curies":[{"name":"wp","href":"https:\/\/api.w.org\/{rel}","templated":true}]}}