{"id":287835,"date":"2026-09-01T19:45:58","date_gmt":"2026-09-01T17:45:58","guid":{"rendered":"https:\/\/www.ifun.de\/?p=287835"},"modified":"2026-09-01T19:48:25","modified_gmt":"2026-09-01T17:48:25","slug":"john-ternus-ist-jetzt-apple-chef","status":"publish","type":"post","link":"https:\/\/www.ifun.de\/john-ternus-ist-jetzt-apple-chef-287835\/","title":{"rendered":"John Ternus ist jetzt Apple-Chef"},"content":{"rendered":"<p>John Ternus ist jetzt auch offiziell der neue Apple-Chef. W\u00e4hrend sich der 1. September bei uns bereits dem Ende n\u00e4hert, hat der erste Arbeitstag von Ternus als Nachfolger von Tim Cook im kalifornischen Cupertino erst begonnen. <\/p>\n<h2>Cook bleibt als Executive Chair<\/h2>\n<p>Der F\u00fchrungswechsel zeigt sich mittlerweile auch auf der Webseite von Apple. Auf der <a href=\"https:\/\/www.apple.com\/de\/leadership\/\">Liste der Apple-F\u00fchrungskr\u00e4fte<\/a> wird John Ternus nun als CEO genannt. Tim Cook bleibt dem Unternehmen jedoch erhalten und \u00fcbernimmt als Executive Chair die F\u00fchrung des Board of Directors.<\/p>\n<p><a href=\"https:\/\/images.ifun.de\/wp-content\/uploads\/2026\/09\/apple-vorstand-cook-zu-ternus.gif\"><img loading=\"lazy\" decoding=\"async\" src=\"https:\/\/images.ifun.de\/wp-content\/uploads\/2026\/09\/apple-vorstand-cook-zu-ternus.gif\" alt=\"Apple Vorstand Cook Zu Ternus\" width=\"700\" height=\"464\" class=\"alignnone size-large wp-image-287837\" \/><\/a><\/p>\n<p>In dieser Position kann Cook weiterhin Einfluss auf wichtige Unternehmensentscheidungen nehmen. Es ist davon auszugehen, dass Cook in dieser Rolle weiterhin strategischen Einfluss nimmt und wichtige Regierungskontakte pflegt.<\/p>\n<h2>Erster Arbeitstag beginnt mit neuem X-Konto<\/h2>\n<p>Zu den ersten Amtshandlungen des neuen Apple-Chefs geh\u00f6rte derweil die Aktivierung seines <a href=\"https:\/\/x.com\/johnternus\"> Benutzerkontos auf X <\/a>. Dass Ternus seinen ersten Arbeitstag in der neuen Position mit einem kurzen <a href=\"https:\/\/x.com\/johnternus\/status\/2094814214787633367\">Eintrag auf X<\/a> begann, kommentierte Plattform-Eigner Elon Musk mit einer <a href=\"https:\/\/x.com\/elonmusk\/status\/2094821235851145454\">Gratulation<\/a>.<\/p>\n<blockquote class=\"twitter-tweet\">\n<p lang=\"en\" dir=\"ltr\">hello<\/p>\n<p>&mdash; John Ternus (@johnternus) <a href=\"https:\/\/x.com\/johnternus\/status\/2094814214787633367?ref_src=twsrc%5Etfw\">September 1, 2026<\/a><\/p><\/blockquote>\n<p> <script async src=\"https:\/\/platform.x.com\/widgets.js\" charset=\"utf-8\"><\/script><\/p>\n<h2>Ternus ist seit 25 Jahren bei Apple<\/h2>\n<p>John Ternus kam 2001 zu Apple und stieg 2013 zum Vice President im Bereich Hardware Engineering auf. Seit 2021 geh\u00f6rt er als Senior Vice President of Hardware Engineering zur Unternehmensf\u00fchrung. In dieser Funktion war er laut Apple an der Entwicklung zahlreicher Apple-Produkte beteiligt, darunter iPad und AirPods sowie verschiedene Generationen von iPhone, Mac und Apple Watch.<\/p>\n<p>Zu den Schwerpunkten von Ternus geh\u00f6rten laut Apple die Haltbarkeit und Zuverl\u00e4ssigkeit der Ger\u00e4te, zudem habe er sich in den vergangenen Jahren auf neue Materialien und Fertigungsverfahren konzentriert. Vor seiner Zeit bei Apple arbeitete Ternus als Maschinenbauingenieur, davor hatte er Maschinenbau an der University of Pennsylvania studiert.<img decoding=\"async\" src=\"https:\/\/vg09.met.vgwort.de\/na\/0a3c8d078aa64f40bf37e6f06aba137c\" width=\"1\" height=\"1\" no-lazy class=\"tracking\" loading=\"eager\"><\/p>\n","protected":false},"excerpt":{"rendered":"<a href=\"https:\/\/www.ifun.de\/john-ternus-ist-jetzt-apple-chef-287835\/\"><img width=\"150\" height=\"150\" src=\"https:\/\/images.ifun.de\/wp-content\/uploads\/2026\/04\/ternus-cook-feature-150x150.jpg\" class=\"alignright tfe wp-post-image\" alt=\"Ternus Cook Feature\" decoding=\"async\" loading=\"lazy\" \/><\/a><p>John Ternus ist jetzt auch offiziell der neue Apple-Chef. W\u00e4hrend sich der 1. September bei uns bereits dem Ende n\u00e4hert, hat der erste Arbeitstag von Ternus als Nachfolger von Tim Cook im kalifornischen Cupertino erst begonnen. Cook bleibt als Executive Chair Der F\u00fchrungswechsel zeigt sich mittlerweile auch auf der Webseite von Apple. Auf der Liste [&hellip;]<\/p>\n","protected":false},"author":2,"featured_media":278340,"comment_status":"open","ping_status":"closed","sticky":false,"template":"","format":"standard","meta":{"footnotes":""},"categories":[3],"tags":[4736,5338],"class_list":["post-287835","post","type-post","status-publish","format-standard","has-post-thumbnail","hentry","category-apple","tag-apple","tag-john-ternus"],"aioseo_notices":[],"aioseo_head":"\n\t\t<!-- All in One SEO Pro 5.0.1 - aioseo.com -->\n\t<meta name=\"description\" content=\"John Ternus ist jetzt auch offiziell der neue Apple-Chef. W\u00e4hrend sich der 1. September bei uns bereits dem Ende n\u00e4hert, hat der erste Arbeitstag von Ternus als Nachfolger von Tim Cook im kalifornischen Cupertino erst begonnen. Cook bleibt als Executive Chair Der F\u00fchrungswechsel zeigt sich mittlerweile auch auf der Webseite von Apple. Auf der Liste\" \/>\n\t<meta name=\"robots\" content=\"max-image-preview:large\" \/>\n\t<meta name=\"author\" content=\"Chris\"\/>\n\t<meta name=\"google-site-verification\" content=\"uH_IhWlZO-QDb51DGwVoGT_GCZmfJp98klL3XmbE3ow\" \/>\n\t<link rel=\"canonical\" href=\"https:\/\/www.ifun.de\/john-ternus-ist-jetzt-apple-chef-287835\/\" \/>\n\t<meta name=\"generator\" content=\"All in One SEO Pro (AIOSEO) 5.0.1\" \/>\n\t\t<meta property=\"og:locale\" content=\"de_DE\" \/>\n\t\t<meta property=\"og:site_name\" content=\"ifun.de | Apple-News seit 2001\" \/>\n\t\t<meta property=\"og:type\" content=\"article\" \/>\n\t\t<meta property=\"og:title\" content=\"John Ternus ist jetzt Apple-Chef | ifun.de\" \/>\n\t\t<meta property=\"og:description\" content=\"John Ternus ist jetzt auch offiziell der neue Apple-Chef. W\u00e4hrend sich der 1. September bei uns bereits dem Ende n\u00e4hert, hat der erste Arbeitstag von Ternus als Nachfolger von Tim Cook im kalifornischen Cupertino erst begonnen. Cook bleibt als Executive Chair Der F\u00fchrungswechsel zeigt sich mittlerweile auch auf der Webseite von Apple. Auf der Liste\" \/>\n\t\t<meta property=\"og:url\" content=\"https:\/\/www.ifun.de\/john-ternus-ist-jetzt-apple-chef-287835\/\" \/>\n\t\t<meta property=\"og:image\" content=\"https:\/\/images.ifun.de\/wp-content\/uploads\/2026\/04\/ternus-cook-feature.jpg\" \/>\n\t\t<meta property=\"og:image:secure_url\" content=\"https:\/\/images.ifun.de\/wp-content\/uploads\/2026\/04\/ternus-cook-feature.jpg\" \/>\n\t\t<meta property=\"og:image:width\" content=\"960\" \/>\n\t\t<meta property=\"og:image:height\" content=\"378\" \/>\n\t\t<meta property=\"article:published_time\" content=\"2026-09-01T17:45:58+00:00\" \/>\n\t\t<meta property=\"article:modified_time\" content=\"2026-09-01T17:48:25+00:00\" \/>\n\t\t<meta property=\"article:publisher\" content=\"https:\/\/facebook.com\/ifun.de\" \/>\n\t\t<meta name=\"twitter:card\" content=\"summary_large_image\" \/>\n\t\t<meta name=\"twitter:site\" content=\"@ifun_news\" \/>\n\t\t<meta name=\"twitter:title\" content=\"John Ternus ist jetzt Apple-Chef | ifun.de\" \/>\n\t\t<meta name=\"twitter:description\" content=\"John Ternus ist jetzt auch offiziell der neue Apple-Chef. W\u00e4hrend sich der 1. September bei uns bereits dem Ende n\u00e4hert, hat der erste Arbeitstag von Ternus als Nachfolger von Tim Cook im kalifornischen Cupertino erst begonnen. Cook bleibt als Executive Chair Der F\u00fchrungswechsel zeigt sich mittlerweile auch auf der Webseite von Apple. Auf der Liste\" \/>\n\t\t<meta name=\"twitter:creator\" content=\"@ifun_news\" \/>\n\t\t<meta name=\"twitter:image\" content=\"https:\/\/images.ifun.de\/wp-content\/uploads\/2026\/04\/ternus-cook-feature.jpg\" \/>\n\t\t<script type=\"application\/ld+json\" class=\"aioseo-schema\">\n\t\t\t{\"@context\":\"https:\\\/\\\/schema.org\",\"@graph\":[{\"@type\":\"Article\",\"@id\":\"https:\\\/\\\/www.ifun.de\\\/john-ternus-ist-jetzt-apple-chef-287835\\\/#article\",\"name\":\"John Ternus ist jetzt Apple-Chef | ifun.de\",\"headline\":\"John Ternus ist jetzt Apple-Chef\",\"author\":{\"@id\":\"https:\\\/\\\/www.ifun.de\\\/author\\\/chris\\\/#author\"},\"publisher\":{\"@id\":\"https:\\\/\\\/www.ifun.de\\\/#organization\"},\"image\":{\"@type\":\"ImageObject\",\"url\":\"https:\\\/\\\/images.ifun.de\\\/wp-content\\\/uploads\\\/2026\\\/04\\\/ternus-cook-feature.jpg\",\"width\":960,\"height\":378,\"caption\":\"Ternus Cook Feature\"},\"datePublished\":\"2026-09-01T19:45:58+02:00\",\"dateModified\":\"2026-09-01T19:48:25+02:00\",\"inLanguage\":\"de-DE\",\"commentCount\":1,\"mainEntityOfPage\":{\"@id\":\"https:\\\/\\\/www.ifun.de\\\/john-ternus-ist-jetzt-apple-chef-287835\\\/#webpage\"},\"isPartOf\":{\"@id\":\"https:\\\/\\\/www.ifun.de\\\/john-ternus-ist-jetzt-apple-chef-287835\\\/#webpage\"},\"articleSection\":\"Apple, Apple, John Ternus\"},{\"@type\":\"BreadcrumbList\",\"@id\":\"https:\\\/\\\/www.ifun.de\\\/john-ternus-ist-jetzt-apple-chef-287835\\\/#breadcrumblist\",\"itemListElement\":[{\"@type\":\"ListItem\",\"@id\":\"https:\\\/\\\/www.ifun.de#listItem\",\"position\":1,\"name\":\"Home\",\"item\":\"https:\\\/\\\/www.ifun.de\",\"nextItem\":{\"@type\":\"ListItem\",\"@id\":\"https:\\\/\\\/www.ifun.de\\\/category\\\/apple\\\/#listItem\",\"name\":\"Apple\"}},{\"@type\":\"ListItem\",\"@id\":\"https:\\\/\\\/www.ifun.de\\\/category\\\/apple\\\/#listItem\",\"position\":2,\"name\":\"Apple\",\"item\":\"https:\\\/\\\/www.ifun.de\\\/category\\\/apple\\\/\",\"nextItem\":{\"@type\":\"ListItem\",\"@id\":\"https:\\\/\\\/www.ifun.de\\\/john-ternus-ist-jetzt-apple-chef-287835\\\/#listItem\",\"name\":\"John Ternus ist jetzt Apple-Chef\"},\"previousItem\":{\"@type\":\"ListItem\",\"@id\":\"https:\\\/\\\/www.ifun.de#listItem\",\"name\":\"Home\"}},{\"@type\":\"ListItem\",\"@id\":\"https:\\\/\\\/www.ifun.de\\\/john-ternus-ist-jetzt-apple-chef-287835\\\/#listItem\",\"position\":3,\"name\":\"John Ternus ist jetzt Apple-Chef\",\"previousItem\":{\"@type\":\"ListItem\",\"@id\":\"https:\\\/\\\/www.ifun.de\\\/category\\\/apple\\\/#listItem\",\"name\":\"Apple\"}}]},{\"@type\":\"Organization\",\"@id\":\"https:\\\/\\\/www.ifun.de\\\/#organization\",\"name\":\"ifun.de\",\"description\":\"Apple-News seit 2001\",\"url\":\"https:\\\/\\\/www.ifun.de\\\/\",\"telephone\":\"+493057707123\",\"logo\":{\"@type\":\"ImageObject\",\"url\":\"https:\\\/\\\/images.ifun.de\\\/wp-content\\\/uploads\\\/2026\\\/02\\\/apple-touch-icon.png\",\"@id\":\"https:\\\/\\\/www.ifun.de\\\/john-ternus-ist-jetzt-apple-chef-287835\\\/#organizationLogo\",\"width\":512,\"height\":512,\"caption\":\"Apple Touch Icon\"},\"image\":{\"@id\":\"https:\\\/\\\/www.ifun.de\\\/john-ternus-ist-jetzt-apple-chef-287835\\\/#organizationLogo\"},\"sameAs\":[\"https:\\\/\\\/facebook.com\\\/ifun.de\",\"https:\\\/\\\/x.com\\\/ifun_news\"]},{\"@type\":\"Person\",\"@id\":\"https:\\\/\\\/www.ifun.de\\\/author\\\/chris\\\/#author\",\"url\":\"https:\\\/\\\/www.ifun.de\\\/author\\\/chris\\\/\",\"name\":\"Chris\"},{\"@type\":\"WebPage\",\"@id\":\"https:\\\/\\\/www.ifun.de\\\/john-ternus-ist-jetzt-apple-chef-287835\\\/#webpage\",\"url\":\"https:\\\/\\\/www.ifun.de\\\/john-ternus-ist-jetzt-apple-chef-287835\\\/\",\"name\":\"John Ternus ist jetzt Apple-Chef | ifun.de\",\"description\":\"John Ternus ist jetzt auch offiziell der neue Apple-Chef. W\\u00e4hrend sich der 1. September bei uns bereits dem Ende n\\u00e4hert, hat der erste Arbeitstag von Ternus als Nachfolger von Tim Cook im kalifornischen Cupertino erst begonnen. Cook bleibt als Executive Chair Der F\\u00fchrungswechsel zeigt sich mittlerweile auch auf der Webseite von Apple. Auf der Liste\",\"inLanguage\":\"de-DE\",\"isPartOf\":{\"@id\":\"https:\\\/\\\/www.ifun.de\\\/#website\"},\"breadcrumb\":{\"@id\":\"https:\\\/\\\/www.ifun.de\\\/john-ternus-ist-jetzt-apple-chef-287835\\\/#breadcrumblist\"},\"author\":{\"@id\":\"https:\\\/\\\/www.ifun.de\\\/author\\\/chris\\\/#author\"},\"creator\":{\"@id\":\"https:\\\/\\\/www.ifun.de\\\/author\\\/chris\\\/#author\"},\"image\":{\"@type\":\"ImageObject\",\"url\":\"https:\\\/\\\/images.ifun.de\\\/wp-content\\\/uploads\\\/2026\\\/04\\\/ternus-cook-feature.jpg\",\"@id\":\"https:\\\/\\\/www.ifun.de\\\/john-ternus-ist-jetzt-apple-chef-287835\\\/#mainImage\",\"width\":960,\"height\":378,\"caption\":\"Ternus Cook Feature\"},\"primaryImageOfPage\":{\"@id\":\"https:\\\/\\\/www.ifun.de\\\/john-ternus-ist-jetzt-apple-chef-287835\\\/#mainImage\"},\"datePublished\":\"2026-09-01T19:45:58+02:00\",\"dateModified\":\"2026-09-01T19:48:25+02:00\"},{\"@type\":\"WebSite\",\"@id\":\"https:\\\/\\\/www.ifun.de\\\/#website\",\"url\":\"https:\\\/\\\/www.ifun.de\\\/\",\"name\":\"ifun.de\",\"description\":\"Apple-News seit 2001\",\"inLanguage\":\"de-DE\",\"publisher\":{\"@id\":\"https:\\\/\\\/www.ifun.de\\\/#organization\"}}]}\n\t\t<\/script>\n\t\t<!-- All in One SEO Pro -->\r\n\t\t<title>John Ternus ist jetzt Apple-Chef | ifun.de<\/title>\n\n","aioseo_head_json":{"title":"John Ternus ist jetzt Apple-Chef | ifun.de","description":"John Ternus ist jetzt auch offiziell der neue Apple-Chef. W\u00e4hrend sich der 1. September bei uns bereits dem Ende n\u00e4hert, hat der erste Arbeitstag von Ternus als Nachfolger von Tim Cook im kalifornischen Cupertino erst begonnen. Cook bleibt als Executive Chair Der F\u00fchrungswechsel zeigt sich mittlerweile auch auf der Webseite von Apple. Auf der Liste","canonical_url":"https:\/\/www.ifun.de\/john-ternus-ist-jetzt-apple-chef-287835\/","robots":"max-image-preview:large","keywords":"","webmasterTools":{"google-site-verification":"uH_IhWlZO-QDb51DGwVoGT_GCZmfJp98klL3XmbE3ow","miscellaneous":""},"schema":{"@context":"https:\/\/schema.org","@graph":[{"@type":"Article","@id":"https:\/\/www.ifun.de\/john-ternus-ist-jetzt-apple-chef-287835\/#article","name":"John Ternus ist jetzt Apple-Chef | ifun.de","headline":"John Ternus ist jetzt Apple-Chef","author":{"@id":"https:\/\/www.ifun.de\/author\/chris\/#author"},"publisher":{"@id":"https:\/\/www.ifun.de\/#organization"},"image":{"@type":"ImageObject","url":"https:\/\/images.ifun.de\/wp-content\/uploads\/2026\/04\/ternus-cook-feature.jpg","width":960,"height":378,"caption":"Ternus Cook Feature"},"datePublished":"2026-09-01T19:45:58+02:00","dateModified":"2026-09-01T19:48:25+02:00","inLanguage":"de-DE","commentCount":1,"mainEntityOfPage":{"@id":"https:\/\/www.ifun.de\/john-ternus-ist-jetzt-apple-chef-287835\/#webpage"},"isPartOf":{"@id":"https:\/\/www.ifun.de\/john-ternus-ist-jetzt-apple-chef-287835\/#webpage"},"articleSection":"Apple, Apple, John Ternus"},{"@type":"BreadcrumbList","@id":"https:\/\/www.ifun.de\/john-ternus-ist-jetzt-apple-chef-287835\/#breadcrumblist","itemListElement":[{"@type":"ListItem","@id":"https:\/\/www.ifun.de#listItem","position":1,"name":"Home","item":"https:\/\/www.ifun.de","nextItem":{"@type":"ListItem","@id":"https:\/\/www.ifun.de\/category\/apple\/#listItem","name":"Apple"}},{"@type":"ListItem","@id":"https:\/\/www.ifun.de\/category\/apple\/#listItem","position":2,"name":"Apple","item":"https:\/\/www.ifun.de\/category\/apple\/","nextItem":{"@type":"ListItem","@id":"https:\/\/www.ifun.de\/john-ternus-ist-jetzt-apple-chef-287835\/#listItem","name":"John Ternus ist jetzt Apple-Chef"},"previousItem":{"@type":"ListItem","@id":"https:\/\/www.ifun.de#listItem","name":"Home"}},{"@type":"ListItem","@id":"https:\/\/www.ifun.de\/john-ternus-ist-jetzt-apple-chef-287835\/#listItem","position":3,"name":"John Ternus ist jetzt Apple-Chef","previousItem":{"@type":"ListItem","@id":"https:\/\/www.ifun.de\/category\/apple\/#listItem","name":"Apple"}}]},{"@type":"Organization","@id":"https:\/\/www.ifun.de\/#organization","name":"ifun.de","description":"Apple-News seit 2001","url":"https:\/\/www.ifun.de\/","telephone":"+493057707123","logo":{"@type":"ImageObject","url":"https:\/\/images.ifun.de\/wp-content\/uploads\/2026\/02\/apple-touch-icon.png","@id":"https:\/\/www.ifun.de\/john-ternus-ist-jetzt-apple-chef-287835\/#organizationLogo","width":512,"height":512,"caption":"Apple Touch Icon"},"image":{"@id":"https:\/\/www.ifun.de\/john-ternus-ist-jetzt-apple-chef-287835\/#organizationLogo"},"sameAs":["https:\/\/facebook.com\/ifun.de","https:\/\/x.com\/ifun_news"]},{"@type":"Person","@id":"https:\/\/www.ifun.de\/author\/chris\/#author","url":"https:\/\/www.ifun.de\/author\/chris\/","name":"Chris"},{"@type":"WebPage","@id":"https:\/\/www.ifun.de\/john-ternus-ist-jetzt-apple-chef-287835\/#webpage","url":"https:\/\/www.ifun.de\/john-ternus-ist-jetzt-apple-chef-287835\/","name":"John Ternus ist jetzt Apple-Chef | ifun.de","description":"John Ternus ist jetzt auch offiziell der neue Apple-Chef. W\u00e4hrend sich der 1. September bei uns bereits dem Ende n\u00e4hert, hat der erste Arbeitstag von Ternus als Nachfolger von Tim Cook im kalifornischen Cupertino erst begonnen. Cook bleibt als Executive Chair Der F\u00fchrungswechsel zeigt sich mittlerweile auch auf der Webseite von Apple. Auf der Liste","inLanguage":"de-DE","isPartOf":{"@id":"https:\/\/www.ifun.de\/#website"},"breadcrumb":{"@id":"https:\/\/www.ifun.de\/john-ternus-ist-jetzt-apple-chef-287835\/#breadcrumblist"},"author":{"@id":"https:\/\/www.ifun.de\/author\/chris\/#author"},"creator":{"@id":"https:\/\/www.ifun.de\/author\/chris\/#author"},"image":{"@type":"ImageObject","url":"https:\/\/images.ifun.de\/wp-content\/uploads\/2026\/04\/ternus-cook-feature.jpg","@id":"https:\/\/www.ifun.de\/john-ternus-ist-jetzt-apple-chef-287835\/#mainImage","width":960,"height":378,"caption":"Ternus Cook Feature"},"primaryImageOfPage":{"@id":"https:\/\/www.ifun.de\/john-ternus-ist-jetzt-apple-chef-287835\/#mainImage"},"datePublished":"2026-09-01T19:45:58+02:00","dateModified":"2026-09-01T19:48:25+02:00"},{"@type":"WebSite","@id":"https:\/\/www.ifun.de\/#website","url":"https:\/\/www.ifun.de\/","name":"ifun.de","description":"Apple-News seit 2001","inLanguage":"de-DE","publisher":{"@id":"https:\/\/www.ifun.de\/#organization"}}]},"og:locale":"de_DE","og:site_name":"ifun.de | Apple-News seit 2001","og:type":"article","og:title":"John Ternus ist jetzt Apple-Chef | ifun.de","og:description":"John Ternus ist jetzt auch offiziell der neue Apple-Chef. W\u00e4hrend sich der 1. September bei uns bereits dem Ende n\u00e4hert, hat der erste Arbeitstag von Ternus als Nachfolger von Tim Cook im kalifornischen Cupertino erst begonnen. Cook bleibt als Executive Chair Der F\u00fchrungswechsel zeigt sich mittlerweile auch auf der Webseite von Apple. Auf der Liste","og:url":"https:\/\/www.ifun.de\/john-ternus-ist-jetzt-apple-chef-287835\/","og:image":"https:\/\/images.ifun.de\/wp-content\/uploads\/2026\/04\/ternus-cook-feature.jpg","og:image:secure_url":"https:\/\/images.ifun.de\/wp-content\/uploads\/2026\/04\/ternus-cook-feature.jpg","og:image:width":960,"og:image:height":378,"article:published_time":"2026-09-01T17:45:58+00:00","article:modified_time":"2026-09-01T17:48:25+00:00","article:publisher":"https:\/\/facebook.com\/ifun.de","twitter:card":"summary_large_image","twitter:site":"@ifun_news","twitter:title":"John Ternus ist jetzt Apple-Chef | ifun.de","twitter:description":"John Ternus ist jetzt auch offiziell der neue Apple-Chef. W\u00e4hrend sich der 1. September bei uns bereits dem Ende n\u00e4hert, hat der erste Arbeitstag von Ternus als Nachfolger von Tim Cook im kalifornischen Cupertino erst begonnen. Cook bleibt als Executive Chair Der F\u00fchrungswechsel zeigt sich mittlerweile auch auf der Webseite von Apple. Auf der Liste","twitter:creator":"@ifun_news","twitter:image":"https:\/\/images.ifun.de\/wp-content\/uploads\/2026\/04\/ternus-cook-feature.jpg"},"aioseo_meta_data":{"post_id":"287835","title":null,"description":null,"keywords":null,"keyphrases":{"focus":{"keyphrase":"","score":0,"analysis":{"keyphraseInTitle":{"score":0,"maxScore":9,"error":1}}},"additional":[]},"primary_term":null,"canonical_url":null,"og_title":null,"og_description":null,"og_object_type":"default","og_image_type":"default","og_image_url":null,"og_image_width":null,"og_image_height":null,"og_image_custom_url":null,"og_image_custom_fields":null,"og_video":"","og_custom_url":null,"og_article_section":null,"og_article_tags":null,"twitter_use_og":false,"twitter_card":"default","twitter_image_type":"default","twitter_image_url":null,"twitter_image_custom_url":null,"twitter_image_custom_fields":null,"twitter_title":null,"twitter_description":null,"schema":{"blockGraphs":[],"customGraphs":[],"default":{"data":{"Article":[],"Course":[],"Dataset":[],"FAQPage":[],"Movie":[],"Person":[],"Product":[],"ProductReview":[],"Car":[],"Recipe":[],"Service":[],"SoftwareApplication":[],"WebPage":[]},"graphName":"Article","isEnabled":true},"graphs":[]},"schema_type":"default","schema_type_options":null,"pillar_content":false,"robots_default":true,"robots_noindex":false,"robots_noarchive":false,"robots_nosnippet":false,"robots_nofollow":false,"robots_noimageindex":false,"robots_noodp":false,"robots_notranslate":false,"robots_max_snippet":"-1","robots_max_videopreview":"-1","robots_max_imagepreview":"large","priority":null,"frequency":"default","local_seo":null,"seo_analyzer_scan_date":null,"breadcrumb_settings":null,"limit_modified_date":false,"reviewed_by":null,"open_ai":null,"ai":{"faqs":[],"keyPoints":[],"schemas":[],"titles":[],"descriptions":[],"socialPosts":{"email":{"subject":"","preview":"","content":""},"linkedin":[],"twitter":[],"facebook":[],"instagram":[]}},"created":"2026-09-01 17:35:42","updated":"2026-09-01 17:48:25","focus_keyword":null,"additional_keywords":null,"truseo_locale":null},"aioseo_breadcrumb":"<div class=\"aioseo-breadcrumbs\"><span class=\"aioseo-breadcrumb\">\n\t<a href=\"https:\/\/www.ifun.de\" title=\"Home\">Home<\/a>\n<\/span><span class=\"aioseo-breadcrumb-separator\">\u00bb<\/span><span class=\"aioseo-breadcrumb\">\n\t<a href=\"https:\/\/www.ifun.de\/category\/apple\/\" title=\"Apple\">Apple<\/a>\n<\/span><span class=\"aioseo-breadcrumb-separator\">\u00bb<\/span><span class=\"aioseo-breadcrumb\">\n\tJohn Ternus ist jetzt Apple-Chef\n<\/span><\/div>","aioseo_breadcrumb_json":[{"label":"Home","link":"https:\/\/www.ifun.de"},{"label":"Apple","link":"https:\/\/www.ifun.de\/category\/apple\/"},{"label":"John Ternus ist jetzt Apple-Chef","link":"https:\/\/www.ifun.de\/john-ternus-ist-jetzt-apple-chef-287835\/"}],"subheadline":["Ein \"Hallo\" auf X"],"featured_image":["https:\/\/images.ifun.de\/wp-content\/uploads\/2026\/04\/ternus-cook-feature.jpg"],"rest_api_enabler":{"subheadline":"Ein \"Hallo\" auf X","featured_image":"https:\/\/images.ifun.de\/wp-content\/uploads\/2026\/04\/ternus-cook-feature.jpg"},"_links":{"self":[{"href":"https:\/\/www.ifun.de\/apiv2\/wp\/v2\/posts\/287835","targetHints":{"allow":["GET"]}}],"collection":[{"href":"https:\/\/www.ifun.de\/apiv2\/wp\/v2\/posts"}],"about":[{"href":"https:\/\/www.ifun.de\/apiv2\/wp\/v2\/types\/post"}],"author":[{"embeddable":true,"href":"https:\/\/www.ifun.de\/apiv2\/wp\/v2\/users\/2"}],"replies":[{"embeddable":true,"href":"https:\/\/www.ifun.de\/apiv2\/wp\/v2\/comments?post=287835"}],"version-history":[{"count":6,"href":"https:\/\/www.ifun.de\/apiv2\/wp\/v2\/posts\/287835\/revisions"}],"predecessor-version":[{"id":287845,"href":"https:\/\/www.ifun.de\/apiv2\/wp\/v2\/posts\/287835\/revisions\/287845"}],"wp:featuredmedia":[{"embeddable":true,"href":"https:\/\/www.ifun.de\/apiv2\/wp\/v2\/media\/278340"}],"wp:attachment":[{"href":"https:\/\/www.ifun.de\/apiv2\/wp\/v2\/media?parent=287835"}],"wp:term":[{"taxonomy":"category","embeddable":true,"href":"https:\/\/www.ifun.de\/apiv2\/wp\/v2\/categories?post=287835"},{"taxonomy":"post_tag","embeddable":true,"href":"https:\/\/www.ifun.de\/apiv2\/wp\/v2\/tags?post=287835"}],"curies":[{"name":"wp","href":"https:\/\/api.w.org\/{rel}","templated":true}]}}