{"id":287797,"date":"2026-09-03T09:30:39","date_gmt":"2026-09-03T07:30:39","guid":{"rendered":"https:\/\/www.ifun.de\/?p=287797"},"modified":"2026-09-03T09:30:39","modified_gmt":"2026-09-03T07:30:39","slug":"mit-display-und-aktiver-kuehlung-anker-zeigt-ladeneuheiten","status":"publish","type":"post","link":"https:\/\/www.ifun.de\/mit-display-und-aktiver-kuehlung-anker-zeigt-ladeneuheiten-287797\/","title":{"rendered":"Mit Display und aktiver K\u00fchlung: Anker zeigt Ladeneuheiten"},"content":{"rendered":"<p><a href=\"https:\/\/www.awin1.com\/cread.php?awinmid=30691&amp;awinaffid=399545&amp;ued=https%3A%2F%2Fwww.anker.com%2Fde%2F\">Anker<\/a> erweitert sein Zubeh\u00f6rangebot im Rahmen der Funkausstellung IFA um vier Ger\u00e4te, bei denen Displays und Temperaturmanagement eine gr\u00f6\u00dfere Rolle spielen. Neu sind eine magnetische Powerbank mit aktiver K\u00fchlung, eine kombinierte Ladestation f\u00fcr den Schreibtisch, ein 100-Watt-Netzteil f\u00fcr Notebooks und ein USB-C-Hub mit zehn Anschl\u00fcssen. Die Preise reichen von 59,99 bis 109,99 Euro.<\/p>\n<p><a href=\"https:\/\/images.ifun.de\/wp-content\/uploads\/2026\/09\/maggo-powerbank-anker-ifa-2026.jpg\"><img loading=\"lazy\" decoding=\"async\" class=\"aligncenter size-medium wp-image-287799\" src=\"https:\/\/images.ifun.de\/wp-content\/uploads\/2026\/09\/maggo-powerbank-anker-ifa-2026-500x441.jpg\" alt=\"Maggo Powerbank Anker Ifa 2026\" width=\"500\" height=\"441\" srcset=\"https:\/\/images.ifun.de\/wp-content\/uploads\/2026\/09\/maggo-powerbank-anker-ifa-2026-500x441.jpg 500w, https:\/\/images.ifun.de\/wp-content\/uploads\/2026\/09\/maggo-powerbank-anker-ifa-2026-700x617.jpg 700w, https:\/\/images.ifun.de\/wp-content\/uploads\/2026\/09\/maggo-powerbank-anker-ifa-2026-768x677.jpg 768w, https:\/\/images.ifun.de\/wp-content\/uploads\/2026\/09\/maggo-powerbank-anker-ifa-2026-1536x1355.jpg 1536w, https:\/\/images.ifun.de\/wp-content\/uploads\/2026\/09\/maggo-powerbank-anker-ifa-2026.jpg 1600w\" sizes=\"auto, (max-width: 500px) 100vw, 500px\" \/><\/a><\/p>\n<h2>MagGo-Powerbank und Ladestation werden aktiv gek\u00fchlt<\/h2>\n<p>Die Anker MagGo Power Bank 2 Pro soll Ende September f\u00fcr 109,99 Euro erscheinen. Beim magnetischen Laden nach Qi 2.2 liefert sie bis zu 25 Watt. Ein integrierter L\u00fcfter soll verhindern, dass die Leistung bei steigender Temperatur reduziert werden muss. Anker nennt dabei maximal 36 Grad Celsius. \u00dcber USB-C gibt die Powerbank bis zu 45 Watt aus und nimmt beim eigenen Laden ebenfalls bis zu 45 Watt entgegen. 80 Prozent sollen so nach 52 Minuten erreicht sein. Das Display zeigt unter anderem Ladeleistung und Temperatur.<\/p>\n<p><a href=\"https:\/\/images.ifun.de\/wp-content\/uploads\/2026\/09\/iphone-maggo-anker-ifa-2026.jpg\"><img loading=\"lazy\" decoding=\"async\" class=\"aligncenter size-large wp-image-287801\" src=\"https:\/\/images.ifun.de\/wp-content\/uploads\/2026\/09\/iphone-maggo-anker-ifa-2026-700x404.jpg\" alt=\"Iphone Maggo Anker Ifa 2026\" width=\"700\" height=\"404\" srcset=\"https:\/\/images.ifun.de\/wp-content\/uploads\/2026\/09\/iphone-maggo-anker-ifa-2026-700x404.jpg 700w, https:\/\/images.ifun.de\/wp-content\/uploads\/2026\/09\/iphone-maggo-anker-ifa-2026-500x289.jpg 500w, https:\/\/images.ifun.de\/wp-content\/uploads\/2026\/09\/iphone-maggo-anker-ifa-2026-768x444.jpg 768w, https:\/\/images.ifun.de\/wp-content\/uploads\/2026\/09\/iphone-maggo-anker-ifa-2026-1536x887.jpg 1536w, https:\/\/images.ifun.de\/wp-content\/uploads\/2026\/09\/iphone-maggo-anker-ifa-2026-2048x1183.jpg 2048w\" sizes=\"auto, (max-width: 700px) 100vw, 700px\" \/><\/a><\/p>\n<p>F\u00fcr Nacht- und Schreibtisch ist die MagStand Charging Station gedacht. Sie kommt Mitte Oktober f\u00fcr 99,99 Euro und kombiniert eine magnetische Qi2.2-Ladefl\u00e4che mit bis zu 25 Watt, ein ausziehbares 60-Watt-Kabel und einen weiteren USB-C-Anschluss mit bis zu 30 Watt. Neben einem schnellen Lademodus gibt es einen Care Mode mit aktiver K\u00fchlung. Das Display kann Ladeleistung und verbleibende Ladedauer anzeigen, zus\u00e4tzlich sind Uhrzeit, Wetterinformationen und eigene Fotos vorgesehen.<a href=\"https:\/\/images.ifun.de\/wp-content\/uploads\/2026\/09\/1504-product-white-2500.jpg\"><img loading=\"lazy\" decoding=\"async\" class=\"aligncenter size-large wp-image-287803\" src=\"https:\/\/images.ifun.de\/wp-content\/uploads\/2026\/09\/1504-product-white-2500-700x700.jpg\" alt=\"1504 Product White 2500\" width=\"700\" height=\"700\" srcset=\"https:\/\/images.ifun.de\/wp-content\/uploads\/2026\/09\/1504-product-white-2500-700x700.jpg 700w, https:\/\/images.ifun.de\/wp-content\/uploads\/2026\/09\/1504-product-white-2500-500x500.jpg 500w, https:\/\/images.ifun.de\/wp-content\/uploads\/2026\/09\/1504-product-white-2500-150x150.jpg 150w, https:\/\/images.ifun.de\/wp-content\/uploads\/2026\/09\/1504-product-white-2500-768x768.jpg 768w, https:\/\/images.ifun.de\/wp-content\/uploads\/2026\/09\/1504-product-white-2500-1536x1536.jpg 1536w, https:\/\/images.ifun.de\/wp-content\/uploads\/2026\/09\/1504-product-white-2500-2048x2048.jpg 2048w\" sizes=\"auto, (max-width: 700px) 100vw, 700px\" \/><\/a><\/p>\n<p>Displays an Ladeger\u00e4ten sind f\u00fcr Anker inzwischen kein Neuland mehr. Bereits beim <a href=\"https:\/\/www.iphone-ticker.de\/anker-nano-smartes-usb-c-netzteil-mit-display-startet-in-deutschland-276844\/\">45-Watt-Netzteil der Nano-Reihe<\/a> zeigte der Hersteller Leistung, Temperatur und Ger\u00e4testatus direkt am Stecker an.<\/p>\n<h2>Notebook-Netzteil erkennt Ger\u00e4te<\/h2>\n<p>Mit dem Laptop Charger Pro \u00fcbertr\u00e4gt Anker dieses Konzept auf Notebooks. Das ab 17. September vorbestellbare und ab Mitte Oktober erh\u00e4ltliche Netzteil kostet 59,99 Euro und liefert \u00fcber USB-C bis zu 100 Watt. Es erkennt moderne Macs direkt und soll seine Ladekurve an das angeschlossene Modell anpassen.<\/p>\n<p>Im sogenannten Care Mode l\u00e4sst sich der maximale Ladestand standardm\u00e4\u00dfig auf 80 Prozent begrenzen und bei Bedarf ver\u00e4ndern. Anker spricht dadurch von einer m\u00f6glichen Verl\u00e4ngerung der Akkulebensdauer um mehr als 40 Prozent.<\/p>\n<p><a href=\"https:\/\/images.ifun.de\/wp-content\/uploads\/2026\/09\/Laptop-Charger-Pro-2500.jpg\"><img loading=\"lazy\" decoding=\"async\" class=\"aligncenter size-large wp-image-287805\" src=\"https:\/\/images.ifun.de\/wp-content\/uploads\/2026\/09\/Laptop-Charger-Pro-2500-700x607.jpg\" alt=\"Laptop Charger Pro 2500\" width=\"700\" height=\"607\" srcset=\"https:\/\/images.ifun.de\/wp-content\/uploads\/2026\/09\/Laptop-Charger-Pro-2500-700x607.jpg 700w, https:\/\/images.ifun.de\/wp-content\/uploads\/2026\/09\/Laptop-Charger-Pro-2500-500x434.jpg 500w, https:\/\/images.ifun.de\/wp-content\/uploads\/2026\/09\/Laptop-Charger-Pro-2500-768x666.jpg 768w, https:\/\/images.ifun.de\/wp-content\/uploads\/2026\/09\/Laptop-Charger-Pro-2500-1536x1332.jpg 1536w, https:\/\/images.ifun.de\/wp-content\/uploads\/2026\/09\/Laptop-Charger-Pro-2500-2048x1776.jpg 2048w\" sizes=\"auto, (max-width: 700px) 100vw, 700px\" \/><\/a><\/p>\n<p>Am 14. September folgt f\u00fcr 99,99 Euro au\u00dferdem ein USB-C-Hub mit zehn Anschl\u00fcssen. HDMI 2.1 und DisplayPort 1.4 erlauben laut Anker 4K mit 144 Hertz auf einem Bildschirm oder 4K mit 120 Hertz auf zwei Displays. Ein Smart Display informiert \u00fcber den Status der Anschl\u00fcsse und die Dauer der Bild\u00fcbertragung.<\/p>\n<p><a href=\"https:\/\/images.ifun.de\/wp-content\/uploads\/2026\/09\/anker-desktop-ladestation.png\"><img loading=\"lazy\" decoding=\"async\" class=\"aligncenter size-large wp-image-287806\" src=\"https:\/\/images.ifun.de\/wp-content\/uploads\/2026\/09\/anker-desktop-ladestation-700x478.png\" alt=\"Anker Desktop Ladestation\" width=\"700\" height=\"478\" srcset=\"https:\/\/images.ifun.de\/wp-content\/uploads\/2026\/09\/anker-desktop-ladestation-700x478.png 700w, https:\/\/images.ifun.de\/wp-content\/uploads\/2026\/09\/anker-desktop-ladestation-500x342.png 500w, https:\/\/images.ifun.de\/wp-content\/uploads\/2026\/09\/anker-desktop-ladestation-768x525.png 768w, https:\/\/images.ifun.de\/wp-content\/uploads\/2026\/09\/anker-desktop-ladestation.png 1200w\" sizes=\"auto, (max-width: 700px) 100vw, 700px\" \/><\/a><\/p>\n<p>Umfangreichere Ladezentralen mit Display sind auch bei anderen Herstellern angekommen, wie zuletzt <a href=\"https:\/\/www.ifun.de\/ugreen-nexode-pro-300w-ladezentrale-mit-acht-ports-285003\/\">UGREENs Nexode Pro 300W<\/a> gezeigt hat.<\/p>\n<p><img decoding=\"async\" src=\"https:\/\/vg04.met.vgwort.de\/na\/2cabe9b190bc442399eca8a949bfef6d\" width=\"1\" height=\"1\" no-lazy class=\"tracking\" loading=\"eager\"><\/p>\n","protected":false},"excerpt":{"rendered":"<a href=\"https:\/\/www.ifun.de\/mit-display-und-aktiver-kuehlung-anker-zeigt-ladeneuheiten-287797\/\"><img width=\"150\" height=\"150\" src=\"https:\/\/images.ifun.de\/wp-content\/uploads\/2026\/09\/anker-laptop-chargerfeature-150x150.jpg\" class=\"alignright tfe wp-post-image\" alt=\"Anker Laptop Chargerfeature\" decoding=\"async\" loading=\"lazy\" \/><\/a><p>Anker erweitert sein Zubeh\u00f6rangebot im Rahmen der Funkausstellung IFA um vier Ger\u00e4te, bei denen Displays und Temperaturmanagement eine gr\u00f6\u00dfere Rolle spielen. Neu sind eine magnetische Powerbank mit aktiver K\u00fchlung, eine kombinierte Ladestation f\u00fcr den Schreibtisch, ein 100-Watt-Netzteil f\u00fcr Notebooks und ein USB-C-Hub mit zehn Anschl\u00fcssen. Die Preise reichen von 59,99 bis 109,99 Euro. MagGo-Powerbank und [&hellip;]<\/p>\n","protected":false},"author":1,"featured_media":287807,"comment_status":"open","ping_status":"closed","sticky":false,"template":"","format":"standard","meta":{"footnotes":""},"categories":[1],"tags":[2156,136,7588,4634,7589,2650,4591],"class_list":["post-287797","post","type-post","status-publish","format-standard","has-post-thumbnail","hentry","category-news","tag-anker","tag-ladegerat","tag-maggo","tag-powerbank","tag-qi2-2","tag-usb-c","tag-zubehoer"],"aioseo_notices":[],"aioseo_head":"\n\t\t<!-- All in One SEO Pro 5.0.1.1 - aioseo.com -->\n\t<meta name=\"description\" content=\"Anker erweitert sein Zubeh\u00f6r um eine gek\u00fchlte MagGo-Powerbank, eine Qi2.2-Ladestation, ein Notebook-Netzteil und einen USB-C-Hub.\" \/>\n\t<meta name=\"robots\" content=\"max-image-preview:large\" \/>\n\t<meta name=\"author\" content=\"Nicolas\"\/>\n\t<meta name=\"google-site-verification\" content=\"uH_IhWlZO-QDb51DGwVoGT_GCZmfJp98klL3XmbE3ow\" \/>\n\t<link rel=\"canonical\" href=\"https:\/\/www.ifun.de\/mit-display-und-aktiver-kuehlung-anker-zeigt-ladeneuheiten-287797\/\" \/>\n\t<meta name=\"generator\" content=\"All in One SEO Pro (AIOSEO) 5.0.1.1\" \/>\n\t\t<meta property=\"og:locale\" content=\"de_DE\" \/>\n\t\t<meta property=\"og:site_name\" content=\"ifun.de | Apple-News seit 2001\" \/>\n\t\t<meta property=\"og:type\" content=\"article\" \/>\n\t\t<meta property=\"og:title\" content=\"Mit Display und aktiver K\u00fchlung: Anker zeigt Ladeneuheiten | ifun.de\" \/>\n\t\t<meta property=\"og:description\" content=\"Anker erweitert sein Zubeh\u00f6r um eine gek\u00fchlte MagGo-Powerbank, eine Qi2.2-Ladestation, ein Notebook-Netzteil und einen USB-C-Hub.\" \/>\n\t\t<meta property=\"og:url\" content=\"https:\/\/www.ifun.de\/mit-display-und-aktiver-kuehlung-anker-zeigt-ladeneuheiten-287797\/\" \/>\n\t\t<meta property=\"og:image\" content=\"https:\/\/images.ifun.de\/wp-content\/uploads\/2026\/09\/anker-laptop-chargerfeature.jpg\" \/>\n\t\t<meta property=\"og:image:secure_url\" content=\"https:\/\/images.ifun.de\/wp-content\/uploads\/2026\/09\/anker-laptop-chargerfeature.jpg\" \/>\n\t\t<meta property=\"og:image:width\" content=\"960\" \/>\n\t\t<meta property=\"og:image:height\" content=\"378\" \/>\n\t\t<meta property=\"article:published_time\" content=\"2026-09-03T07:30:39+00:00\" \/>\n\t\t<meta property=\"article:modified_time\" content=\"2026-09-03T07:30:39+00:00\" \/>\n\t\t<meta property=\"article:publisher\" content=\"https:\/\/facebook.com\/ifun.de\" \/>\n\t\t<meta name=\"twitter:card\" content=\"summary_large_image\" \/>\n\t\t<meta name=\"twitter:site\" content=\"@ifun_news\" \/>\n\t\t<meta name=\"twitter:title\" content=\"Mit Display und aktiver K\u00fchlung: Anker zeigt Ladeneuheiten | ifun.de\" \/>\n\t\t<meta name=\"twitter:description\" content=\"Anker erweitert sein Zubeh\u00f6r um eine gek\u00fchlte MagGo-Powerbank, eine Qi2.2-Ladestation, ein Notebook-Netzteil und einen USB-C-Hub.\" \/>\n\t\t<meta name=\"twitter:creator\" content=\"@ifun_news\" \/>\n\t\t<meta name=\"twitter:image\" content=\"https:\/\/images.ifun.de\/wp-content\/uploads\/2026\/09\/anker-laptop-chargerfeature.jpg\" \/>\n\t\t<script type=\"application\/ld+json\" class=\"aioseo-schema\">\n\t\t\t{\"@context\":\"https:\\\/\\\/schema.org\",\"@graph\":[{\"@type\":\"Article\",\"@id\":\"https:\\\/\\\/www.ifun.de\\\/mit-display-und-aktiver-kuehlung-anker-zeigt-ladeneuheiten-287797\\\/#article\",\"name\":\"Mit Display und aktiver K\\u00fchlung: Anker zeigt Ladeneuheiten | ifun.de\",\"headline\":\"Mit Display und aktiver K\\u00fchlung: Anker zeigt Ladeneuheiten\",\"author\":{\"@id\":\"https:\\\/\\\/www.ifun.de\\\/author\\\/admin\\\/#author\"},\"publisher\":{\"@id\":\"https:\\\/\\\/www.ifun.de\\\/#organization\"},\"image\":{\"@type\":\"ImageObject\",\"url\":\"https:\\\/\\\/images.ifun.de\\\/wp-content\\\/uploads\\\/2026\\\/09\\\/anker-laptop-chargerfeature.jpg\",\"width\":960,\"height\":378,\"caption\":\"Anker Laptop Chargerfeature\"},\"datePublished\":\"2026-09-03T09:30:39+02:00\",\"dateModified\":\"2026-09-03T09:30:39+02:00\",\"inLanguage\":\"de-DE\",\"commentCount\":3,\"mainEntityOfPage\":{\"@id\":\"https:\\\/\\\/www.ifun.de\\\/mit-display-und-aktiver-kuehlung-anker-zeigt-ladeneuheiten-287797\\\/#webpage\"},\"isPartOf\":{\"@id\":\"https:\\\/\\\/www.ifun.de\\\/mit-display-und-aktiver-kuehlung-anker-zeigt-ladeneuheiten-287797\\\/#webpage\"},\"articleSection\":\"News, Anker, Ladeger\\u00e4t, MagGo, Powerbank, Qi2.2, USB-C, Zubeh\\u00f6r\"},{\"@type\":\"BreadcrumbList\",\"@id\":\"https:\\\/\\\/www.ifun.de\\\/mit-display-und-aktiver-kuehlung-anker-zeigt-ladeneuheiten-287797\\\/#breadcrumblist\",\"itemListElement\":[{\"@type\":\"ListItem\",\"@id\":\"https:\\\/\\\/www.ifun.de#listItem\",\"position\":1,\"name\":\"Home\",\"item\":\"https:\\\/\\\/www.ifun.de\",\"nextItem\":{\"@type\":\"ListItem\",\"@id\":\"https:\\\/\\\/www.ifun.de\\\/category\\\/news\\\/#listItem\",\"name\":\"News\"}},{\"@type\":\"ListItem\",\"@id\":\"https:\\\/\\\/www.ifun.de\\\/category\\\/news\\\/#listItem\",\"position\":2,\"name\":\"News\",\"item\":\"https:\\\/\\\/www.ifun.de\\\/category\\\/news\\\/\",\"nextItem\":{\"@type\":\"ListItem\",\"@id\":\"https:\\\/\\\/www.ifun.de\\\/mit-display-und-aktiver-kuehlung-anker-zeigt-ladeneuheiten-287797\\\/#listItem\",\"name\":\"Mit Display und aktiver K\\u00fchlung: Anker zeigt Ladeneuheiten\"},\"previousItem\":{\"@type\":\"ListItem\",\"@id\":\"https:\\\/\\\/www.ifun.de#listItem\",\"name\":\"Home\"}},{\"@type\":\"ListItem\",\"@id\":\"https:\\\/\\\/www.ifun.de\\\/mit-display-und-aktiver-kuehlung-anker-zeigt-ladeneuheiten-287797\\\/#listItem\",\"position\":3,\"name\":\"Mit Display und aktiver K\\u00fchlung: Anker zeigt Ladeneuheiten\",\"previousItem\":{\"@type\":\"ListItem\",\"@id\":\"https:\\\/\\\/www.ifun.de\\\/category\\\/news\\\/#listItem\",\"name\":\"News\"}}]},{\"@type\":\"Organization\",\"@id\":\"https:\\\/\\\/www.ifun.de\\\/#organization\",\"name\":\"ifun.de\",\"description\":\"Apple-News seit 2001\",\"url\":\"https:\\\/\\\/www.ifun.de\\\/\",\"telephone\":\"+493057707123\",\"logo\":{\"@type\":\"ImageObject\",\"url\":\"https:\\\/\\\/images.ifun.de\\\/wp-content\\\/uploads\\\/2026\\\/02\\\/apple-touch-icon.png\",\"@id\":\"https:\\\/\\\/www.ifun.de\\\/mit-display-und-aktiver-kuehlung-anker-zeigt-ladeneuheiten-287797\\\/#organizationLogo\",\"width\":512,\"height\":512,\"caption\":\"Apple Touch Icon\"},\"image\":{\"@id\":\"https:\\\/\\\/www.ifun.de\\\/mit-display-und-aktiver-kuehlung-anker-zeigt-ladeneuheiten-287797\\\/#organizationLogo\"},\"sameAs\":[\"https:\\\/\\\/facebook.com\\\/ifun.de\",\"https:\\\/\\\/x.com\\\/ifun_news\"]},{\"@type\":\"Person\",\"@id\":\"https:\\\/\\\/www.ifun.de\\\/author\\\/admin\\\/#author\",\"url\":\"https:\\\/\\\/www.ifun.de\\\/author\\\/admin\\\/\",\"name\":\"Nicolas\"},{\"@type\":\"WebPage\",\"@id\":\"https:\\\/\\\/www.ifun.de\\\/mit-display-und-aktiver-kuehlung-anker-zeigt-ladeneuheiten-287797\\\/#webpage\",\"url\":\"https:\\\/\\\/www.ifun.de\\\/mit-display-und-aktiver-kuehlung-anker-zeigt-ladeneuheiten-287797\\\/\",\"name\":\"Mit Display und aktiver K\\u00fchlung: Anker zeigt Ladeneuheiten | ifun.de\",\"description\":\"Anker erweitert sein Zubeh\\u00f6r um eine gek\\u00fchlte MagGo-Powerbank, eine Qi2.2-Ladestation, ein Notebook-Netzteil und einen USB-C-Hub.\",\"inLanguage\":\"de-DE\",\"isPartOf\":{\"@id\":\"https:\\\/\\\/www.ifun.de\\\/#website\"},\"breadcrumb\":{\"@id\":\"https:\\\/\\\/www.ifun.de\\\/mit-display-und-aktiver-kuehlung-anker-zeigt-ladeneuheiten-287797\\\/#breadcrumblist\"},\"author\":{\"@id\":\"https:\\\/\\\/www.ifun.de\\\/author\\\/admin\\\/#author\"},\"creator\":{\"@id\":\"https:\\\/\\\/www.ifun.de\\\/author\\\/admin\\\/#author\"},\"image\":{\"@type\":\"ImageObject\",\"url\":\"https:\\\/\\\/images.ifun.de\\\/wp-content\\\/uploads\\\/2026\\\/09\\\/anker-laptop-chargerfeature.jpg\",\"@id\":\"https:\\\/\\\/www.ifun.de\\\/mit-display-und-aktiver-kuehlung-anker-zeigt-ladeneuheiten-287797\\\/#mainImage\",\"width\":960,\"height\":378,\"caption\":\"Anker Laptop Chargerfeature\"},\"primaryImageOfPage\":{\"@id\":\"https:\\\/\\\/www.ifun.de\\\/mit-display-und-aktiver-kuehlung-anker-zeigt-ladeneuheiten-287797\\\/#mainImage\"},\"datePublished\":\"2026-09-03T09:30:39+02:00\",\"dateModified\":\"2026-09-03T09:30:39+02:00\"},{\"@type\":\"WebSite\",\"@id\":\"https:\\\/\\\/www.ifun.de\\\/#website\",\"url\":\"https:\\\/\\\/www.ifun.de\\\/\",\"name\":\"ifun.de\",\"description\":\"Apple-News seit 2001\",\"inLanguage\":\"de-DE\",\"publisher\":{\"@id\":\"https:\\\/\\\/www.ifun.de\\\/#organization\"}}]}\n\t\t<\/script>\n\t\t<!-- All in One SEO Pro -->\r\n\t\t<title>Mit Display und aktiver K\u00fchlung: Anker zeigt Ladeneuheiten | ifun.de<\/title>\n\n","aioseo_head_json":{"title":"Mit Display und aktiver K\u00fchlung: Anker zeigt Ladeneuheiten | ifun.de","description":"Anker erweitert sein Zubeh\u00f6r um eine gek\u00fchlte MagGo-Powerbank, eine Qi2.2-Ladestation, ein Notebook-Netzteil und einen USB-C-Hub.","canonical_url":"https:\/\/www.ifun.de\/mit-display-und-aktiver-kuehlung-anker-zeigt-ladeneuheiten-287797\/","robots":"max-image-preview:large","keywords":"","webmasterTools":{"google-site-verification":"uH_IhWlZO-QDb51DGwVoGT_GCZmfJp98klL3XmbE3ow","miscellaneous":""},"schema":{"@context":"https:\/\/schema.org","@graph":[{"@type":"Article","@id":"https:\/\/www.ifun.de\/mit-display-und-aktiver-kuehlung-anker-zeigt-ladeneuheiten-287797\/#article","name":"Mit Display und aktiver K\u00fchlung: Anker zeigt Ladeneuheiten | ifun.de","headline":"Mit Display und aktiver K\u00fchlung: Anker zeigt Ladeneuheiten","author":{"@id":"https:\/\/www.ifun.de\/author\/admin\/#author"},"publisher":{"@id":"https:\/\/www.ifun.de\/#organization"},"image":{"@type":"ImageObject","url":"https:\/\/images.ifun.de\/wp-content\/uploads\/2026\/09\/anker-laptop-chargerfeature.jpg","width":960,"height":378,"caption":"Anker Laptop Chargerfeature"},"datePublished":"2026-09-03T09:30:39+02:00","dateModified":"2026-09-03T09:30:39+02:00","inLanguage":"de-DE","commentCount":3,"mainEntityOfPage":{"@id":"https:\/\/www.ifun.de\/mit-display-und-aktiver-kuehlung-anker-zeigt-ladeneuheiten-287797\/#webpage"},"isPartOf":{"@id":"https:\/\/www.ifun.de\/mit-display-und-aktiver-kuehlung-anker-zeigt-ladeneuheiten-287797\/#webpage"},"articleSection":"News, Anker, Ladeger\u00e4t, MagGo, Powerbank, Qi2.2, USB-C, Zubeh\u00f6r"},{"@type":"BreadcrumbList","@id":"https:\/\/www.ifun.de\/mit-display-und-aktiver-kuehlung-anker-zeigt-ladeneuheiten-287797\/#breadcrumblist","itemListElement":[{"@type":"ListItem","@id":"https:\/\/www.ifun.de#listItem","position":1,"name":"Home","item":"https:\/\/www.ifun.de","nextItem":{"@type":"ListItem","@id":"https:\/\/www.ifun.de\/category\/news\/#listItem","name":"News"}},{"@type":"ListItem","@id":"https:\/\/www.ifun.de\/category\/news\/#listItem","position":2,"name":"News","item":"https:\/\/www.ifun.de\/category\/news\/","nextItem":{"@type":"ListItem","@id":"https:\/\/www.ifun.de\/mit-display-und-aktiver-kuehlung-anker-zeigt-ladeneuheiten-287797\/#listItem","name":"Mit Display und aktiver K\u00fchlung: Anker zeigt Ladeneuheiten"},"previousItem":{"@type":"ListItem","@id":"https:\/\/www.ifun.de#listItem","name":"Home"}},{"@type":"ListItem","@id":"https:\/\/www.ifun.de\/mit-display-und-aktiver-kuehlung-anker-zeigt-ladeneuheiten-287797\/#listItem","position":3,"name":"Mit Display und aktiver K\u00fchlung: Anker zeigt Ladeneuheiten","previousItem":{"@type":"ListItem","@id":"https:\/\/www.ifun.de\/category\/news\/#listItem","name":"News"}}]},{"@type":"Organization","@id":"https:\/\/www.ifun.de\/#organization","name":"ifun.de","description":"Apple-News seit 2001","url":"https:\/\/www.ifun.de\/","telephone":"+493057707123","logo":{"@type":"ImageObject","url":"https:\/\/images.ifun.de\/wp-content\/uploads\/2026\/02\/apple-touch-icon.png","@id":"https:\/\/www.ifun.de\/mit-display-und-aktiver-kuehlung-anker-zeigt-ladeneuheiten-287797\/#organizationLogo","width":512,"height":512,"caption":"Apple Touch Icon"},"image":{"@id":"https:\/\/www.ifun.de\/mit-display-und-aktiver-kuehlung-anker-zeigt-ladeneuheiten-287797\/#organizationLogo"},"sameAs":["https:\/\/facebook.com\/ifun.de","https:\/\/x.com\/ifun_news"]},{"@type":"Person","@id":"https:\/\/www.ifun.de\/author\/admin\/#author","url":"https:\/\/www.ifun.de\/author\/admin\/","name":"Nicolas"},{"@type":"WebPage","@id":"https:\/\/www.ifun.de\/mit-display-und-aktiver-kuehlung-anker-zeigt-ladeneuheiten-287797\/#webpage","url":"https:\/\/www.ifun.de\/mit-display-und-aktiver-kuehlung-anker-zeigt-ladeneuheiten-287797\/","name":"Mit Display und aktiver K\u00fchlung: Anker zeigt Ladeneuheiten | ifun.de","description":"Anker erweitert sein Zubeh\u00f6r um eine gek\u00fchlte MagGo-Powerbank, eine Qi2.2-Ladestation, ein Notebook-Netzteil und einen USB-C-Hub.","inLanguage":"de-DE","isPartOf":{"@id":"https:\/\/www.ifun.de\/#website"},"breadcrumb":{"@id":"https:\/\/www.ifun.de\/mit-display-und-aktiver-kuehlung-anker-zeigt-ladeneuheiten-287797\/#breadcrumblist"},"author":{"@id":"https:\/\/www.ifun.de\/author\/admin\/#author"},"creator":{"@id":"https:\/\/www.ifun.de\/author\/admin\/#author"},"image":{"@type":"ImageObject","url":"https:\/\/images.ifun.de\/wp-content\/uploads\/2026\/09\/anker-laptop-chargerfeature.jpg","@id":"https:\/\/www.ifun.de\/mit-display-und-aktiver-kuehlung-anker-zeigt-ladeneuheiten-287797\/#mainImage","width":960,"height":378,"caption":"Anker Laptop Chargerfeature"},"primaryImageOfPage":{"@id":"https:\/\/www.ifun.de\/mit-display-und-aktiver-kuehlung-anker-zeigt-ladeneuheiten-287797\/#mainImage"},"datePublished":"2026-09-03T09:30:39+02:00","dateModified":"2026-09-03T09:30:39+02:00"},{"@type":"WebSite","@id":"https:\/\/www.ifun.de\/#website","url":"https:\/\/www.ifun.de\/","name":"ifun.de","description":"Apple-News seit 2001","inLanguage":"de-DE","publisher":{"@id":"https:\/\/www.ifun.de\/#organization"}}]},"og:locale":"de_DE","og:site_name":"ifun.de | Apple-News seit 2001","og:type":"article","og:title":"Mit Display und aktiver K\u00fchlung: Anker zeigt Ladeneuheiten | ifun.de","og:description":"Anker erweitert sein Zubeh\u00f6r um eine gek\u00fchlte MagGo-Powerbank, eine Qi2.2-Ladestation, ein Notebook-Netzteil und einen USB-C-Hub.","og:url":"https:\/\/www.ifun.de\/mit-display-und-aktiver-kuehlung-anker-zeigt-ladeneuheiten-287797\/","og:image":"https:\/\/images.ifun.de\/wp-content\/uploads\/2026\/09\/anker-laptop-chargerfeature.jpg","og:image:secure_url":"https:\/\/images.ifun.de\/wp-content\/uploads\/2026\/09\/anker-laptop-chargerfeature.jpg","og:image:width":960,"og:image:height":378,"article:published_time":"2026-09-03T07:30:39+00:00","article:modified_time":"2026-09-03T07:30:39+00:00","article:publisher":"https:\/\/facebook.com\/ifun.de","twitter:card":"summary_large_image","twitter:site":"@ifun_news","twitter:title":"Mit Display und aktiver K\u00fchlung: Anker zeigt Ladeneuheiten | ifun.de","twitter:description":"Anker erweitert sein Zubeh\u00f6r um eine gek\u00fchlte MagGo-Powerbank, eine Qi2.2-Ladestation, ein Notebook-Netzteil und einen USB-C-Hub.","twitter:creator":"@ifun_news","twitter:image":"https:\/\/images.ifun.de\/wp-content\/uploads\/2026\/09\/anker-laptop-chargerfeature.jpg"},"aioseo_meta_data":{"post_id":"287797","title":null,"description":"Anker erweitert sein Zubeh\u00f6r um eine gek\u00fchlte MagGo-Powerbank, eine Qi2.2-Ladestation, ein Notebook-Netzteil und einen USB-C-Hub.","keywords":null,"keyphrases":{"focus":{"keyphrase":"","score":0,"analysis":{"keyphraseInTitle":{"score":0,"maxScore":9,"error":1}}},"additional":[]},"primary_term":null,"canonical_url":null,"og_title":null,"og_description":null,"og_object_type":"default","og_image_type":"default","og_image_url":null,"og_image_width":null,"og_image_height":null,"og_image_custom_url":null,"og_image_custom_fields":null,"og_video":"","og_custom_url":null,"og_article_section":null,"og_article_tags":null,"twitter_use_og":false,"twitter_card":"default","twitter_image_type":"default","twitter_image_url":null,"twitter_image_custom_url":null,"twitter_image_custom_fields":null,"twitter_title":null,"twitter_description":null,"schema":{"blockGraphs":[],"customGraphs":[],"default":{"data":{"Article":[],"Course":[],"Dataset":[],"FAQPage":[],"Movie":[],"Person":[],"Product":[],"ProductReview":[],"Car":[],"Recipe":[],"Service":[],"SoftwareApplication":[],"WebPage":[]},"graphName":"Article","isEnabled":true},"graphs":[]},"schema_type":"default","schema_type_options":null,"pillar_content":false,"robots_default":true,"robots_noindex":false,"robots_noarchive":false,"robots_nosnippet":false,"robots_nofollow":false,"robots_noimageindex":false,"robots_noodp":false,"robots_notranslate":false,"robots_max_snippet":"-1","robots_max_videopreview":"-1","robots_max_imagepreview":"large","priority":0,"frequency":"default","local_seo":null,"seo_analyzer_scan_date":"2026-09-03 07:31:11","breadcrumb_settings":null,"limit_modified_date":false,"reviewed_by":null,"open_ai":null,"ai":{"faqs":[],"keyPoints":[],"schemas":[],"titles":[],"descriptions":[],"socialPosts":{"email":{"subject":"","preview":"","content":""},"linkedin":[],"twitter":[],"facebook":[],"instagram":[]}},"created":"2026-09-01 11:05:35","updated":"2026-09-03 07:31:11","focus_keyword":null,"additional_keywords":null,"truseo_locale":null},"aioseo_breadcrumb":"<div class=\"aioseo-breadcrumbs\"><span class=\"aioseo-breadcrumb\">\n\t<a href=\"https:\/\/www.ifun.de\" title=\"Home\">Home<\/a>\n<\/span><span class=\"aioseo-breadcrumb-separator\">\u00bb<\/span><span class=\"aioseo-breadcrumb\">\n\t<a href=\"https:\/\/www.ifun.de\/category\/news\/\" title=\"News\">News<\/a>\n<\/span><span class=\"aioseo-breadcrumb-separator\">\u00bb<\/span><span class=\"aioseo-breadcrumb\">\n\tMit Display und aktiver K\u00fchlung: Anker zeigt Ladeneuheiten\n<\/span><\/div>","aioseo_breadcrumb_json":[{"label":"Home","link":"https:\/\/www.ifun.de"},{"label":"News","link":"https:\/\/www.ifun.de\/category\/news\/"},{"label":"Mit Display und aktiver K\u00fchlung: Anker zeigt Ladeneuheiten","link":"https:\/\/www.ifun.de\/mit-display-und-aktiver-kuehlung-anker-zeigt-ladeneuheiten-287797\/"}],"subheadline":["Vier neue Ger\u00e4te im September"],"featured_image":["https:\/\/images.ifun.de\/wp-content\/uploads\/2026\/09\/anker-laptop-chargerfeature.jpg"],"rest_api_enabler":{"subheadline":"Vier neue Ger\u00e4te im September","featured_image":"https:\/\/images.ifun.de\/wp-content\/uploads\/2026\/09\/anker-laptop-chargerfeature.jpg"},"_links":{"self":[{"href":"https:\/\/www.ifun.de\/apiv2\/wp\/v2\/posts\/287797","targetHints":{"allow":["GET"]}}],"collection":[{"href":"https:\/\/www.ifun.de\/apiv2\/wp\/v2\/posts"}],"about":[{"href":"https:\/\/www.ifun.de\/apiv2\/wp\/v2\/types\/post"}],"author":[{"embeddable":true,"href":"https:\/\/www.ifun.de\/apiv2\/wp\/v2\/users\/1"}],"replies":[{"embeddable":true,"href":"https:\/\/www.ifun.de\/apiv2\/wp\/v2\/comments?post=287797"}],"version-history":[{"count":2,"href":"https:\/\/www.ifun.de\/apiv2\/wp\/v2\/posts\/287797\/revisions"}],"predecessor-version":[{"id":287808,"href":"https:\/\/www.ifun.de\/apiv2\/wp\/v2\/posts\/287797\/revisions\/287808"}],"wp:featuredmedia":[{"embeddable":true,"href":"https:\/\/www.ifun.de\/apiv2\/wp\/v2\/media\/287807"}],"wp:attachment":[{"href":"https:\/\/www.ifun.de\/apiv2\/wp\/v2\/media?parent=287797"}],"wp:term":[{"taxonomy":"category","embeddable":true,"href":"https:\/\/www.ifun.de\/apiv2\/wp\/v2\/categories?post=287797"},{"taxonomy":"post_tag","embeddable":true,"href":"https:\/\/www.ifun.de\/apiv2\/wp\/v2\/tags?post=287797"}],"curies":[{"name":"wp","href":"https:\/\/api.w.org\/{rel}","templated":true}]}}