{"id":287734,"date":"2026-09-01T12:29:17","date_gmt":"2026-09-01T10:29:17","guid":{"rendered":"https:\/\/www.ifun.de\/?p=287734"},"modified":"2026-09-01T12:30:56","modified_gmt":"2026-09-01T10:30:56","slug":"macbook-air-von-2018-apple-stellt-hardware-service-ein","status":"publish","type":"post","link":"https:\/\/www.ifun.de\/macbook-air-von-2018-apple-stellt-hardware-service-ein-287734\/","title":{"rendered":"MacBook Air von 2018: Apple stellt Hardware-Service ein"},"content":{"rendered":"<p>Apple schickt ein St\u00fcck j\u00fcngere Mac-Geschichte aufs Abstellgleis. Das MacBook Air Retina mit 13 Zoll aus dem Jahr 2018 gilt ab sofort als abgek\u00fcndigtes Produkt. Gleichzeitig erhalten das 13 Zoll gro\u00dfe MacBook Pro von 2017 mit zwei Thunderbolt-3-Anschl\u00fcssen und das 2018er-Modell mit vier Thunderbolt-3-Ports denselben Status.<\/p>\n<p><a href=\"https:\/\/images.ifun.de\/wp-content\/uploads\/2018\/10\/macbook-air-2018-500.jpg\"><img loading=\"lazy\" decoding=\"async\" src=\"https:\/\/images.ifun.de\/wp-content\/uploads\/2018\/10\/macbook-air-2018-500.jpg\" alt=\"Macbook Air 2018 500\" width=\"500\" height=\"291\" class=\"alignnone size-full wp-image-129123\" srcset=\"https:\/\/images.ifun.de\/wp-content\/uploads\/2018\/10\/macbook-air-2018-500.jpg 500w, https:\/\/images.ifun.de\/wp-content\/uploads\/2018\/10\/macbook-air-2018-500-300x175.jpg 300w\" sizes=\"auto, (max-width: 500px) 100vw, 500px\" \/><\/a><\/p>\n<p>Die \u00c4nderung findet sich bereits auf <a href=\"https:\/\/support.apple.com\/en-us\/102772\">Apples amerikanischer Supportseite<\/a>. Die deutsche Version hinkt zum Zeitpunkt unserer Ver\u00f6ffentlichung (wie immer) noch hinterher und f\u00fchrt die drei Rechner weiterhin unter den Vintage-Modellen. Apple stuft Produkte als abgek\u00fcndigt ein, wenn deren Vertrieb vor mehr als sieben Jahren eingestellt wurde.<\/p>\n<h2>Retina und Touch ID hielten 2018 Einzug<\/h2>\n<p>Besonders das MacBook Air von 2018 markierte damals einen gr\u00f6\u00dferen Generationswechsel. <a href=\"https:\/\/www.ifun.de\/neues-macbook-air-mit-touch-id-und-retina-display-129125\/\">Wir hatten den Rechner Ende Oktober 2018 vorgestellt<\/a>. Erstmals erhielt Apples besonders beliebtes Notebook ein Retina-Display mit 2.560 \u00d7 1.600 Pixeln, Touch ID, den T2-Sicherheitschip und zwei Thunderbolt-3-Anschl\u00fcsse.<\/p>\n<p>Weniger gut gealtert ist die ebenfalls verbaute Butterfly-Tastatur. Das Modell landete sp\u00e4ter in <a href=\"https:\/\/www.ifun.de\/apple-erweitert-reparaturprogramm-auf-alle-macbooks-mit-butterfly-tastaturen-137956\/\">Apples umfangreichem Reparaturprogramm f\u00fcr problematische MacBook-Tastaturen<\/a>. Auch bei einzelnen Hauptplatinen sah Apple sp\u00e4ter kostenlosen Reparaturbedarf.<\/p>\n<p><a href=\"https:\/\/images.ifun.de\/wp-content\/uploads\/2018\/10\/tim-cook-macbook-air.jpg\"><img loading=\"lazy\" decoding=\"async\" src=\"https:\/\/images.ifun.de\/wp-content\/uploads\/2018\/10\/tim-cook-macbook-air.jpg\" alt=\"Tim Cook Macbook Air\" width=\"700\" height=\"452\" class=\"alignnone size-full wp-image-129235\" srcset=\"https:\/\/images.ifun.de\/wp-content\/uploads\/2018\/10\/tim-cook-macbook-air.jpg 700w, https:\/\/images.ifun.de\/wp-content\/uploads\/2018\/10\/tim-cook-macbook-air-300x194.jpg 300w\" sizes=\"auto, (max-width: 700px) 100vw, 700px\" \/><\/a><\/p>\n<h2>Regul\u00e4re Reparaturen enden<\/h2>\n<p>Mit dem neuen Status stellt Apple den regul\u00e4ren Hardware-Service ein. Apple Stores und autorisierte Servicepartner k\u00f6nnen f\u00fcr abgek\u00fcndigte Ger\u00e4te grunds\u00e4tzlich keine Ersatzteile mehr bei Apple bestellen. Das bedeutet allerdings nicht, dass die Rechner pl\u00f6tzlich unbrauchbar werden. Die Einstufung betrifft zun\u00e4chst ausschlie\u00dflich Apples Reparaturversorgung.<\/p>\n<p>Eine Ausnahme gibt es f\u00fcr den Akku. Bei Mac-Notebooks kann Apple einen Batterietausch abh\u00e4ngig von der Ersatzteilverf\u00fcgbarkeit noch bis zu zehn Jahre nach dem Zeitpunkt anbieten, an dem das jeweilige Modell zuletzt verkauft wurde.<\/p>\n<p>Der Generationenwechsel ist dennoch deutlich: 2018 setzte Apple beim MacBook Air noch auf einen Dual-Core Intel Core i5, maximal 16 GB Arbeitsspeicher und Intels UHD Graphics 617. Nur gut zwei Jahre sp\u00e4ter begann mit dem M1 der Wechsel auf Apple-Prozessoren \u2013 und damit eine technisch v\u00f6llig neue \u00c4ra f\u00fcr das MacBook Air.<\/p>\n<p><script>\r\n  function open_amazon(link) {\r\n    if (navigator.userAgent.indexOf(\"Firefox\") != -1) {\r\n      window.open(link, '_blank');\r\n    } else {\r\n      var tag = document.createElement('a');\r\n      tag.setAttribute('href', link);\r\n      tag.innerHTML = \"amzn\";\r\n      tag.click();\r\n    }\r\n  }\r\n<\/script>\r\n    <div id=\"article-single-amazon-preview\" onclick=\"return open_amazon('https:\/\/www.amazon.de\/dp\/B0GR6877WY?tag=musicweb02&linkCode=ogi&th=1&psc=1');\">\n  <div id=\"article-single-amazon-preview-header\">\n    <span class=\"title\">Produkthinweis<\/span>\n      <\/div>\n  <div id=\"article-single-amazon-preview-content\">\n    <div id=\"article-single-amazon-preview-img\" style=\"background: url('https:\/\/m.media-amazon.com\/images\/I\/312gY9j2oiL.jpg') center center no-repeat; background-size: cover;\"><\/div>\n    <div id=\"article-single-amazon-preview-desc\">\n      <span class=\"bezeichnung\"><a href=\"https:\/\/www.amazon.de\/dp\/B0GR6877WY?tag=musicweb02&linkCode=ogi&th=1&psc=1\" style=\"text-decoration: none; border-bottom: 0px; box-shadow: none;\">Apple 13\" MacBook Neo Laptop mit A18 Pro Chip: Entwickelt f\u00fcr KI und Apple Intelligence, Liquid Retina Display, 8 GB...<\/a><\/span>\n      <span class=\"preis--aktuell\">669,00 EUR<\/span>\n      <span class=\"preis--alt\">799,00 EUR<\/span>\n    <\/div>\n  <\/div>\n<\/div><br \/>\n<script>\r\n  function open_amazon(link) {\r\n    if (navigator.userAgent.indexOf(\"Firefox\") != -1) {\r\n      window.open(link, '_blank');\r\n    } else {\r\n      var tag = document.createElement('a');\r\n      tag.setAttribute('href', link);\r\n      tag.innerHTML = \"amzn\";\r\n      tag.click();\r\n    }\r\n  }\r\n<\/script>\r\n    <div id=\"article-single-amazon-preview\" onclick=\"return open_amazon('https:\/\/www.amazon.de\/dp\/B0GR17DBWL?tag=musicweb02&linkCode=ogi&th=1&psc=1');\">\n  <div id=\"article-single-amazon-preview-header\">\n    <span class=\"title\">Produkthinweis<\/span>\n      <\/div>\n  <div id=\"article-single-amazon-preview-content\">\n    <div id=\"article-single-amazon-preview-img\" style=\"background: url('https:\/\/m.media-amazon.com\/images\/I\/41yOZKd9XqL.jpg') center center no-repeat; background-size: cover;\"><\/div>\n    <div id=\"article-single-amazon-preview-desc\">\n      <span class=\"bezeichnung\"><a href=\"https:\/\/www.amazon.de\/dp\/B0GR17DBWL?tag=musicweb02&linkCode=ogi&th=1&psc=1\" style=\"text-decoration: none; border-bottom: 0px; box-shadow: none;\">Apple 13\" MacBook Air Laptop, M5 Chip mit 10\u2011Core CPU und 8\u2011Core GPU: Entwickelt f\u00fcr KI, 13,6\" Liquid Retina...<\/a><\/span>\n      <span class=\"preis--aktuell\">1.249,00 EUR<\/span>\n      <span class=\"preis--alt\">1.399,00 EUR<\/span>\n    <\/div>\n  <\/div>\n<\/div> <\/p>\n<p><img decoding=\"async\" src=\"https:\/\/vg02.met.vgwort.de\/na\/535d930c468b4013bc4536992456bffd\" width=\"1\" height=\"1\" no-lazy class=\"tracking\" loading=\"eager\"><\/p>\n","protected":false},"excerpt":{"rendered":"<a href=\"https:\/\/www.ifun.de\/macbook-air-von-2018-apple-stellt-hardware-service-ein-287734\/\"><img width=\"150\" height=\"150\" src=\"https:\/\/images.ifun.de\/wp-content\/uploads\/2019\/05\/macbook-air-150x150.jpg\" class=\"alignright tfe wp-post-image\" alt=\"Macbook Air\" decoding=\"async\" loading=\"lazy\" \/><\/a><p>Apple schickt ein St\u00fcck j\u00fcngere Mac-Geschichte aufs Abstellgleis. Das MacBook Air Retina mit 13 Zoll aus dem Jahr 2018 gilt ab sofort als abgek\u00fcndigtes Produkt. Gleichzeitig erhalten das 13 Zoll gro\u00dfe MacBook Pro von 2017 mit zwei Thunderbolt-3-Anschl\u00fcssen und das 2018er-Modell mit vier Thunderbolt-3-Ports denselben Status. Die \u00c4nderung findet sich bereits auf Apples amerikanischer Supportseite. [&hellip;]<\/p>\n","protected":false},"author":30,"featured_media":137960,"comment_status":"open","ping_status":"closed","sticky":false,"template":"","format":"standard","meta":{"footnotes":""},"categories":[1],"tags":[344,224],"class_list":["post-287734","post","type-post","status-publish","format-standard","has-post-thumbnail","hentry","category-news","tag-macbook-air","tag-macbook-pro"],"aioseo_notices":[],"aioseo_head":"\n\t\t<!-- All in One SEO Pro 5.0.1 - aioseo.com -->\n\t<meta name=\"description\" content=\"Apple stuft das erste MacBook Air mit Retina-Display sowie zwei MacBook-Pro-Modelle als abgek\u00fcndigt ein. Regul\u00e4re Reparaturen entfallen.\" \/>\n\t<meta name=\"robots\" content=\"max-image-preview:large\" \/>\n\t<meta name=\"author\" content=\"Ben\"\/>\n\t<meta name=\"google-site-verification\" content=\"uH_IhWlZO-QDb51DGwVoGT_GCZmfJp98klL3XmbE3ow\" \/>\n\t<link rel=\"canonical\" href=\"https:\/\/www.ifun.de\/macbook-air-von-2018-apple-stellt-hardware-service-ein-287734\/\" \/>\n\t<meta name=\"generator\" content=\"All in One SEO Pro (AIOSEO) 5.0.1\" \/>\n\t\t<meta property=\"og:locale\" content=\"de_DE\" \/>\n\t\t<meta property=\"og:site_name\" content=\"ifun.de | Apple-News seit 2001\" \/>\n\t\t<meta property=\"og:type\" content=\"article\" \/>\n\t\t<meta property=\"og:title\" content=\"MacBook Air von 2018: Apple stellt Hardware-Service ein | ifun.de\" \/>\n\t\t<meta property=\"og:description\" content=\"Apple stuft das erste MacBook Air mit Retina-Display sowie zwei MacBook-Pro-Modelle als abgek\u00fcndigt ein. Regul\u00e4re Reparaturen entfallen.\" \/>\n\t\t<meta property=\"og:url\" content=\"https:\/\/www.ifun.de\/macbook-air-von-2018-apple-stellt-hardware-service-ein-287734\/\" \/>\n\t\t<meta property=\"og:image\" content=\"https:\/\/images.ifun.de\/wp-content\/uploads\/2019\/05\/macbook-air.jpg\" \/>\n\t\t<meta property=\"og:image:secure_url\" content=\"https:\/\/images.ifun.de\/wp-content\/uploads\/2019\/05\/macbook-air.jpg\" \/>\n\t\t<meta property=\"og:image:width\" content=\"1000\" \/>\n\t\t<meta property=\"og:image:height\" content=\"338\" \/>\n\t\t<meta property=\"article:published_time\" content=\"2026-09-01T10:29:17+00:00\" \/>\n\t\t<meta property=\"article:modified_time\" content=\"2026-09-01T10:30:56+00:00\" \/>\n\t\t<meta property=\"article:publisher\" content=\"https:\/\/facebook.com\/ifun.de\" \/>\n\t\t<meta name=\"twitter:card\" content=\"summary_large_image\" \/>\n\t\t<meta name=\"twitter:site\" content=\"@ifun_news\" \/>\n\t\t<meta name=\"twitter:title\" content=\"MacBook Air von 2018: Apple stellt Hardware-Service ein | ifun.de\" \/>\n\t\t<meta name=\"twitter:description\" content=\"Apple stuft das erste MacBook Air mit Retina-Display sowie zwei MacBook-Pro-Modelle als abgek\u00fcndigt ein. Regul\u00e4re Reparaturen entfallen.\" \/>\n\t\t<meta name=\"twitter:creator\" content=\"@ifun_news\" \/>\n\t\t<meta name=\"twitter:image\" content=\"https:\/\/images.ifun.de\/wp-content\/uploads\/2019\/05\/macbook-air.jpg\" \/>\n\t\t<script type=\"application\/ld+json\" class=\"aioseo-schema\">\n\t\t\t{\"@context\":\"https:\\\/\\\/schema.org\",\"@graph\":[{\"@type\":\"Article\",\"@id\":\"https:\\\/\\\/www.ifun.de\\\/macbook-air-von-2018-apple-stellt-hardware-service-ein-287734\\\/#article\",\"name\":\"MacBook Air von 2018: Apple stellt Hardware-Service ein | ifun.de\",\"headline\":\"MacBook Air von 2018: Apple stellt Hardware-Service ein\",\"author\":{\"@id\":\"https:\\\/\\\/www.ifun.de\\\/author\\\/ben\\\/#author\"},\"publisher\":{\"@id\":\"https:\\\/\\\/www.ifun.de\\\/#organization\"},\"image\":{\"@type\":\"ImageObject\",\"url\":\"https:\\\/\\\/images.ifun.de\\\/wp-content\\\/uploads\\\/2019\\\/05\\\/macbook-air.jpg\",\"width\":1000,\"height\":338,\"caption\":\"Macbook Air\"},\"datePublished\":\"2026-09-01T12:29:17+02:00\",\"dateModified\":\"2026-09-01T12:30:56+02:00\",\"inLanguage\":\"de-DE\",\"commentCount\":1,\"mainEntityOfPage\":{\"@id\":\"https:\\\/\\\/www.ifun.de\\\/macbook-air-von-2018-apple-stellt-hardware-service-ein-287734\\\/#webpage\"},\"isPartOf\":{\"@id\":\"https:\\\/\\\/www.ifun.de\\\/macbook-air-von-2018-apple-stellt-hardware-service-ein-287734\\\/#webpage\"},\"articleSection\":\"News, MacBook Air, MacBook Pro\"},{\"@type\":\"BreadcrumbList\",\"@id\":\"https:\\\/\\\/www.ifun.de\\\/macbook-air-von-2018-apple-stellt-hardware-service-ein-287734\\\/#breadcrumblist\",\"itemListElement\":[{\"@type\":\"ListItem\",\"@id\":\"https:\\\/\\\/www.ifun.de#listItem\",\"position\":1,\"name\":\"Home\",\"item\":\"https:\\\/\\\/www.ifun.de\",\"nextItem\":{\"@type\":\"ListItem\",\"@id\":\"https:\\\/\\\/www.ifun.de\\\/category\\\/news\\\/#listItem\",\"name\":\"News\"}},{\"@type\":\"ListItem\",\"@id\":\"https:\\\/\\\/www.ifun.de\\\/category\\\/news\\\/#listItem\",\"position\":2,\"name\":\"News\",\"item\":\"https:\\\/\\\/www.ifun.de\\\/category\\\/news\\\/\",\"nextItem\":{\"@type\":\"ListItem\",\"@id\":\"https:\\\/\\\/www.ifun.de\\\/macbook-air-von-2018-apple-stellt-hardware-service-ein-287734\\\/#listItem\",\"name\":\"MacBook Air von 2018: Apple stellt Hardware-Service ein\"},\"previousItem\":{\"@type\":\"ListItem\",\"@id\":\"https:\\\/\\\/www.ifun.de#listItem\",\"name\":\"Home\"}},{\"@type\":\"ListItem\",\"@id\":\"https:\\\/\\\/www.ifun.de\\\/macbook-air-von-2018-apple-stellt-hardware-service-ein-287734\\\/#listItem\",\"position\":3,\"name\":\"MacBook Air von 2018: Apple stellt Hardware-Service ein\",\"previousItem\":{\"@type\":\"ListItem\",\"@id\":\"https:\\\/\\\/www.ifun.de\\\/category\\\/news\\\/#listItem\",\"name\":\"News\"}}]},{\"@type\":\"Organization\",\"@id\":\"https:\\\/\\\/www.ifun.de\\\/#organization\",\"name\":\"ifun.de\",\"description\":\"Apple-News seit 2001\",\"url\":\"https:\\\/\\\/www.ifun.de\\\/\",\"telephone\":\"+493057707123\",\"logo\":{\"@type\":\"ImageObject\",\"url\":\"https:\\\/\\\/images.ifun.de\\\/wp-content\\\/uploads\\\/2026\\\/02\\\/apple-touch-icon.png\",\"@id\":\"https:\\\/\\\/www.ifun.de\\\/macbook-air-von-2018-apple-stellt-hardware-service-ein-287734\\\/#organizationLogo\",\"width\":512,\"height\":512,\"caption\":\"Apple Touch Icon\"},\"image\":{\"@id\":\"https:\\\/\\\/www.ifun.de\\\/macbook-air-von-2018-apple-stellt-hardware-service-ein-287734\\\/#organizationLogo\"},\"sameAs\":[\"https:\\\/\\\/facebook.com\\\/ifun.de\",\"https:\\\/\\\/x.com\\\/ifun_news\"]},{\"@type\":\"Person\",\"@id\":\"https:\\\/\\\/www.ifun.de\\\/author\\\/ben\\\/#author\",\"url\":\"https:\\\/\\\/www.ifun.de\\\/author\\\/ben\\\/\",\"name\":\"Ben\"},{\"@type\":\"WebPage\",\"@id\":\"https:\\\/\\\/www.ifun.de\\\/macbook-air-von-2018-apple-stellt-hardware-service-ein-287734\\\/#webpage\",\"url\":\"https:\\\/\\\/www.ifun.de\\\/macbook-air-von-2018-apple-stellt-hardware-service-ein-287734\\\/\",\"name\":\"MacBook Air von 2018: Apple stellt Hardware-Service ein | ifun.de\",\"description\":\"Apple stuft das erste MacBook Air mit Retina-Display sowie zwei MacBook-Pro-Modelle als abgek\\u00fcndigt ein. Regul\\u00e4re Reparaturen entfallen.\",\"inLanguage\":\"de-DE\",\"isPartOf\":{\"@id\":\"https:\\\/\\\/www.ifun.de\\\/#website\"},\"breadcrumb\":{\"@id\":\"https:\\\/\\\/www.ifun.de\\\/macbook-air-von-2018-apple-stellt-hardware-service-ein-287734\\\/#breadcrumblist\"},\"author\":{\"@id\":\"https:\\\/\\\/www.ifun.de\\\/author\\\/ben\\\/#author\"},\"creator\":{\"@id\":\"https:\\\/\\\/www.ifun.de\\\/author\\\/ben\\\/#author\"},\"image\":{\"@type\":\"ImageObject\",\"url\":\"https:\\\/\\\/images.ifun.de\\\/wp-content\\\/uploads\\\/2019\\\/05\\\/macbook-air.jpg\",\"@id\":\"https:\\\/\\\/www.ifun.de\\\/macbook-air-von-2018-apple-stellt-hardware-service-ein-287734\\\/#mainImage\",\"width\":1000,\"height\":338,\"caption\":\"Macbook Air\"},\"primaryImageOfPage\":{\"@id\":\"https:\\\/\\\/www.ifun.de\\\/macbook-air-von-2018-apple-stellt-hardware-service-ein-287734\\\/#mainImage\"},\"datePublished\":\"2026-09-01T12:29:17+02:00\",\"dateModified\":\"2026-09-01T12:30:56+02:00\"},{\"@type\":\"WebSite\",\"@id\":\"https:\\\/\\\/www.ifun.de\\\/#website\",\"url\":\"https:\\\/\\\/www.ifun.de\\\/\",\"name\":\"ifun.de\",\"description\":\"Apple-News seit 2001\",\"inLanguage\":\"de-DE\",\"publisher\":{\"@id\":\"https:\\\/\\\/www.ifun.de\\\/#organization\"}}]}\n\t\t<\/script>\n\t\t<!-- All in One SEO Pro -->\r\n\t\t<title>MacBook Air von 2018: Apple stellt Hardware-Service ein | ifun.de<\/title>\n\n","aioseo_head_json":{"title":"MacBook Air von 2018: Apple stellt Hardware-Service ein | ifun.de","description":"Apple stuft das erste MacBook Air mit Retina-Display sowie zwei MacBook-Pro-Modelle als abgek\u00fcndigt ein. Regul\u00e4re Reparaturen entfallen.","canonical_url":"https:\/\/www.ifun.de\/macbook-air-von-2018-apple-stellt-hardware-service-ein-287734\/","robots":"max-image-preview:large","keywords":"","webmasterTools":{"google-site-verification":"uH_IhWlZO-QDb51DGwVoGT_GCZmfJp98klL3XmbE3ow","miscellaneous":""},"schema":{"@context":"https:\/\/schema.org","@graph":[{"@type":"Article","@id":"https:\/\/www.ifun.de\/macbook-air-von-2018-apple-stellt-hardware-service-ein-287734\/#article","name":"MacBook Air von 2018: Apple stellt Hardware-Service ein | ifun.de","headline":"MacBook Air von 2018: Apple stellt Hardware-Service ein","author":{"@id":"https:\/\/www.ifun.de\/author\/ben\/#author"},"publisher":{"@id":"https:\/\/www.ifun.de\/#organization"},"image":{"@type":"ImageObject","url":"https:\/\/images.ifun.de\/wp-content\/uploads\/2019\/05\/macbook-air.jpg","width":1000,"height":338,"caption":"Macbook Air"},"datePublished":"2026-09-01T12:29:17+02:00","dateModified":"2026-09-01T12:30:56+02:00","inLanguage":"de-DE","commentCount":1,"mainEntityOfPage":{"@id":"https:\/\/www.ifun.de\/macbook-air-von-2018-apple-stellt-hardware-service-ein-287734\/#webpage"},"isPartOf":{"@id":"https:\/\/www.ifun.de\/macbook-air-von-2018-apple-stellt-hardware-service-ein-287734\/#webpage"},"articleSection":"News, MacBook Air, MacBook Pro"},{"@type":"BreadcrumbList","@id":"https:\/\/www.ifun.de\/macbook-air-von-2018-apple-stellt-hardware-service-ein-287734\/#breadcrumblist","itemListElement":[{"@type":"ListItem","@id":"https:\/\/www.ifun.de#listItem","position":1,"name":"Home","item":"https:\/\/www.ifun.de","nextItem":{"@type":"ListItem","@id":"https:\/\/www.ifun.de\/category\/news\/#listItem","name":"News"}},{"@type":"ListItem","@id":"https:\/\/www.ifun.de\/category\/news\/#listItem","position":2,"name":"News","item":"https:\/\/www.ifun.de\/category\/news\/","nextItem":{"@type":"ListItem","@id":"https:\/\/www.ifun.de\/macbook-air-von-2018-apple-stellt-hardware-service-ein-287734\/#listItem","name":"MacBook Air von 2018: Apple stellt Hardware-Service ein"},"previousItem":{"@type":"ListItem","@id":"https:\/\/www.ifun.de#listItem","name":"Home"}},{"@type":"ListItem","@id":"https:\/\/www.ifun.de\/macbook-air-von-2018-apple-stellt-hardware-service-ein-287734\/#listItem","position":3,"name":"MacBook Air von 2018: Apple stellt Hardware-Service ein","previousItem":{"@type":"ListItem","@id":"https:\/\/www.ifun.de\/category\/news\/#listItem","name":"News"}}]},{"@type":"Organization","@id":"https:\/\/www.ifun.de\/#organization","name":"ifun.de","description":"Apple-News seit 2001","url":"https:\/\/www.ifun.de\/","telephone":"+493057707123","logo":{"@type":"ImageObject","url":"https:\/\/images.ifun.de\/wp-content\/uploads\/2026\/02\/apple-touch-icon.png","@id":"https:\/\/www.ifun.de\/macbook-air-von-2018-apple-stellt-hardware-service-ein-287734\/#organizationLogo","width":512,"height":512,"caption":"Apple Touch Icon"},"image":{"@id":"https:\/\/www.ifun.de\/macbook-air-von-2018-apple-stellt-hardware-service-ein-287734\/#organizationLogo"},"sameAs":["https:\/\/facebook.com\/ifun.de","https:\/\/x.com\/ifun_news"]},{"@type":"Person","@id":"https:\/\/www.ifun.de\/author\/ben\/#author","url":"https:\/\/www.ifun.de\/author\/ben\/","name":"Ben"},{"@type":"WebPage","@id":"https:\/\/www.ifun.de\/macbook-air-von-2018-apple-stellt-hardware-service-ein-287734\/#webpage","url":"https:\/\/www.ifun.de\/macbook-air-von-2018-apple-stellt-hardware-service-ein-287734\/","name":"MacBook Air von 2018: Apple stellt Hardware-Service ein | ifun.de","description":"Apple stuft das erste MacBook Air mit Retina-Display sowie zwei MacBook-Pro-Modelle als abgek\u00fcndigt ein. Regul\u00e4re Reparaturen entfallen.","inLanguage":"de-DE","isPartOf":{"@id":"https:\/\/www.ifun.de\/#website"},"breadcrumb":{"@id":"https:\/\/www.ifun.de\/macbook-air-von-2018-apple-stellt-hardware-service-ein-287734\/#breadcrumblist"},"author":{"@id":"https:\/\/www.ifun.de\/author\/ben\/#author"},"creator":{"@id":"https:\/\/www.ifun.de\/author\/ben\/#author"},"image":{"@type":"ImageObject","url":"https:\/\/images.ifun.de\/wp-content\/uploads\/2019\/05\/macbook-air.jpg","@id":"https:\/\/www.ifun.de\/macbook-air-von-2018-apple-stellt-hardware-service-ein-287734\/#mainImage","width":1000,"height":338,"caption":"Macbook Air"},"primaryImageOfPage":{"@id":"https:\/\/www.ifun.de\/macbook-air-von-2018-apple-stellt-hardware-service-ein-287734\/#mainImage"},"datePublished":"2026-09-01T12:29:17+02:00","dateModified":"2026-09-01T12:30:56+02:00"},{"@type":"WebSite","@id":"https:\/\/www.ifun.de\/#website","url":"https:\/\/www.ifun.de\/","name":"ifun.de","description":"Apple-News seit 2001","inLanguage":"de-DE","publisher":{"@id":"https:\/\/www.ifun.de\/#organization"}}]},"og:locale":"de_DE","og:site_name":"ifun.de | Apple-News seit 2001","og:type":"article","og:title":"MacBook Air von 2018: Apple stellt Hardware-Service ein | ifun.de","og:description":"Apple stuft das erste MacBook Air mit Retina-Display sowie zwei MacBook-Pro-Modelle als abgek\u00fcndigt ein. Regul\u00e4re Reparaturen entfallen.","og:url":"https:\/\/www.ifun.de\/macbook-air-von-2018-apple-stellt-hardware-service-ein-287734\/","og:image":"https:\/\/images.ifun.de\/wp-content\/uploads\/2019\/05\/macbook-air.jpg","og:image:secure_url":"https:\/\/images.ifun.de\/wp-content\/uploads\/2019\/05\/macbook-air.jpg","og:image:width":1000,"og:image:height":338,"article:published_time":"2026-09-01T10:29:17+00:00","article:modified_time":"2026-09-01T10:30:56+00:00","article:publisher":"https:\/\/facebook.com\/ifun.de","twitter:card":"summary_large_image","twitter:site":"@ifun_news","twitter:title":"MacBook Air von 2018: Apple stellt Hardware-Service ein | ifun.de","twitter:description":"Apple stuft das erste MacBook Air mit Retina-Display sowie zwei MacBook-Pro-Modelle als abgek\u00fcndigt ein. Regul\u00e4re Reparaturen entfallen.","twitter:creator":"@ifun_news","twitter:image":"https:\/\/images.ifun.de\/wp-content\/uploads\/2019\/05\/macbook-air.jpg"},"aioseo_meta_data":{"post_id":"287734","title":null,"description":"Apple stuft das erste MacBook Air mit Retina-Display sowie zwei MacBook-Pro-Modelle als abgek\u00fcndigt ein. Regul\u00e4re Reparaturen entfallen.","keywords":null,"keyphrases":{"focus":{"keyphrase":"","score":0,"analysis":{"keyphraseInTitle":{"score":0,"maxScore":9,"error":1}}},"additional":[]},"primary_term":null,"canonical_url":null,"og_title":null,"og_description":null,"og_object_type":"default","og_image_type":"default","og_image_url":null,"og_image_width":null,"og_image_height":null,"og_image_custom_url":null,"og_image_custom_fields":null,"og_video":"","og_custom_url":null,"og_article_section":null,"og_article_tags":null,"twitter_use_og":false,"twitter_card":"default","twitter_image_type":"default","twitter_image_url":null,"twitter_image_custom_url":null,"twitter_image_custom_fields":null,"twitter_title":null,"twitter_description":null,"schema":{"blockGraphs":[],"customGraphs":[],"default":{"data":{"Article":[],"Course":[],"Dataset":[],"FAQPage":[],"Movie":[],"Person":[],"Product":[],"ProductReview":[],"Car":[],"Recipe":[],"Service":[],"SoftwareApplication":[],"WebPage":[]},"graphName":"Article","isEnabled":true},"graphs":[]},"schema_type":"default","schema_type_options":null,"pillar_content":false,"robots_default":true,"robots_noindex":false,"robots_noarchive":false,"robots_nosnippet":false,"robots_nofollow":false,"robots_noimageindex":false,"robots_noodp":false,"robots_notranslate":false,"robots_max_snippet":"-1","robots_max_videopreview":"-1","robots_max_imagepreview":"large","priority":null,"frequency":"default","local_seo":null,"seo_analyzer_scan_date":"2026-09-01 10:32:47","breadcrumb_settings":null,"limit_modified_date":false,"reviewed_by":null,"open_ai":null,"ai":{"faqs":[],"keyPoints":[],"schemas":[],"titles":[],"descriptions":[],"socialPosts":{"email":{"subject":"","preview":"","content":""},"linkedin":[],"twitter":[],"facebook":[],"instagram":[]}},"created":"2026-09-01 03:59:20","updated":"2026-09-01 10:32:47","focus_keyword":null,"additional_keywords":null,"truseo_locale":null},"aioseo_breadcrumb":"<div class=\"aioseo-breadcrumbs\"><span class=\"aioseo-breadcrumb\">\n\t<a href=\"https:\/\/www.ifun.de\" title=\"Home\">Home<\/a>\n<\/span><span class=\"aioseo-breadcrumb-separator\">\u00bb<\/span><span class=\"aioseo-breadcrumb\">\n\t<a href=\"https:\/\/www.ifun.de\/category\/news\/\" title=\"News\">News<\/a>\n<\/span><span class=\"aioseo-breadcrumb-separator\">\u00bb<\/span><span class=\"aioseo-breadcrumb\">\n\tMacBook Air von 2018: Apple stellt Hardware-Service ein\n<\/span><\/div>","aioseo_breadcrumb_json":[{"label":"Home","link":"https:\/\/www.ifun.de"},{"label":"News","link":"https:\/\/www.ifun.de\/category\/news\/"},{"label":"MacBook Air von 2018: Apple stellt Hardware-Service ein","link":"https:\/\/www.ifun.de\/macbook-air-von-2018-apple-stellt-hardware-service-ein-287734\/"}],"subheadline":["Nach knapp acht Jahren"],"featured_image":["https:\/\/images.ifun.de\/wp-content\/uploads\/2019\/05\/macbook-air.jpg"],"rest_api_enabler":{"subheadline":"Nach knapp acht Jahren","featured_image":"https:\/\/images.ifun.de\/wp-content\/uploads\/2019\/05\/macbook-air.jpg"},"_links":{"self":[{"href":"https:\/\/www.ifun.de\/apiv2\/wp\/v2\/posts\/287734","targetHints":{"allow":["GET"]}}],"collection":[{"href":"https:\/\/www.ifun.de\/apiv2\/wp\/v2\/posts"}],"about":[{"href":"https:\/\/www.ifun.de\/apiv2\/wp\/v2\/types\/post"}],"author":[{"embeddable":true,"href":"https:\/\/www.ifun.de\/apiv2\/wp\/v2\/users\/30"}],"replies":[{"embeddable":true,"href":"https:\/\/www.ifun.de\/apiv2\/wp\/v2\/comments?post=287734"}],"version-history":[{"count":3,"href":"https:\/\/www.ifun.de\/apiv2\/wp\/v2\/posts\/287734\/revisions"}],"predecessor-version":[{"id":287784,"href":"https:\/\/www.ifun.de\/apiv2\/wp\/v2\/posts\/287734\/revisions\/287784"}],"wp:featuredmedia":[{"embeddable":true,"href":"https:\/\/www.ifun.de\/apiv2\/wp\/v2\/media\/137960"}],"wp:attachment":[{"href":"https:\/\/www.ifun.de\/apiv2\/wp\/v2\/media?parent=287734"}],"wp:term":[{"taxonomy":"category","embeddable":true,"href":"https:\/\/www.ifun.de\/apiv2\/wp\/v2\/categories?post=287734"},{"taxonomy":"post_tag","embeddable":true,"href":"https:\/\/www.ifun.de\/apiv2\/wp\/v2\/tags?post=287734"}],"curies":[{"name":"wp","href":"https:\/\/api.w.org\/{rel}","templated":true}]}}