{"id":287701,"date":"2026-09-01T07:28:54","date_gmt":"2026-09-01T05:28:54","guid":{"rendered":"https:\/\/www.ifun.de\/?p=287701"},"modified":"2026-09-01T07:28:54","modified_gmt":"2026-09-01T05:28:54","slug":"naechster-rueckzug-bei-apple-phil-schiller-gibt-app-store-und-events-ab","status":"publish","type":"post","link":"https:\/\/www.ifun.de\/naechster-rueckzug-bei-apple-phil-schiller-gibt-app-store-und-events-ab-287701\/","title":{"rendered":"N\u00e4chster R\u00fcckzug bei Apple: Phil Schiller gibt App Store und Events ab"},"content":{"rendered":"<p>Parallel zum heutigen Abschied von Tim Cook k\u00fcndigt sich bei Apple ein weiterer Generationswechsel an. Phil Schiller gibt einem aktuellen Bericht zufolge die Verantwortung f\u00fcr den App Store und Apples Produktveranstaltungen ab. Der 66-J\u00e4hrige verl\u00e4sst das Unternehmen zwar nicht, zieht sich damit aber aus seinen letzten beiden gro\u00dfen operativen Aufgabenbereichen zur\u00fcck, schreibt <a href=\"https:\/\/www.bloomberg.com\/news\/articles\/2026-08-31\/apple-s-phil-schiller-steps-down-from-running-app-store-and-product-events\">Bloomberg<\/a>.<\/p>\n<p><a href=\"https:\/\/images.ifun.de\/wp-content\/uploads\/2019\/02\/schiller-mac-pro.jpg\"><img loading=\"lazy\" decoding=\"async\" src=\"https:\/\/images.ifun.de\/wp-content\/uploads\/2019\/02\/schiller-mac-pro-500x376.jpg\" alt=\"Schiller Mac Pro\" width=\"500\" height=\"376\" class=\"alignnone size-medium wp-image-133991\" \/><\/a><\/p>\n<p>Demnach beh\u00e4lt Schiller seinen Titel als \u201eApple Fellow\u201c und soll k\u00fcnftig an nicht n\u00e4her genannten Projekten arbeiten. Mitarbeiter interpretieren die Ver\u00e4nderung offenbar als weiteren Schritt in Richtung Ruhestand. Auf <a href=\"https:\/\/investor.apple.com\/leadership-and-governance\/person-details\/default.aspx?ItemId=e2f367da-c9c6-4fcc-94ef-945831365832\">Apples eigener F\u00fchrungsseite<\/a> werden App Store und Apple Events zum Zeitpunkt unserer Ver\u00f6ffentlichung allerdings noch als Schillers Verantwortungsbereiche genannt.<\/p>\n<h2>Eddy Cue bekommt den App Store zur\u00fcck<\/h2>\n<p>Die Zust\u00e4ndigkeit f\u00fcr den App Store soll k\u00fcnftig bei Apples Dienste-Chef Eddy Cue liegen. Ganz neu ist die Aufgabe f\u00fcr ihn nicht: Cue verantwortete das Software-Kaufhaus bereits bis 2015, bevor <a href=\"https:\/\/www.ifun.de\/app-store-bekommt-neuen-chef-phil-schiller-uebernimmt-86200\/\">Schiller den App Store vor rund elf Jahren \u00fcbernahm<\/a>. Das operative Tagesgesch\u00e4ft soll k\u00fcnftig der langj\u00e4hrige App-Store-Manager Carson Oliver leiten.<\/p>\n<p>Auch bei Apples Produktpr\u00e4sentationen endet Schillers Zust\u00e4ndigkeit. Nola Weinstein soll k\u00fcnftig das Event-Team f\u00fchren und an Kommunikationschefin Kristin Huguet Quayle berichten. Schiller geh\u00f6rte selbst \u00fcber viele Jahre zu den bekanntesten Gesichtern auf Apples B\u00fchne und pr\u00e4sentierte Produkte wie iMac, iPod, iPhone und Mac pers\u00f6nlich.<\/p>\n<h2>Bewegte Jahre zwischen Epic und EU<\/h2>\n<p>Seine Zeit an der Spitze des App Stores fiel allerdings auch in dessen bislang konfliktreichste Phase. Schiller musste Apples Gesch\u00e4ftsmodell im jahrelangen Streit mit Epic Games verteidigen, vor Gerichten aussagen und die zunehmenden regulatorischen Eingriffe in Europa, Japan und anderen M\u00e4rkten begleiten.<\/p>\n<p><a href=\"https:\/\/images.ifun.de\/wp-content\/uploads\/2020\/08\/phil-schiller-apple-homepod-vorstellung.jpg\"><img loading=\"lazy\" decoding=\"async\" src=\"https:\/\/images.ifun.de\/wp-content\/uploads\/2020\/08\/phil-schiller-apple-homepod-vorstellung-700x520.jpg\" alt=\"Phil Schiller Apple Homepod Vorstellung\" width=\"700\" height=\"520\" class=\"alignnone size-large wp-image-157647\" srcset=\"https:\/\/images.ifun.de\/wp-content\/uploads\/2020\/08\/phil-schiller-apple-homepod-vorstellung-700x520.jpg 700w, https:\/\/images.ifun.de\/wp-content\/uploads\/2020\/08\/phil-schiller-apple-homepod-vorstellung-500x371.jpg 500w, https:\/\/images.ifun.de\/wp-content\/uploads\/2020\/08\/phil-schiller-apple-homepod-vorstellung-768x570.jpg 768w, https:\/\/images.ifun.de\/wp-content\/uploads\/2020\/08\/phil-schiller-apple-homepod-vorstellung.jpg 1142w\" sizes=\"auto, (max-width: 700px) 100vw, 700px\" \/><\/a><\/p>\n<p>Dabei zeigte sich Schiller intern offenbar nicht immer so kompromisslos wie Apple nach au\u00dfen. <a href=\"https:\/\/www.ifun.de\/epic-gegen-apple-phil-schiller-raeumt-zweifel-an-gebuehrenmodell-ein-249338\/\">In einem Gerichtsverfahren wurde 2025 bekannt<\/a>, dass er selbst Bedenken gegen Apples Geb\u00fchren f\u00fcr au\u00dferhalb des App Stores abgewickelte K\u00e4ufe ge\u00e4u\u00dfert hatte. Zuletzt arbeitete Apple mit der EU-Kommission an <a href=\"https:\/\/www.apple.com\/de\/newsroom\/2026\/08\/apple-announces-changes-for-apps-in-the-european-union\/\">erneut \u00fcberarbeiteten Gesch\u00e4ftsbedingungen f\u00fcr Entwickler<\/a>.<\/p>\n<h2>Schon 2020 begann der R\u00fcckzug<\/h2>\n<p>Schillers R\u00fcckzug aus dem Tagesgesch\u00e4ft kommt nicht \u00fcberraschend. <a href=\"https:\/\/www.ifun.de\/apple-manager-phil-schiller-bereitet-seinen-rueckzug-vor-157644\/\">Bereits 2020 hatte er den Posten als Marketingchef abgegeben<\/a> und war zum Apple Fellow ernannt worden. Damals erkl\u00e4rte Schiller, k\u00fcnftig mehr Zeit f\u00fcr Familie, Freunde und pers\u00f6nliche Projekte einplanen zu wollen. App Store und Veranstaltungen behielt er dennoch \u2013 laut einem Bericht von 2024 zeitweise mit Arbeitswochen von ann\u00e4hernd 80 Stunden.<\/p>\n<p>Schiller kam bereits 1987 zu Apple, verlie\u00df das Unternehmen zwischenzeitlich und kehrte 1997 gemeinsam mit Steve Jobs zur\u00fcck. Damit geh\u00f6rt er zu den Managern, die Apples Wiederaufstieg vom angeschlagenen Computerhersteller zum heutigen Weltkonzern unmittelbar begleitet haben.<\/p>\n<p>Dass sein weiterer R\u00fcckzug ausgerechnet mit <a href=\"https:\/\/www.ifun.de\/fuehrungswechsel-bei-apple-ternus-uebernimmt-von-cook-286429\/\">dem Amtsantritt von John Ternus<\/a> zusammenf\u00e4llt, unterstreicht den derzeitigen Umbau in Cupertino. Mit Cook und Schiller treten an einem Tag zwei pr\u00e4gende Vertreter der vergangenen Apple-Jahrzehnte aus dem operativen Tagesgesch\u00e4ft zur\u00fcck. Ternus startet morgen damit nicht nur als neuer CEO, sondern \u00fcbernimmt ein Unternehmen, dessen F\u00fchrungsebene sich zunehmend von der Jobs- und fr\u00fchen Cook-Generation l\u00f6st.<\/p>\n<p><img decoding=\"async\" src=\"https:\/\/vg01.met.vgwort.de\/na\/dbabc03dbd3e42399360ea9fcbc75813\" width=\"1\" height=\"1\" no-lazy class=\"tracking\" loading=\"eager\"><\/p>\n","protected":false},"excerpt":{"rendered":"<a href=\"https:\/\/www.ifun.de\/naechster-rueckzug-bei-apple-phil-schiller-gibt-app-store-und-events-ab-287701\/\"><img width=\"150\" height=\"150\" src=\"https:\/\/images.ifun.de\/wp-content\/uploads\/2024\/04\/phil-schiller-feature-150x150.jpg\" class=\"alignright tfe wp-post-image\" alt=\"Phil Schiller Feature\" decoding=\"async\" loading=\"lazy\" \/><\/a><p>Parallel zum heutigen Abschied von Tim Cook k\u00fcndigt sich bei Apple ein weiterer Generationswechsel an. Phil Schiller gibt einem aktuellen Bericht zufolge die Verantwortung f\u00fcr den App Store und Apples Produktveranstaltungen ab. Der 66-J\u00e4hrige verl\u00e4sst das Unternehmen zwar nicht, zieht sich damit aber aus seinen letzten beiden gro\u00dfen operativen Aufgabenbereichen zur\u00fcck, schreibt Bloomberg. Demnach beh\u00e4lt [&hellip;]<\/p>\n","protected":false},"author":30,"featured_media":231133,"comment_status":"open","ping_status":"closed","sticky":false,"template":"","format":"standard","meta":{"footnotes":""},"categories":[1],"tags":[2732],"class_list":["post-287701","post","type-post","status-publish","format-standard","has-post-thumbnail","hentry","category-news","tag-phil-schiller"],"aioseo_notices":[],"aioseo_head":"\n\t\t<!-- All in One SEO Pro 5.0.1 - aioseo.com -->\n\t<meta name=\"description\" content=\"Phil Schiller zieht sich weiter aus dem Apple-Tagesgesch\u00e4ft zur\u00fcck. Eddy Cue \u00fcbernimmt den App Store, auch die Verantwortung f\u00fcr Apple Events wechselt.\" \/>\n\t<meta name=\"robots\" content=\"max-image-preview:large\" \/>\n\t<meta name=\"author\" content=\"Ben\"\/>\n\t<meta name=\"google-site-verification\" content=\"uH_IhWlZO-QDb51DGwVoGT_GCZmfJp98klL3XmbE3ow\" \/>\n\t<link rel=\"canonical\" href=\"https:\/\/www.ifun.de\/naechster-rueckzug-bei-apple-phil-schiller-gibt-app-store-und-events-ab-287701\/\" \/>\n\t<meta name=\"generator\" content=\"All in One SEO Pro (AIOSEO) 5.0.1\" \/>\n\t\t<meta property=\"og:locale\" content=\"de_DE\" \/>\n\t\t<meta property=\"og:site_name\" content=\"ifun.de | Apple-News seit 2001\" \/>\n\t\t<meta property=\"og:type\" content=\"article\" \/>\n\t\t<meta property=\"og:title\" content=\"N\u00e4chster R\u00fcckzug bei Apple: Phil Schiller gibt App Store und Events ab | ifun.de\" \/>\n\t\t<meta property=\"og:description\" content=\"Phil Schiller zieht sich weiter aus dem Apple-Tagesgesch\u00e4ft zur\u00fcck. Eddy Cue \u00fcbernimmt den App Store, auch die Verantwortung f\u00fcr Apple Events wechselt.\" \/>\n\t\t<meta property=\"og:url\" content=\"https:\/\/www.ifun.de\/naechster-rueckzug-bei-apple-phil-schiller-gibt-app-store-und-events-ab-287701\/\" \/>\n\t\t<meta property=\"og:image\" content=\"https:\/\/images.ifun.de\/wp-content\/uploads\/2024\/04\/phil-schiller-feature.jpg\" \/>\n\t\t<meta property=\"og:image:secure_url\" content=\"https:\/\/images.ifun.de\/wp-content\/uploads\/2024\/04\/phil-schiller-feature.jpg\" \/>\n\t\t<meta property=\"og:image:width\" content=\"960\" \/>\n\t\t<meta property=\"og:image:height\" content=\"378\" \/>\n\t\t<meta property=\"article:published_time\" content=\"2026-09-01T05:28:54+00:00\" \/>\n\t\t<meta property=\"article:modified_time\" content=\"2026-09-01T05:28:54+00:00\" \/>\n\t\t<meta property=\"article:publisher\" content=\"https:\/\/facebook.com\/ifun.de\" \/>\n\t\t<meta name=\"twitter:card\" content=\"summary_large_image\" \/>\n\t\t<meta name=\"twitter:site\" content=\"@ifun_news\" \/>\n\t\t<meta name=\"twitter:title\" content=\"N\u00e4chster R\u00fcckzug bei Apple: Phil Schiller gibt App Store und Events ab | ifun.de\" \/>\n\t\t<meta name=\"twitter:description\" content=\"Phil Schiller zieht sich weiter aus dem Apple-Tagesgesch\u00e4ft zur\u00fcck. Eddy Cue \u00fcbernimmt den App Store, auch die Verantwortung f\u00fcr Apple Events wechselt.\" \/>\n\t\t<meta name=\"twitter:creator\" content=\"@ifun_news\" \/>\n\t\t<meta name=\"twitter:image\" content=\"https:\/\/images.ifun.de\/wp-content\/uploads\/2024\/04\/phil-schiller-feature.jpg\" \/>\n\t\t<script type=\"application\/ld+json\" class=\"aioseo-schema\">\n\t\t\t{\"@context\":\"https:\\\/\\\/schema.org\",\"@graph\":[{\"@type\":\"Article\",\"@id\":\"https:\\\/\\\/www.ifun.de\\\/naechster-rueckzug-bei-apple-phil-schiller-gibt-app-store-und-events-ab-287701\\\/#article\",\"name\":\"N\\u00e4chster R\\u00fcckzug bei Apple: Phil Schiller gibt App Store und Events ab | ifun.de\",\"headline\":\"N\\u00e4chster R\\u00fcckzug bei Apple: Phil Schiller gibt App Store und Events ab\",\"author\":{\"@id\":\"https:\\\/\\\/www.ifun.de\\\/author\\\/ben\\\/#author\"},\"publisher\":{\"@id\":\"https:\\\/\\\/www.ifun.de\\\/#organization\"},\"image\":{\"@type\":\"ImageObject\",\"url\":\"https:\\\/\\\/images.ifun.de\\\/wp-content\\\/uploads\\\/2024\\\/04\\\/phil-schiller-feature.jpg\",\"width\":960,\"height\":378,\"caption\":\"Phil Schiller Feature\"},\"datePublished\":\"2026-09-01T07:28:54+02:00\",\"dateModified\":\"2026-09-01T07:28:54+02:00\",\"inLanguage\":\"de-DE\",\"mainEntityOfPage\":{\"@id\":\"https:\\\/\\\/www.ifun.de\\\/naechster-rueckzug-bei-apple-phil-schiller-gibt-app-store-und-events-ab-287701\\\/#webpage\"},\"isPartOf\":{\"@id\":\"https:\\\/\\\/www.ifun.de\\\/naechster-rueckzug-bei-apple-phil-schiller-gibt-app-store-und-events-ab-287701\\\/#webpage\"},\"articleSection\":\"News, Phil Schiller\"},{\"@type\":\"BreadcrumbList\",\"@id\":\"https:\\\/\\\/www.ifun.de\\\/naechster-rueckzug-bei-apple-phil-schiller-gibt-app-store-und-events-ab-287701\\\/#breadcrumblist\",\"itemListElement\":[{\"@type\":\"ListItem\",\"@id\":\"https:\\\/\\\/www.ifun.de#listItem\",\"position\":1,\"name\":\"Home\",\"item\":\"https:\\\/\\\/www.ifun.de\",\"nextItem\":{\"@type\":\"ListItem\",\"@id\":\"https:\\\/\\\/www.ifun.de\\\/category\\\/news\\\/#listItem\",\"name\":\"News\"}},{\"@type\":\"ListItem\",\"@id\":\"https:\\\/\\\/www.ifun.de\\\/category\\\/news\\\/#listItem\",\"position\":2,\"name\":\"News\",\"item\":\"https:\\\/\\\/www.ifun.de\\\/category\\\/news\\\/\",\"nextItem\":{\"@type\":\"ListItem\",\"@id\":\"https:\\\/\\\/www.ifun.de\\\/naechster-rueckzug-bei-apple-phil-schiller-gibt-app-store-und-events-ab-287701\\\/#listItem\",\"name\":\"N\\u00e4chster R\\u00fcckzug bei Apple: Phil Schiller gibt App Store und Events ab\"},\"previousItem\":{\"@type\":\"ListItem\",\"@id\":\"https:\\\/\\\/www.ifun.de#listItem\",\"name\":\"Home\"}},{\"@type\":\"ListItem\",\"@id\":\"https:\\\/\\\/www.ifun.de\\\/naechster-rueckzug-bei-apple-phil-schiller-gibt-app-store-und-events-ab-287701\\\/#listItem\",\"position\":3,\"name\":\"N\\u00e4chster R\\u00fcckzug bei Apple: Phil Schiller gibt App Store und Events ab\",\"previousItem\":{\"@type\":\"ListItem\",\"@id\":\"https:\\\/\\\/www.ifun.de\\\/category\\\/news\\\/#listItem\",\"name\":\"News\"}}]},{\"@type\":\"Organization\",\"@id\":\"https:\\\/\\\/www.ifun.de\\\/#organization\",\"name\":\"ifun.de\",\"description\":\"Apple-News seit 2001\",\"url\":\"https:\\\/\\\/www.ifun.de\\\/\",\"telephone\":\"+493057707123\",\"logo\":{\"@type\":\"ImageObject\",\"url\":\"https:\\\/\\\/images.ifun.de\\\/wp-content\\\/uploads\\\/2026\\\/02\\\/apple-touch-icon.png\",\"@id\":\"https:\\\/\\\/www.ifun.de\\\/naechster-rueckzug-bei-apple-phil-schiller-gibt-app-store-und-events-ab-287701\\\/#organizationLogo\",\"width\":512,\"height\":512,\"caption\":\"Apple Touch Icon\"},\"image\":{\"@id\":\"https:\\\/\\\/www.ifun.de\\\/naechster-rueckzug-bei-apple-phil-schiller-gibt-app-store-und-events-ab-287701\\\/#organizationLogo\"},\"sameAs\":[\"https:\\\/\\\/facebook.com\\\/ifun.de\",\"https:\\\/\\\/x.com\\\/ifun_news\"]},{\"@type\":\"Person\",\"@id\":\"https:\\\/\\\/www.ifun.de\\\/author\\\/ben\\\/#author\",\"url\":\"https:\\\/\\\/www.ifun.de\\\/author\\\/ben\\\/\",\"name\":\"Ben\"},{\"@type\":\"WebPage\",\"@id\":\"https:\\\/\\\/www.ifun.de\\\/naechster-rueckzug-bei-apple-phil-schiller-gibt-app-store-und-events-ab-287701\\\/#webpage\",\"url\":\"https:\\\/\\\/www.ifun.de\\\/naechster-rueckzug-bei-apple-phil-schiller-gibt-app-store-und-events-ab-287701\\\/\",\"name\":\"N\\u00e4chster R\\u00fcckzug bei Apple: Phil Schiller gibt App Store und Events ab | ifun.de\",\"description\":\"Phil Schiller zieht sich weiter aus dem Apple-Tagesgesch\\u00e4ft zur\\u00fcck. Eddy Cue \\u00fcbernimmt den App Store, auch die Verantwortung f\\u00fcr Apple Events wechselt.\",\"inLanguage\":\"de-DE\",\"isPartOf\":{\"@id\":\"https:\\\/\\\/www.ifun.de\\\/#website\"},\"breadcrumb\":{\"@id\":\"https:\\\/\\\/www.ifun.de\\\/naechster-rueckzug-bei-apple-phil-schiller-gibt-app-store-und-events-ab-287701\\\/#breadcrumblist\"},\"author\":{\"@id\":\"https:\\\/\\\/www.ifun.de\\\/author\\\/ben\\\/#author\"},\"creator\":{\"@id\":\"https:\\\/\\\/www.ifun.de\\\/author\\\/ben\\\/#author\"},\"image\":{\"@type\":\"ImageObject\",\"url\":\"https:\\\/\\\/images.ifun.de\\\/wp-content\\\/uploads\\\/2024\\\/04\\\/phil-schiller-feature.jpg\",\"@id\":\"https:\\\/\\\/www.ifun.de\\\/naechster-rueckzug-bei-apple-phil-schiller-gibt-app-store-und-events-ab-287701\\\/#mainImage\",\"width\":960,\"height\":378,\"caption\":\"Phil Schiller Feature\"},\"primaryImageOfPage\":{\"@id\":\"https:\\\/\\\/www.ifun.de\\\/naechster-rueckzug-bei-apple-phil-schiller-gibt-app-store-und-events-ab-287701\\\/#mainImage\"},\"datePublished\":\"2026-09-01T07:28:54+02:00\",\"dateModified\":\"2026-09-01T07:28:54+02:00\"},{\"@type\":\"WebSite\",\"@id\":\"https:\\\/\\\/www.ifun.de\\\/#website\",\"url\":\"https:\\\/\\\/www.ifun.de\\\/\",\"name\":\"ifun.de\",\"description\":\"Apple-News seit 2001\",\"inLanguage\":\"de-DE\",\"publisher\":{\"@id\":\"https:\\\/\\\/www.ifun.de\\\/#organization\"}}]}\n\t\t<\/script>\n\t\t<!-- All in One SEO Pro -->\r\n\t\t<title>N\u00e4chster R\u00fcckzug bei Apple: Phil Schiller gibt App Store und Events ab | ifun.de<\/title>\n\n","aioseo_head_json":{"title":"N\u00e4chster R\u00fcckzug bei Apple: Phil Schiller gibt App Store und Events ab | ifun.de","description":"Phil Schiller zieht sich weiter aus dem Apple-Tagesgesch\u00e4ft zur\u00fcck. Eddy Cue \u00fcbernimmt den App Store, auch die Verantwortung f\u00fcr Apple Events wechselt.","canonical_url":"https:\/\/www.ifun.de\/naechster-rueckzug-bei-apple-phil-schiller-gibt-app-store-und-events-ab-287701\/","robots":"max-image-preview:large","keywords":"","webmasterTools":{"google-site-verification":"uH_IhWlZO-QDb51DGwVoGT_GCZmfJp98klL3XmbE3ow","miscellaneous":""},"schema":{"@context":"https:\/\/schema.org","@graph":[{"@type":"Article","@id":"https:\/\/www.ifun.de\/naechster-rueckzug-bei-apple-phil-schiller-gibt-app-store-und-events-ab-287701\/#article","name":"N\u00e4chster R\u00fcckzug bei Apple: Phil Schiller gibt App Store und Events ab | ifun.de","headline":"N\u00e4chster R\u00fcckzug bei Apple: Phil Schiller gibt App Store und Events ab","author":{"@id":"https:\/\/www.ifun.de\/author\/ben\/#author"},"publisher":{"@id":"https:\/\/www.ifun.de\/#organization"},"image":{"@type":"ImageObject","url":"https:\/\/images.ifun.de\/wp-content\/uploads\/2024\/04\/phil-schiller-feature.jpg","width":960,"height":378,"caption":"Phil Schiller Feature"},"datePublished":"2026-09-01T07:28:54+02:00","dateModified":"2026-09-01T07:28:54+02:00","inLanguage":"de-DE","mainEntityOfPage":{"@id":"https:\/\/www.ifun.de\/naechster-rueckzug-bei-apple-phil-schiller-gibt-app-store-und-events-ab-287701\/#webpage"},"isPartOf":{"@id":"https:\/\/www.ifun.de\/naechster-rueckzug-bei-apple-phil-schiller-gibt-app-store-und-events-ab-287701\/#webpage"},"articleSection":"News, Phil Schiller"},{"@type":"BreadcrumbList","@id":"https:\/\/www.ifun.de\/naechster-rueckzug-bei-apple-phil-schiller-gibt-app-store-und-events-ab-287701\/#breadcrumblist","itemListElement":[{"@type":"ListItem","@id":"https:\/\/www.ifun.de#listItem","position":1,"name":"Home","item":"https:\/\/www.ifun.de","nextItem":{"@type":"ListItem","@id":"https:\/\/www.ifun.de\/category\/news\/#listItem","name":"News"}},{"@type":"ListItem","@id":"https:\/\/www.ifun.de\/category\/news\/#listItem","position":2,"name":"News","item":"https:\/\/www.ifun.de\/category\/news\/","nextItem":{"@type":"ListItem","@id":"https:\/\/www.ifun.de\/naechster-rueckzug-bei-apple-phil-schiller-gibt-app-store-und-events-ab-287701\/#listItem","name":"N\u00e4chster R\u00fcckzug bei Apple: Phil Schiller gibt App Store und Events ab"},"previousItem":{"@type":"ListItem","@id":"https:\/\/www.ifun.de#listItem","name":"Home"}},{"@type":"ListItem","@id":"https:\/\/www.ifun.de\/naechster-rueckzug-bei-apple-phil-schiller-gibt-app-store-und-events-ab-287701\/#listItem","position":3,"name":"N\u00e4chster R\u00fcckzug bei Apple: Phil Schiller gibt App Store und Events ab","previousItem":{"@type":"ListItem","@id":"https:\/\/www.ifun.de\/category\/news\/#listItem","name":"News"}}]},{"@type":"Organization","@id":"https:\/\/www.ifun.de\/#organization","name":"ifun.de","description":"Apple-News seit 2001","url":"https:\/\/www.ifun.de\/","telephone":"+493057707123","logo":{"@type":"ImageObject","url":"https:\/\/images.ifun.de\/wp-content\/uploads\/2026\/02\/apple-touch-icon.png","@id":"https:\/\/www.ifun.de\/naechster-rueckzug-bei-apple-phil-schiller-gibt-app-store-und-events-ab-287701\/#organizationLogo","width":512,"height":512,"caption":"Apple Touch Icon"},"image":{"@id":"https:\/\/www.ifun.de\/naechster-rueckzug-bei-apple-phil-schiller-gibt-app-store-und-events-ab-287701\/#organizationLogo"},"sameAs":["https:\/\/facebook.com\/ifun.de","https:\/\/x.com\/ifun_news"]},{"@type":"Person","@id":"https:\/\/www.ifun.de\/author\/ben\/#author","url":"https:\/\/www.ifun.de\/author\/ben\/","name":"Ben"},{"@type":"WebPage","@id":"https:\/\/www.ifun.de\/naechster-rueckzug-bei-apple-phil-schiller-gibt-app-store-und-events-ab-287701\/#webpage","url":"https:\/\/www.ifun.de\/naechster-rueckzug-bei-apple-phil-schiller-gibt-app-store-und-events-ab-287701\/","name":"N\u00e4chster R\u00fcckzug bei Apple: Phil Schiller gibt App Store und Events ab | ifun.de","description":"Phil Schiller zieht sich weiter aus dem Apple-Tagesgesch\u00e4ft zur\u00fcck. Eddy Cue \u00fcbernimmt den App Store, auch die Verantwortung f\u00fcr Apple Events wechselt.","inLanguage":"de-DE","isPartOf":{"@id":"https:\/\/www.ifun.de\/#website"},"breadcrumb":{"@id":"https:\/\/www.ifun.de\/naechster-rueckzug-bei-apple-phil-schiller-gibt-app-store-und-events-ab-287701\/#breadcrumblist"},"author":{"@id":"https:\/\/www.ifun.de\/author\/ben\/#author"},"creator":{"@id":"https:\/\/www.ifun.de\/author\/ben\/#author"},"image":{"@type":"ImageObject","url":"https:\/\/images.ifun.de\/wp-content\/uploads\/2024\/04\/phil-schiller-feature.jpg","@id":"https:\/\/www.ifun.de\/naechster-rueckzug-bei-apple-phil-schiller-gibt-app-store-und-events-ab-287701\/#mainImage","width":960,"height":378,"caption":"Phil Schiller Feature"},"primaryImageOfPage":{"@id":"https:\/\/www.ifun.de\/naechster-rueckzug-bei-apple-phil-schiller-gibt-app-store-und-events-ab-287701\/#mainImage"},"datePublished":"2026-09-01T07:28:54+02:00","dateModified":"2026-09-01T07:28:54+02:00"},{"@type":"WebSite","@id":"https:\/\/www.ifun.de\/#website","url":"https:\/\/www.ifun.de\/","name":"ifun.de","description":"Apple-News seit 2001","inLanguage":"de-DE","publisher":{"@id":"https:\/\/www.ifun.de\/#organization"}}]},"og:locale":"de_DE","og:site_name":"ifun.de | Apple-News seit 2001","og:type":"article","og:title":"N\u00e4chster R\u00fcckzug bei Apple: Phil Schiller gibt App Store und Events ab | ifun.de","og:description":"Phil Schiller zieht sich weiter aus dem Apple-Tagesgesch\u00e4ft zur\u00fcck. Eddy Cue \u00fcbernimmt den App Store, auch die Verantwortung f\u00fcr Apple Events wechselt.","og:url":"https:\/\/www.ifun.de\/naechster-rueckzug-bei-apple-phil-schiller-gibt-app-store-und-events-ab-287701\/","og:image":"https:\/\/images.ifun.de\/wp-content\/uploads\/2024\/04\/phil-schiller-feature.jpg","og:image:secure_url":"https:\/\/images.ifun.de\/wp-content\/uploads\/2024\/04\/phil-schiller-feature.jpg","og:image:width":960,"og:image:height":378,"article:published_time":"2026-09-01T05:28:54+00:00","article:modified_time":"2026-09-01T05:28:54+00:00","article:publisher":"https:\/\/facebook.com\/ifun.de","twitter:card":"summary_large_image","twitter:site":"@ifun_news","twitter:title":"N\u00e4chster R\u00fcckzug bei Apple: Phil Schiller gibt App Store und Events ab | ifun.de","twitter:description":"Phil Schiller zieht sich weiter aus dem Apple-Tagesgesch\u00e4ft zur\u00fcck. Eddy Cue \u00fcbernimmt den App Store, auch die Verantwortung f\u00fcr Apple Events wechselt.","twitter:creator":"@ifun_news","twitter:image":"https:\/\/images.ifun.de\/wp-content\/uploads\/2024\/04\/phil-schiller-feature.jpg"},"aioseo_meta_data":{"post_id":"287701","title":null,"description":"Phil Schiller zieht sich weiter aus dem Apple-Tagesgesch\u00e4ft zur\u00fcck. Eddy Cue \u00fcbernimmt den App Store, auch die Verantwortung f\u00fcr Apple Events wechselt.","keywords":null,"keyphrases":{"focus":{"keyphrase":"","score":0,"analysis":{"keyphraseInTitle":{"score":0,"maxScore":9,"error":1}}},"additional":[]},"primary_term":null,"canonical_url":null,"og_title":null,"og_description":null,"og_object_type":"default","og_image_type":"default","og_image_url":null,"og_image_width":null,"og_image_height":null,"og_image_custom_url":null,"og_image_custom_fields":null,"og_video":"","og_custom_url":null,"og_article_section":null,"og_article_tags":null,"twitter_use_og":false,"twitter_card":"default","twitter_image_type":"default","twitter_image_url":null,"twitter_image_custom_url":null,"twitter_image_custom_fields":null,"twitter_title":null,"twitter_description":null,"schema":{"blockGraphs":[],"customGraphs":[],"default":{"data":{"Article":[],"Course":[],"Dataset":[],"FAQPage":[],"Movie":[],"Person":[],"Product":[],"ProductReview":[],"Car":[],"Recipe":[],"Service":[],"SoftwareApplication":[],"WebPage":[]},"graphName":"Article","isEnabled":true},"graphs":[]},"schema_type":"default","schema_type_options":null,"pillar_content":false,"robots_default":true,"robots_noindex":false,"robots_noarchive":false,"robots_nosnippet":false,"robots_nofollow":false,"robots_noimageindex":false,"robots_noodp":false,"robots_notranslate":false,"robots_max_snippet":"-1","robots_max_videopreview":"-1","robots_max_imagepreview":"large","priority":null,"frequency":"default","local_seo":null,"seo_analyzer_scan_date":"2026-09-01 05:28:57","breadcrumb_settings":null,"limit_modified_date":false,"reviewed_by":null,"open_ai":null,"ai":{"faqs":[],"keyPoints":[],"schemas":[],"titles":[],"descriptions":[],"socialPosts":{"email":{"subject":"","preview":"","content":""},"linkedin":[],"twitter":[],"facebook":[],"instagram":[]}},"created":"2026-08-31 17:20:43","updated":"2026-09-01 05:28:57","focus_keyword":null,"additional_keywords":null,"truseo_locale":null},"aioseo_breadcrumb":"<div class=\"aioseo-breadcrumbs\"><span class=\"aioseo-breadcrumb\">\n\t<a href=\"https:\/\/www.ifun.de\" title=\"Home\">Home<\/a>\n<\/span><span class=\"aioseo-breadcrumb-separator\">\u00bb<\/span><span class=\"aioseo-breadcrumb\">\n\t<a href=\"https:\/\/www.ifun.de\/category\/news\/\" title=\"News\">News<\/a>\n<\/span><span class=\"aioseo-breadcrumb-separator\">\u00bb<\/span><span class=\"aioseo-breadcrumb\">\n\tN\u00e4chster R\u00fcckzug bei Apple: Phil Schiller gibt App Store und Events ab\n<\/span><\/div>","aioseo_breadcrumb_json":[{"label":"Home","link":"https:\/\/www.ifun.de"},{"label":"News","link":"https:\/\/www.ifun.de\/category\/news\/"},{"label":"N\u00e4chster R\u00fcckzug bei Apple: Phil Schiller gibt App Store und Events ab","link":"https:\/\/www.ifun.de\/naechster-rueckzug-bei-apple-phil-schiller-gibt-app-store-und-events-ab-287701\/"}],"subheadline":["Generationswechsel bei Apple"],"featured_image":["https:\/\/images.ifun.de\/wp-content\/uploads\/2024\/04\/phil-schiller-feature.jpg"],"rest_api_enabler":{"subheadline":"Generationswechsel bei Apple","featured_image":"https:\/\/images.ifun.de\/wp-content\/uploads\/2024\/04\/phil-schiller-feature.jpg"},"_links":{"self":[{"href":"https:\/\/www.ifun.de\/apiv2\/wp\/v2\/posts\/287701","targetHints":{"allow":["GET"]}}],"collection":[{"href":"https:\/\/www.ifun.de\/apiv2\/wp\/v2\/posts"}],"about":[{"href":"https:\/\/www.ifun.de\/apiv2\/wp\/v2\/types\/post"}],"author":[{"embeddable":true,"href":"https:\/\/www.ifun.de\/apiv2\/wp\/v2\/users\/30"}],"replies":[{"embeddable":true,"href":"https:\/\/www.ifun.de\/apiv2\/wp\/v2\/comments?post=287701"}],"version-history":[{"count":3,"href":"https:\/\/www.ifun.de\/apiv2\/wp\/v2\/posts\/287701\/revisions"}],"predecessor-version":[{"id":287704,"href":"https:\/\/www.ifun.de\/apiv2\/wp\/v2\/posts\/287701\/revisions\/287704"}],"wp:featuredmedia":[{"embeddable":true,"href":"https:\/\/www.ifun.de\/apiv2\/wp\/v2\/media\/231133"}],"wp:attachment":[{"href":"https:\/\/www.ifun.de\/apiv2\/wp\/v2\/media?parent=287701"}],"wp:term":[{"taxonomy":"category","embeddable":true,"href":"https:\/\/www.ifun.de\/apiv2\/wp\/v2\/categories?post=287701"},{"taxonomy":"post_tag","embeddable":true,"href":"https:\/\/www.ifun.de\/apiv2\/wp\/v2\/tags?post=287701"}],"curies":[{"name":"wp","href":"https:\/\/api.w.org\/{rel}","templated":true}]}}