{"id":287695,"date":"2026-08-31T19:41:10","date_gmt":"2026-08-31T17:41:10","guid":{"rendered":"https:\/\/www.ifun.de\/?p=287695"},"modified":"2026-08-31T19:41:10","modified_gmt":"2026-08-31T17:41:10","slug":"tim-cooks-letzter-tag-persoenlicher-abschiedsbrief-an-die-apple-belegschaft","status":"publish","type":"post","link":"https:\/\/www.ifun.de\/tim-cooks-letzter-tag-persoenlicher-abschiedsbrief-an-die-apple-belegschaft-287695\/","title":{"rendered":"Tim Cooks letzter Tag: Pers\u00f6nlicher Abschiedsbrief an die Apple-Belegschaft"},"content":{"rendered":"<p>F\u00fcr Tim Cook endet heute ein Kapitel, das Apple \u00fcber anderthalb Jahrzehnte gepr\u00e4gt hat. Am 31. August 2026 absolviert der 65-J\u00e4hrige seinen letzten Arbeitstag als CEO des Unternehmens. Bevor John Ternus morgen die F\u00fchrung \u00fcbernimmt, hat Cook eine pers\u00f6nliche Abschiedsnachricht an die Apple-Belegschaft geschickt.<\/p>\n<p><a href=\"https:\/\/images.ifun.de\/wp-content\/uploads\/2026\/03\/tim_cook_billionth_iphone-scaled.jpg\"><img loading=\"lazy\" decoding=\"async\" src=\"https:\/\/images.ifun.de\/wp-content\/uploads\/2026\/03\/tim_cook_billionth_iphone-500x283.jpg\" alt=\"Tim Cook Billionth Iphone\" width=\"500\" height=\"283\" class=\"alignnone size-medium wp-image-275838\" srcset=\"https:\/\/images.ifun.de\/wp-content\/uploads\/2026\/03\/tim_cook_billionth_iphone-500x283.jpg 500w, https:\/\/images.ifun.de\/wp-content\/uploads\/2026\/03\/tim_cook_billionth_iphone-700x396.jpg 700w, https:\/\/images.ifun.de\/wp-content\/uploads\/2026\/03\/tim_cook_billionth_iphone-768x434.jpg 768w, https:\/\/images.ifun.de\/wp-content\/uploads\/2026\/03\/tim_cook_billionth_iphone-1536x869.jpg 1536w, https:\/\/images.ifun.de\/wp-content\/uploads\/2026\/03\/tim_cook_billionth_iphone-2048x1158.jpg 2048w\" sizes=\"auto, (max-width: 500px) 100vw, 500px\" \/><\/a><\/p>\n<p>Die vollst\u00e4ndige interne Nachricht wurde von <a href=\"https:\/\/9to5mac.com\/2026\/08\/31\/read-tim-cooks-full-memo-to-apple-employees-on-his-last-day-as-ceo\/\">9to5Mac ver\u00f6ffentlicht<\/a>. Cook schreibt darin sinngem\u00e4\u00df, dass er immer gewusst habe, dass dieser Tag irgendwann kommen w\u00fcrde. Trotzdem falle es ihm schwer zu glauben, dass er nun tats\u00e4chlich seine letzten Zeilen als Apple-CEO verfasse.<\/p>\n<h2>\u201eHeute ist mein letzter Tag als CEO\u201c<\/h2>\n<p>Cook bedankt sich bei den Mitarbeitern f\u00fcr ihre Unterst\u00fctzung und bezeichnet es als das Privileg seines Lebens, Apple f\u00fchren zu d\u00fcrfen. Besonders hebt er die gemeinsame Arbeit hervor. Apple habe seinen sprichw\u00f6rtlichen \u201eEindruck im Universum\u201c hinterlassen k\u00f6nnen, weil die Mitarbeiter gemeinsame Werte teilten und sich gegenseitig unterst\u00fctzten. Die Formulierung greift bewusst eine bekannte Aussage von Steve Jobs auf.<\/p>\n<p>Cook macht zugleich deutlich, dass ihm der Abschied von der t\u00e4glichen F\u00fchrung nicht leichtf\u00e4llt. Er werde die Arbeit und vor allem die direkte Zusammenarbeit mit dem Apple-Team vermissen. Mit seiner Entscheidung sei er dennoch vollkommen im Reinen.<\/p>\n<p><a href=\"https:\/\/images.ifun.de\/wp-content\/uploads\/2021\/12\/tim-cook-aple-park.jpg\"><img loading=\"lazy\" decoding=\"async\" src=\"https:\/\/images.ifun.de\/wp-content\/uploads\/2021\/12\/tim-cook-aple-park-700x450.jpg\" alt=\"Tim Cook Aple Park\" width=\"700\" height=\"450\" class=\"alignnone size-large wp-image-180296\" srcset=\"https:\/\/images.ifun.de\/wp-content\/uploads\/2021\/12\/tim-cook-aple-park-700x450.jpg 700w, https:\/\/images.ifun.de\/wp-content\/uploads\/2021\/12\/tim-cook-aple-park-500x321.jpg 500w, https:\/\/images.ifun.de\/wp-content\/uploads\/2021\/12\/tim-cook-aple-park-768x493.jpg 768w, https:\/\/images.ifun.de\/wp-content\/uploads\/2021\/12\/tim-cook-aple-park.jpg 1400w\" sizes=\"auto, (max-width: 700px) 100vw, 700px\" \/><\/a><\/p>\n<h2>Klare R\u00fcckendeckung f\u00fcr John Ternus<\/h2>\n<p>Besonders deutlich f\u00e4llt Cooks Unterst\u00fctzung f\u00fcr seinen Nachfolger aus. John Ternus sei brillant, sympathisch und au\u00dferordentlich f\u00e4hig. Nur wenige Menschen verst\u00fcnden so gut wie der bisherige Hardware-Chef, was erforderlich sei, um Produkte zu entwickeln, die die Welt ver\u00e4ndern k\u00f6nnen. Cook freue sich entsprechend darauf, Ternus nun an der Spitze von Apple zu sehen.<\/p>\n<p><a href=\"https:\/\/www.ifun.de\/fuehrungswechsel-bei-apple-ternus-uebernimmt-von-cook-286429\/\">Den F\u00fchrungswechsel hatten wir vergangene Woche ausf\u00fchrlicher vorgestellt<\/a>. Ternus arbeitet seit 2001 bei Apple und leitet seit 2021 die Hardwareentwicklung. <a href=\"https:\/\/www.apple.com\/de\/newsroom\/2026\/04\/tim-cook-to-become-apple-executive-chairman-john-ternus-to-become-apple-ceo\/\">Apple hatte seine Ernennung bereits im April angek\u00fcndigt<\/a>.<\/p>\n<p>Zum Abschluss seiner internen Nachricht bittet Cook die Mitarbeiter, weiterhin stolz auf Apple zu sein und bei ihrer Arbeit stets ihr Bestes zu geben. Wenn alle ihre F\u00e4higkeiten einbr\u00e4chten und dabei sowohl aufeinander als auch auf die Kunden achteten, gebe es kaum Grenzen daf\u00fcr, welchen Unterschied das Unternehmen machen k\u00f6nne.<\/p>\n<p><a href=\"https:\/\/images.ifun.de\/wp-content\/uploads\/2018\/09\/tim-cook-gathering-round.jpg\"><img loading=\"lazy\" decoding=\"async\" src=\"https:\/\/images.ifun.de\/wp-content\/uploads\/2018\/09\/tim-cook-gathering-round.jpg\" alt=\"Tim Cook Gathering Round\" width=\"700\" height=\"378\" class=\"alignnone size-full wp-image-127270\" \/><\/a><\/p>\n<blockquote><p>Team,<\/p>\n<p>Today is my last day as CEO of Apple. This is a moment I always knew would come one day, and yet it is still hard to believe it has arrived and I am writing these words. I love this company and the team behind it, and I couldn&#8217;t let this day pass without sending a note to you, to tell you how grateful I am for the outpouring of affection you&#8217;ve sent my way, for the way you&#8217;ve shown up each and every day, and most of all, for the privilege of a lifetime serving as your leader.<\/p>\n<p>The truth is, whatever there is to say about my success, I know it is all because of you. You have brought out the best in me. In all my life, I have never seen or been with such an extraordinary team of people before, and every day I get to see more examples of that.<\/p>\n<p>There is something truly special about Apple. I am most proud of what an annual report could never capture. This place is proof that culture triumphs over everything. We share a belief that what we build matters, and that we have both the opportunity and the responsibility to leave the world better than we found it. That purpose is part of what makes this place extraordinary. Apple helps nurture it, but I believe it lived within each of you long before you arrived here. It is what brought you to this company and what continues to drive the work you do every day. Together, we have created something far greater than any one of us could have imagined or accomplished alone. And that&#8217;s the secret to our success. We bring out the best in each other. We lift each other up. We have made it possible to leave our &#8222;dent in the universe,&#8220; as Steve once described it, because of who we are and what we believe, because of what we value and how we see the world. How fortunate we are. How fortunate I am.<\/p>\n<p>As you know, I am not leaving Apple. But I am stepping away from a role that I have loved deeply. I will miss this work in ways I can only begin to imagine, even as I remain completely at peace with my decision. I will miss leading you and being with you for every step, even as I take enormous comfort in handing the helm to someone as brilliant and wonderful and capable as John. Few people understand what it takes to build products that change the world the way John does and I could not be more excited for his leadership.<\/p>\n<p>I hope you know how much I appreciate you and what an honor it has been to be your CEO. Most of all, I hope you will continue to be proud to be part of this remarkable place we call Apple and always give it your very best. When we bring our whole selves to this work, with care for one another and for the people we serve, there is no limit to the profound difference we can make.<\/p>\n<p>I look forward to seeing you in my new role at Apple Park and around the world.<\/p>\n<p>With all I have and all I am, I am always<\/p>\n<p>Yours,<\/p>\n<p>Tim<\/p><\/blockquote>\n<h2>Cook bleibt Apple erhalten<\/h2>\n<p>Ganz verabschieden muss sich die Apple-Belegschaft von Cook ohnehin nicht. Er erinnert selbst daran, dass er das Unternehmen nicht verl\u00e4sst. Ab morgen \u00fcbernimmt Cook den neu geschaffenen Posten als Executive Chairman und wird Apple unter anderem weiterhin bei Kontakten zu politischen Entscheidungstr\u00e4gern vertreten.<\/p>\n<blockquote class=\"twitter-tweet\">\n<p lang=\"en\" dir=\"ltr\">Sending lots of love to the Apple community on my last day as CEO. My title changes tomorrow, but the love I have for the Apple community never will. Thank you for being a constant source of inspiration. My gratitude is endless, and I\u2019m excited for the next chapter!<\/p>\n<p>&mdash; Tim Cook (@tim_cook) <a href=\"https:\/\/x.com\/tim_cook\/status\/2094448088199078236?ref_src=twsrc%5Etfw\">August 31, 2026<\/a><\/p><\/blockquote>\n<p> <script async src=\"https:\/\/platform.x.com\/widgets.js\" charset=\"utf-8\"><\/script><\/p>\n<p>Auch \u00f6ffentlich verabschiedete sich Cook heute von den Nutzern. Seine Amtsbezeichnung \u00e4ndere sich zwar morgen, seine Verbundenheit mit der Apple-Community jedoch nicht. Er bedankte sich f\u00fcr die jahrelange Inspiration und blickt nach eigenen Worten gespannt auf das n\u00e4chste Kapitel.<\/p>\n<p>Die vergangenen Tage hatten bereits deutliche Abschiedszeichen getragen. <a href=\"https:\/\/www.ifun.de\/tim-cooks-letzte-tage-als-ceo-pokmon-schaut-im-apple-park-vorbei-287609\/\">Zuletzt empfingen Cook und Ternus gemeinsam die Pok\u00e9mon-F\u00fchrung samt Pikachu im Apple Park<\/a>. Zuvor hatte Apple Cook bei einer internen Feier mit rund 200 G\u00e4sten und einem Auftritt von OneRepublic verabschiedet. Ab morgen beginnt offiziell die \u00c4ra John Ternus.<\/p>\n<p><a href=\"https:\/\/images.ifun.de\/wp-content\/uploads\/2024\/03\/tim-cook-wwdc-2023.jpg\"><img loading=\"lazy\" decoding=\"async\" src=\"https:\/\/images.ifun.de\/wp-content\/uploads\/2024\/03\/tim-cook-wwdc-2023-700x380.jpg\" alt=\"Tim Cook Wwdc 2023\" width=\"700\" height=\"380\" class=\"alignnone size-large wp-image-229424\" srcset=\"https:\/\/images.ifun.de\/wp-content\/uploads\/2024\/03\/tim-cook-wwdc-2023-700x380.jpg 700w, https:\/\/images.ifun.de\/wp-content\/uploads\/2024\/03\/tim-cook-wwdc-2023-500x271.jpg 500w, https:\/\/images.ifun.de\/wp-content\/uploads\/2024\/03\/tim-cook-wwdc-2023-768x416.jpg 768w, https:\/\/images.ifun.de\/wp-content\/uploads\/2024\/03\/tim-cook-wwdc-2023.jpg 1400w\" sizes=\"auto, (max-width: 700px) 100vw, 700px\" \/><\/a><\/p>\n<h2>Ein Abschied, der uns mitbetrifft<\/h6>\n<p>Auch f\u00fcr uns bei iFun.de und dem iPhone-Ticker markiert Cooks letzter Tag einen Einschnitt. Einen gro\u00dfen Teil seiner 15 Jahre an der Apple-Spitze haben wir t\u00e4glich begleitet \u2013 von neuen iPhones und dem Aufstieg der Apple Watch \u00fcber den Wechsel zu Apple Silicon bis hin zum milliardenschweren Dienste-Gesch\u00e4ft. Cook hat Apple wirtschaftlich in eine v\u00f6llig neue Gr\u00f6\u00dfenordnung gef\u00fchrt und das Produktportfolio deutlich verbreitert. Gleichzeitig fallen in seine Amtszeit aber auch kontroverse Entwicklungen: steigende Preise, politische Eingriffe, die wachsende Bedeutung von Abonnements und Services, zunehmende regulatorische Konflikte und zuletzt die Schwierigkeiten, beim Thema k\u00fcnstliche Intelligenz mit der Konkurrenz Schritt zu halten.<\/p>\n<p>Cook war nie der Produktvision\u00e4r, als den viele seinen Vorg\u00e4nger Steve Jobs wahrgenommen haben \u2013 und hat auch nie versucht, einer zu sein. Seine St\u00e4rke lag eher darin, aus dem von Jobs hinterlassenen Unternehmen einen globalen Konzern mit enorm effizienten Lieferketten, einer starken Dienste-Sparte und einer au\u00dfergew\u00f6hnlich loyalen Kundenbasis zu machen. Ob John Ternus diese Linie fortf\u00fchrt oder Apple wieder st\u00e4rker \u00fcber neue Produktkategorien und mutigere Entscheidungen definieren will, d\u00fcrfte eine der spannendsten Fragen der kommenden Jahre werden. An Gespr\u00e4chsstoff sollte es uns jedenfalls auch nach dem F\u00fchrungswechsel nicht mangeln.<\/p>\n<p><img decoding=\"async\" src=\"https:\/\/vg01.met.vgwort.de\/na\/a1943a413224499c953dd5be6092756d\" width=\"1\" height=\"1\" no-lazy class=\"tracking\" loading=\"eager\"><\/p>\n","protected":false},"excerpt":{"rendered":"<a href=\"https:\/\/www.ifun.de\/tim-cooks-letzter-tag-persoenlicher-abschiedsbrief-an-die-apple-belegschaft-287695\/\"><img width=\"150\" height=\"150\" src=\"https:\/\/images.ifun.de\/wp-content\/uploads\/2019\/08\/tim-cook-ist-stolz-150x150.jpg\" class=\"alignright tfe wp-post-image\" alt=\"Tim Cook Ist Stolz\" decoding=\"async\" loading=\"lazy\" \/><\/a><p>F\u00fcr Tim Cook endet heute ein Kapitel, das Apple \u00fcber anderthalb Jahrzehnte gepr\u00e4gt hat. Am 31. August 2026 absolviert der 65-J\u00e4hrige seinen letzten Arbeitstag als CEO des Unternehmens. Bevor John Ternus morgen die F\u00fchrung \u00fcbernimmt, hat Cook eine pers\u00f6nliche Abschiedsnachricht an die Apple-Belegschaft geschickt. Die vollst\u00e4ndige interne Nachricht wurde von 9to5Mac ver\u00f6ffentlicht. Cook schreibt darin [&hellip;]<\/p>\n","protected":false},"author":30,"featured_media":142250,"comment_status":"open","ping_status":"closed","sticky":false,"template":"","format":"standard","meta":{"footnotes":""},"categories":[1],"tags":[],"class_list":["post-287695","post","type-post","status-publish","format-standard","has-post-thumbnail","hentry","category-news"],"aioseo_notices":[],"aioseo_head":"\n\t\t<!-- All in One SEO Pro 5.0.1 - aioseo.com -->\n\t<meta name=\"description\" content=\"An seinem letzten Tag als Apple-CEO richtet Tim Cook eine pers\u00f6nliche Nachricht an die Mitarbeiter und spricht Nachfolger John Ternus sein Vertrauen aus.\" \/>\n\t<meta name=\"robots\" content=\"max-image-preview:large\" \/>\n\t<meta name=\"author\" content=\"Ben\"\/>\n\t<meta name=\"google-site-verification\" content=\"uH_IhWlZO-QDb51DGwVoGT_GCZmfJp98klL3XmbE3ow\" \/>\n\t<link rel=\"canonical\" href=\"https:\/\/www.ifun.de\/tim-cooks-letzter-tag-persoenlicher-abschiedsbrief-an-die-apple-belegschaft-287695\/\" \/>\n\t<meta name=\"generator\" content=\"All in One SEO Pro (AIOSEO) 5.0.1\" \/>\n\t\t<meta property=\"og:locale\" content=\"de_DE\" \/>\n\t\t<meta property=\"og:site_name\" content=\"ifun.de | Apple-News seit 2001\" \/>\n\t\t<meta property=\"og:type\" content=\"article\" \/>\n\t\t<meta property=\"og:title\" content=\"Tim Cooks letzter Tag: Pers\u00f6nlicher Abschiedsbrief an die Apple-Belegschaft | ifun.de\" \/>\n\t\t<meta property=\"og:description\" content=\"An seinem letzten Tag als Apple-CEO richtet Tim Cook eine pers\u00f6nliche Nachricht an die Mitarbeiter und spricht Nachfolger John Ternus sein Vertrauen aus.\" \/>\n\t\t<meta property=\"og:url\" content=\"https:\/\/www.ifun.de\/tim-cooks-letzter-tag-persoenlicher-abschiedsbrief-an-die-apple-belegschaft-287695\/\" \/>\n\t\t<meta property=\"og:image\" content=\"https:\/\/images.ifun.de\/wp-content\/uploads\/2019\/08\/tim-cook-ist-stolz.jpg\" \/>\n\t\t<meta property=\"og:image:secure_url\" content=\"https:\/\/images.ifun.de\/wp-content\/uploads\/2019\/08\/tim-cook-ist-stolz.jpg\" \/>\n\t\t<meta property=\"og:image:width\" content=\"960\" \/>\n\t\t<meta property=\"og:image:height\" content=\"378\" \/>\n\t\t<meta property=\"article:published_time\" content=\"2026-08-31T17:41:10+00:00\" \/>\n\t\t<meta property=\"article:modified_time\" content=\"2026-08-31T17:41:10+00:00\" \/>\n\t\t<meta property=\"article:publisher\" content=\"https:\/\/facebook.com\/ifun.de\" \/>\n\t\t<meta name=\"twitter:card\" content=\"summary_large_image\" \/>\n\t\t<meta name=\"twitter:site\" content=\"@ifun_news\" \/>\n\t\t<meta name=\"twitter:title\" content=\"Tim Cooks letzter Tag: Pers\u00f6nlicher Abschiedsbrief an die Apple-Belegschaft | ifun.de\" \/>\n\t\t<meta name=\"twitter:description\" content=\"An seinem letzten Tag als Apple-CEO richtet Tim Cook eine pers\u00f6nliche Nachricht an die Mitarbeiter und spricht Nachfolger John Ternus sein Vertrauen aus.\" \/>\n\t\t<meta name=\"twitter:creator\" content=\"@ifun_news\" \/>\n\t\t<meta name=\"twitter:image\" content=\"https:\/\/images.ifun.de\/wp-content\/uploads\/2019\/08\/tim-cook-ist-stolz.jpg\" \/>\n\t\t<script type=\"application\/ld+json\" class=\"aioseo-schema\">\n\t\t\t{\"@context\":\"https:\\\/\\\/schema.org\",\"@graph\":[{\"@type\":\"Article\",\"@id\":\"https:\\\/\\\/www.ifun.de\\\/tim-cooks-letzter-tag-persoenlicher-abschiedsbrief-an-die-apple-belegschaft-287695\\\/#article\",\"name\":\"Tim Cooks letzter Tag: Pers\\u00f6nlicher Abschiedsbrief an die Apple-Belegschaft | ifun.de\",\"headline\":\"Tim Cooks letzter Tag: Pers\\u00f6nlicher Abschiedsbrief an die Apple-Belegschaft\",\"author\":{\"@id\":\"https:\\\/\\\/www.ifun.de\\\/author\\\/ben\\\/#author\"},\"publisher\":{\"@id\":\"https:\\\/\\\/www.ifun.de\\\/#organization\"},\"image\":{\"@type\":\"ImageObject\",\"url\":\"https:\\\/\\\/images.ifun.de\\\/wp-content\\\/uploads\\\/2019\\\/08\\\/tim-cook-ist-stolz.jpg\",\"width\":960,\"height\":378,\"caption\":\"Tim Cook Ist Stolz\"},\"datePublished\":\"2026-08-31T19:41:10+02:00\",\"dateModified\":\"2026-08-31T19:41:10+02:00\",\"inLanguage\":\"de-DE\",\"commentCount\":5,\"mainEntityOfPage\":{\"@id\":\"https:\\\/\\\/www.ifun.de\\\/tim-cooks-letzter-tag-persoenlicher-abschiedsbrief-an-die-apple-belegschaft-287695\\\/#webpage\"},\"isPartOf\":{\"@id\":\"https:\\\/\\\/www.ifun.de\\\/tim-cooks-letzter-tag-persoenlicher-abschiedsbrief-an-die-apple-belegschaft-287695\\\/#webpage\"},\"articleSection\":\"News\"},{\"@type\":\"BreadcrumbList\",\"@id\":\"https:\\\/\\\/www.ifun.de\\\/tim-cooks-letzter-tag-persoenlicher-abschiedsbrief-an-die-apple-belegschaft-287695\\\/#breadcrumblist\",\"itemListElement\":[{\"@type\":\"ListItem\",\"@id\":\"https:\\\/\\\/www.ifun.de#listItem\",\"position\":1,\"name\":\"Home\",\"item\":\"https:\\\/\\\/www.ifun.de\",\"nextItem\":{\"@type\":\"ListItem\",\"@id\":\"https:\\\/\\\/www.ifun.de\\\/category\\\/news\\\/#listItem\",\"name\":\"News\"}},{\"@type\":\"ListItem\",\"@id\":\"https:\\\/\\\/www.ifun.de\\\/category\\\/news\\\/#listItem\",\"position\":2,\"name\":\"News\",\"item\":\"https:\\\/\\\/www.ifun.de\\\/category\\\/news\\\/\",\"nextItem\":{\"@type\":\"ListItem\",\"@id\":\"https:\\\/\\\/www.ifun.de\\\/tim-cooks-letzter-tag-persoenlicher-abschiedsbrief-an-die-apple-belegschaft-287695\\\/#listItem\",\"name\":\"Tim Cooks letzter Tag: Pers\\u00f6nlicher Abschiedsbrief an die Apple-Belegschaft\"},\"previousItem\":{\"@type\":\"ListItem\",\"@id\":\"https:\\\/\\\/www.ifun.de#listItem\",\"name\":\"Home\"}},{\"@type\":\"ListItem\",\"@id\":\"https:\\\/\\\/www.ifun.de\\\/tim-cooks-letzter-tag-persoenlicher-abschiedsbrief-an-die-apple-belegschaft-287695\\\/#listItem\",\"position\":3,\"name\":\"Tim Cooks letzter Tag: Pers\\u00f6nlicher Abschiedsbrief an die Apple-Belegschaft\",\"previousItem\":{\"@type\":\"ListItem\",\"@id\":\"https:\\\/\\\/www.ifun.de\\\/category\\\/news\\\/#listItem\",\"name\":\"News\"}}]},{\"@type\":\"Organization\",\"@id\":\"https:\\\/\\\/www.ifun.de\\\/#organization\",\"name\":\"ifun.de\",\"description\":\"Apple-News seit 2001\",\"url\":\"https:\\\/\\\/www.ifun.de\\\/\",\"telephone\":\"+493057707123\",\"logo\":{\"@type\":\"ImageObject\",\"url\":\"https:\\\/\\\/images.ifun.de\\\/wp-content\\\/uploads\\\/2026\\\/02\\\/apple-touch-icon.png\",\"@id\":\"https:\\\/\\\/www.ifun.de\\\/tim-cooks-letzter-tag-persoenlicher-abschiedsbrief-an-die-apple-belegschaft-287695\\\/#organizationLogo\",\"width\":512,\"height\":512,\"caption\":\"Apple Touch Icon\"},\"image\":{\"@id\":\"https:\\\/\\\/www.ifun.de\\\/tim-cooks-letzter-tag-persoenlicher-abschiedsbrief-an-die-apple-belegschaft-287695\\\/#organizationLogo\"},\"sameAs\":[\"https:\\\/\\\/facebook.com\\\/ifun.de\",\"https:\\\/\\\/x.com\\\/ifun_news\"]},{\"@type\":\"Person\",\"@id\":\"https:\\\/\\\/www.ifun.de\\\/author\\\/ben\\\/#author\",\"url\":\"https:\\\/\\\/www.ifun.de\\\/author\\\/ben\\\/\",\"name\":\"Ben\"},{\"@type\":\"WebPage\",\"@id\":\"https:\\\/\\\/www.ifun.de\\\/tim-cooks-letzter-tag-persoenlicher-abschiedsbrief-an-die-apple-belegschaft-287695\\\/#webpage\",\"url\":\"https:\\\/\\\/www.ifun.de\\\/tim-cooks-letzter-tag-persoenlicher-abschiedsbrief-an-die-apple-belegschaft-287695\\\/\",\"name\":\"Tim Cooks letzter Tag: Pers\\u00f6nlicher Abschiedsbrief an die Apple-Belegschaft | ifun.de\",\"description\":\"An seinem letzten Tag als Apple-CEO richtet Tim Cook eine pers\\u00f6nliche Nachricht an die Mitarbeiter und spricht Nachfolger John Ternus sein Vertrauen aus.\",\"inLanguage\":\"de-DE\",\"isPartOf\":{\"@id\":\"https:\\\/\\\/www.ifun.de\\\/#website\"},\"breadcrumb\":{\"@id\":\"https:\\\/\\\/www.ifun.de\\\/tim-cooks-letzter-tag-persoenlicher-abschiedsbrief-an-die-apple-belegschaft-287695\\\/#breadcrumblist\"},\"author\":{\"@id\":\"https:\\\/\\\/www.ifun.de\\\/author\\\/ben\\\/#author\"},\"creator\":{\"@id\":\"https:\\\/\\\/www.ifun.de\\\/author\\\/ben\\\/#author\"},\"image\":{\"@type\":\"ImageObject\",\"url\":\"https:\\\/\\\/images.ifun.de\\\/wp-content\\\/uploads\\\/2019\\\/08\\\/tim-cook-ist-stolz.jpg\",\"@id\":\"https:\\\/\\\/www.ifun.de\\\/tim-cooks-letzter-tag-persoenlicher-abschiedsbrief-an-die-apple-belegschaft-287695\\\/#mainImage\",\"width\":960,\"height\":378,\"caption\":\"Tim Cook Ist Stolz\"},\"primaryImageOfPage\":{\"@id\":\"https:\\\/\\\/www.ifun.de\\\/tim-cooks-letzter-tag-persoenlicher-abschiedsbrief-an-die-apple-belegschaft-287695\\\/#mainImage\"},\"datePublished\":\"2026-08-31T19:41:10+02:00\",\"dateModified\":\"2026-08-31T19:41:10+02:00\"},{\"@type\":\"WebSite\",\"@id\":\"https:\\\/\\\/www.ifun.de\\\/#website\",\"url\":\"https:\\\/\\\/www.ifun.de\\\/\",\"name\":\"ifun.de\",\"description\":\"Apple-News seit 2001\",\"inLanguage\":\"de-DE\",\"publisher\":{\"@id\":\"https:\\\/\\\/www.ifun.de\\\/#organization\"}}]}\n\t\t<\/script>\n\t\t<!-- All in One SEO Pro -->\r\n\t\t<title>Tim Cooks letzter Tag: Pers\u00f6nlicher Abschiedsbrief an die Apple-Belegschaft | ifun.de<\/title>\n\n","aioseo_head_json":{"title":"Tim Cooks letzter Tag: Pers\u00f6nlicher Abschiedsbrief an die Apple-Belegschaft | ifun.de","description":"An seinem letzten Tag als Apple-CEO richtet Tim Cook eine pers\u00f6nliche Nachricht an die Mitarbeiter und spricht Nachfolger John Ternus sein Vertrauen aus.","canonical_url":"https:\/\/www.ifun.de\/tim-cooks-letzter-tag-persoenlicher-abschiedsbrief-an-die-apple-belegschaft-287695\/","robots":"max-image-preview:large","keywords":"","webmasterTools":{"google-site-verification":"uH_IhWlZO-QDb51DGwVoGT_GCZmfJp98klL3XmbE3ow","miscellaneous":""},"schema":{"@context":"https:\/\/schema.org","@graph":[{"@type":"Article","@id":"https:\/\/www.ifun.de\/tim-cooks-letzter-tag-persoenlicher-abschiedsbrief-an-die-apple-belegschaft-287695\/#article","name":"Tim Cooks letzter Tag: Pers\u00f6nlicher Abschiedsbrief an die Apple-Belegschaft | ifun.de","headline":"Tim Cooks letzter Tag: Pers\u00f6nlicher Abschiedsbrief an die Apple-Belegschaft","author":{"@id":"https:\/\/www.ifun.de\/author\/ben\/#author"},"publisher":{"@id":"https:\/\/www.ifun.de\/#organization"},"image":{"@type":"ImageObject","url":"https:\/\/images.ifun.de\/wp-content\/uploads\/2019\/08\/tim-cook-ist-stolz.jpg","width":960,"height":378,"caption":"Tim Cook Ist Stolz"},"datePublished":"2026-08-31T19:41:10+02:00","dateModified":"2026-08-31T19:41:10+02:00","inLanguage":"de-DE","commentCount":5,"mainEntityOfPage":{"@id":"https:\/\/www.ifun.de\/tim-cooks-letzter-tag-persoenlicher-abschiedsbrief-an-die-apple-belegschaft-287695\/#webpage"},"isPartOf":{"@id":"https:\/\/www.ifun.de\/tim-cooks-letzter-tag-persoenlicher-abschiedsbrief-an-die-apple-belegschaft-287695\/#webpage"},"articleSection":"News"},{"@type":"BreadcrumbList","@id":"https:\/\/www.ifun.de\/tim-cooks-letzter-tag-persoenlicher-abschiedsbrief-an-die-apple-belegschaft-287695\/#breadcrumblist","itemListElement":[{"@type":"ListItem","@id":"https:\/\/www.ifun.de#listItem","position":1,"name":"Home","item":"https:\/\/www.ifun.de","nextItem":{"@type":"ListItem","@id":"https:\/\/www.ifun.de\/category\/news\/#listItem","name":"News"}},{"@type":"ListItem","@id":"https:\/\/www.ifun.de\/category\/news\/#listItem","position":2,"name":"News","item":"https:\/\/www.ifun.de\/category\/news\/","nextItem":{"@type":"ListItem","@id":"https:\/\/www.ifun.de\/tim-cooks-letzter-tag-persoenlicher-abschiedsbrief-an-die-apple-belegschaft-287695\/#listItem","name":"Tim Cooks letzter Tag: Pers\u00f6nlicher Abschiedsbrief an die Apple-Belegschaft"},"previousItem":{"@type":"ListItem","@id":"https:\/\/www.ifun.de#listItem","name":"Home"}},{"@type":"ListItem","@id":"https:\/\/www.ifun.de\/tim-cooks-letzter-tag-persoenlicher-abschiedsbrief-an-die-apple-belegschaft-287695\/#listItem","position":3,"name":"Tim Cooks letzter Tag: Pers\u00f6nlicher Abschiedsbrief an die Apple-Belegschaft","previousItem":{"@type":"ListItem","@id":"https:\/\/www.ifun.de\/category\/news\/#listItem","name":"News"}}]},{"@type":"Organization","@id":"https:\/\/www.ifun.de\/#organization","name":"ifun.de","description":"Apple-News seit 2001","url":"https:\/\/www.ifun.de\/","telephone":"+493057707123","logo":{"@type":"ImageObject","url":"https:\/\/images.ifun.de\/wp-content\/uploads\/2026\/02\/apple-touch-icon.png","@id":"https:\/\/www.ifun.de\/tim-cooks-letzter-tag-persoenlicher-abschiedsbrief-an-die-apple-belegschaft-287695\/#organizationLogo","width":512,"height":512,"caption":"Apple Touch Icon"},"image":{"@id":"https:\/\/www.ifun.de\/tim-cooks-letzter-tag-persoenlicher-abschiedsbrief-an-die-apple-belegschaft-287695\/#organizationLogo"},"sameAs":["https:\/\/facebook.com\/ifun.de","https:\/\/x.com\/ifun_news"]},{"@type":"Person","@id":"https:\/\/www.ifun.de\/author\/ben\/#author","url":"https:\/\/www.ifun.de\/author\/ben\/","name":"Ben"},{"@type":"WebPage","@id":"https:\/\/www.ifun.de\/tim-cooks-letzter-tag-persoenlicher-abschiedsbrief-an-die-apple-belegschaft-287695\/#webpage","url":"https:\/\/www.ifun.de\/tim-cooks-letzter-tag-persoenlicher-abschiedsbrief-an-die-apple-belegschaft-287695\/","name":"Tim Cooks letzter Tag: Pers\u00f6nlicher Abschiedsbrief an die Apple-Belegschaft | ifun.de","description":"An seinem letzten Tag als Apple-CEO richtet Tim Cook eine pers\u00f6nliche Nachricht an die Mitarbeiter und spricht Nachfolger John Ternus sein Vertrauen aus.","inLanguage":"de-DE","isPartOf":{"@id":"https:\/\/www.ifun.de\/#website"},"breadcrumb":{"@id":"https:\/\/www.ifun.de\/tim-cooks-letzter-tag-persoenlicher-abschiedsbrief-an-die-apple-belegschaft-287695\/#breadcrumblist"},"author":{"@id":"https:\/\/www.ifun.de\/author\/ben\/#author"},"creator":{"@id":"https:\/\/www.ifun.de\/author\/ben\/#author"},"image":{"@type":"ImageObject","url":"https:\/\/images.ifun.de\/wp-content\/uploads\/2019\/08\/tim-cook-ist-stolz.jpg","@id":"https:\/\/www.ifun.de\/tim-cooks-letzter-tag-persoenlicher-abschiedsbrief-an-die-apple-belegschaft-287695\/#mainImage","width":960,"height":378,"caption":"Tim Cook Ist Stolz"},"primaryImageOfPage":{"@id":"https:\/\/www.ifun.de\/tim-cooks-letzter-tag-persoenlicher-abschiedsbrief-an-die-apple-belegschaft-287695\/#mainImage"},"datePublished":"2026-08-31T19:41:10+02:00","dateModified":"2026-08-31T19:41:10+02:00"},{"@type":"WebSite","@id":"https:\/\/www.ifun.de\/#website","url":"https:\/\/www.ifun.de\/","name":"ifun.de","description":"Apple-News seit 2001","inLanguage":"de-DE","publisher":{"@id":"https:\/\/www.ifun.de\/#organization"}}]},"og:locale":"de_DE","og:site_name":"ifun.de | Apple-News seit 2001","og:type":"article","og:title":"Tim Cooks letzter Tag: Pers\u00f6nlicher Abschiedsbrief an die Apple-Belegschaft | ifun.de","og:description":"An seinem letzten Tag als Apple-CEO richtet Tim Cook eine pers\u00f6nliche Nachricht an die Mitarbeiter und spricht Nachfolger John Ternus sein Vertrauen aus.","og:url":"https:\/\/www.ifun.de\/tim-cooks-letzter-tag-persoenlicher-abschiedsbrief-an-die-apple-belegschaft-287695\/","og:image":"https:\/\/images.ifun.de\/wp-content\/uploads\/2019\/08\/tim-cook-ist-stolz.jpg","og:image:secure_url":"https:\/\/images.ifun.de\/wp-content\/uploads\/2019\/08\/tim-cook-ist-stolz.jpg","og:image:width":960,"og:image:height":378,"article:published_time":"2026-08-31T17:41:10+00:00","article:modified_time":"2026-08-31T17:41:10+00:00","article:publisher":"https:\/\/facebook.com\/ifun.de","twitter:card":"summary_large_image","twitter:site":"@ifun_news","twitter:title":"Tim Cooks letzter Tag: Pers\u00f6nlicher Abschiedsbrief an die Apple-Belegschaft | ifun.de","twitter:description":"An seinem letzten Tag als Apple-CEO richtet Tim Cook eine pers\u00f6nliche Nachricht an die Mitarbeiter und spricht Nachfolger John Ternus sein Vertrauen aus.","twitter:creator":"@ifun_news","twitter:image":"https:\/\/images.ifun.de\/wp-content\/uploads\/2019\/08\/tim-cook-ist-stolz.jpg"},"aioseo_meta_data":{"post_id":"287695","title":null,"description":"An seinem letzten Tag als Apple-CEO richtet Tim Cook eine pers\u00f6nliche Nachricht an die Mitarbeiter und spricht Nachfolger John Ternus sein Vertrauen aus.","keywords":null,"keyphrases":{"focus":{"keyphrase":"","score":0,"analysis":{"keyphraseInTitle":{"score":0,"maxScore":9,"error":1}}},"additional":[]},"primary_term":null,"canonical_url":null,"og_title":null,"og_description":null,"og_object_type":"default","og_image_type":"default","og_image_url":null,"og_image_width":null,"og_image_height":null,"og_image_custom_url":null,"og_image_custom_fields":null,"og_video":"","og_custom_url":null,"og_article_section":null,"og_article_tags":null,"twitter_use_og":false,"twitter_card":"default","twitter_image_type":"default","twitter_image_url":null,"twitter_image_custom_url":null,"twitter_image_custom_fields":null,"twitter_title":null,"twitter_description":null,"schema":{"blockGraphs":[],"customGraphs":[],"default":{"data":{"Article":[],"Course":[],"Dataset":[],"FAQPage":[],"Movie":[],"Person":[],"Product":[],"ProductReview":[],"Car":[],"Recipe":[],"Service":[],"SoftwareApplication":[],"WebPage":[]},"graphName":"Article","isEnabled":true},"graphs":[]},"schema_type":"default","schema_type_options":null,"pillar_content":false,"robots_default":true,"robots_noindex":false,"robots_noarchive":false,"robots_nosnippet":false,"robots_nofollow":false,"robots_noimageindex":false,"robots_noodp":false,"robots_notranslate":false,"robots_max_snippet":"-1","robots_max_videopreview":"-1","robots_max_imagepreview":"large","priority":null,"frequency":"default","local_seo":null,"seo_analyzer_scan_date":"2026-08-31 17:43:39","breadcrumb_settings":null,"limit_modified_date":false,"reviewed_by":null,"open_ai":null,"ai":{"faqs":[],"keyPoints":[],"schemas":[],"titles":[],"descriptions":[],"socialPosts":{"email":{"subject":"","preview":"","content":""},"linkedin":[],"twitter":[],"facebook":[],"instagram":[]}},"created":"2026-08-31 16:28:17","updated":"2026-08-31 17:43:39","focus_keyword":null,"additional_keywords":null,"truseo_locale":null},"aioseo_breadcrumb":"<div class=\"aioseo-breadcrumbs\"><span class=\"aioseo-breadcrumb\">\n\t<a href=\"https:\/\/www.ifun.de\" title=\"Home\">Home<\/a>\n<\/span><span class=\"aioseo-breadcrumb-separator\">\u00bb<\/span><span class=\"aioseo-breadcrumb\">\n\t<a href=\"https:\/\/www.ifun.de\/category\/news\/\" title=\"News\">News<\/a>\n<\/span><span class=\"aioseo-breadcrumb-separator\">\u00bb<\/span><span class=\"aioseo-breadcrumb\">\n\tTim Cooks letzter Tag: Pers\u00f6nlicher Abschiedsbrief an die Apple-Belegschaft\n<\/span><\/div>","aioseo_breadcrumb_json":[{"label":"Home","link":"https:\/\/www.ifun.de"},{"label":"News","link":"https:\/\/www.ifun.de\/category\/news\/"},{"label":"Tim Cooks letzter Tag: Pers\u00f6nlicher Abschiedsbrief an die Apple-Belegschaft","link":"https:\/\/www.ifun.de\/tim-cooks-letzter-tag-persoenlicher-abschiedsbrief-an-die-apple-belegschaft-287695\/"}],"subheadline":["\u201eDas Privileg meines Lebens\u201c"],"featured_image":["https:\/\/images.ifun.de\/wp-content\/uploads\/2019\/08\/tim-cook-ist-stolz.jpg"],"rest_api_enabler":{"subheadline":"\u201eDas Privileg meines Lebens\u201c","featured_image":"https:\/\/images.ifun.de\/wp-content\/uploads\/2019\/08\/tim-cook-ist-stolz.jpg"},"_links":{"self":[{"href":"https:\/\/www.ifun.de\/apiv2\/wp\/v2\/posts\/287695","targetHints":{"allow":["GET"]}}],"collection":[{"href":"https:\/\/www.ifun.de\/apiv2\/wp\/v2\/posts"}],"about":[{"href":"https:\/\/www.ifun.de\/apiv2\/wp\/v2\/types\/post"}],"author":[{"embeddable":true,"href":"https:\/\/www.ifun.de\/apiv2\/wp\/v2\/users\/30"}],"replies":[{"embeddable":true,"href":"https:\/\/www.ifun.de\/apiv2\/wp\/v2\/comments?post=287695"}],"version-history":[{"count":6,"href":"https:\/\/www.ifun.de\/apiv2\/wp\/v2\/posts\/287695\/revisions"}],"predecessor-version":[{"id":287705,"href":"https:\/\/www.ifun.de\/apiv2\/wp\/v2\/posts\/287695\/revisions\/287705"}],"wp:featuredmedia":[{"embeddable":true,"href":"https:\/\/www.ifun.de\/apiv2\/wp\/v2\/media\/142250"}],"wp:attachment":[{"href":"https:\/\/www.ifun.de\/apiv2\/wp\/v2\/media?parent=287695"}],"wp:term":[{"taxonomy":"category","embeddable":true,"href":"https:\/\/www.ifun.de\/apiv2\/wp\/v2\/categories?post=287695"},{"taxonomy":"post_tag","embeddable":true,"href":"https:\/\/www.ifun.de\/apiv2\/wp\/v2\/tags?post=287695"}],"curies":[{"name":"wp","href":"https:\/\/api.w.org\/{rel}","templated":true}]}}