{"id":287692,"date":"2026-08-31T17:41:00","date_gmt":"2026-08-31T15:41:00","guid":{"rendered":"https:\/\/www.ifun.de\/?p=287692"},"modified":"2026-08-31T17:41:00","modified_gmt":"2026-08-31T15:41:00","slug":"ki-boom-ueberrascht-apple-mac-mini-und-mac-studio-gefragter-als-erwartet","status":"publish","type":"post","link":"https:\/\/www.ifun.de\/ki-boom-ueberrascht-apple-mac-mini-und-mac-studio-gefragter-als-erwartet-287692\/","title":{"rendered":"KI-Boom \u00fcberrascht Apple: Mac mini und Mac Studio gefragter als erwartet"},"content":{"rendered":"<p>Mac mini und Mac Studio haben offenbar eine neue Zielgruppe gefunden, mit deren Begeisterung selbst Apple nicht gerechnet hatte. Vor allem Unternehmen und Entwickler kaufen die Desktop-Macs zunehmend, um KI-Modelle und autonome Agenten lokal auszuf\u00fchren. Die unerwartet hohe Nachfrage soll sogar dazu beigetragen haben, dass Apple die neue Generation ungew\u00f6hnlich fr\u00fch vorgestellt hat.<\/p>\n<p><a href=\"https:\/\/images.ifun.de\/wp-content\/uploads\/2026\/08\/mac-studio-apple-2026.jpg\"><img loading=\"lazy\" decoding=\"async\" src=\"https:\/\/images.ifun.de\/wp-content\/uploads\/2026\/08\/mac-studio-apple-2026-500x245.jpg\" alt=\"Mac Studio Apple 2026\" width=\"500\" height=\"245\" class=\"alignnone size-medium wp-image-286489\" srcset=\"https:\/\/images.ifun.de\/wp-content\/uploads\/2026\/08\/mac-studio-apple-2026-500x245.jpg 500w, https:\/\/images.ifun.de\/wp-content\/uploads\/2026\/08\/mac-studio-apple-2026-700x344.jpg 700w, https:\/\/images.ifun.de\/wp-content\/uploads\/2026\/08\/mac-studio-apple-2026-768x377.jpg 768w, https:\/\/images.ifun.de\/wp-content\/uploads\/2026\/08\/mac-studio-apple-2026.jpg 1516w\" sizes=\"auto, (max-width: 500px) 100vw, 500px\" \/><\/a><\/p>\n<p>Das geht aus einem Bericht von <a href=\"https:\/\/www.theinformation.com\/articles\/apple-stumbled-ai-hardware-success-mac\">The Information<\/a> hervor. Normalerweise aktualisiert Apple seine Macs eher im Oktober oder November. <a href=\"https:\/\/www.ifun.de\/mac-mini-mit-m6-apple-erhoeht-leistung-und-einstiegspreis-286499\/\">Mac mini mit M6 und M5 Pro<\/a> sowie der <a href=\"https:\/\/www.ifun.de\/apple-erneuert-den-mac-studio-m5-ultra-mit-bis-zu-512-gb-arbeitsspeicher-286486\/\">Mac Studio mit M5 Max und M5 Ultra<\/a> wurden diesmal dagegen bereits Ende August vorgestellt.<\/p>\n<h2>Unternehmen entdecken den Mac f\u00fcr lokale KI<\/h2>\n<p>Ganz \u00fcberraschend kommt die Entwicklung inzwischen nicht mehr. Tim Cook hatte bereits im April einger\u00e4umt, dass Apple die Nachfrage nach beiden Rechnern untersch\u00e4tzt habe. Mac mini und Mac Studio seien besonders gute Plattformen f\u00fcr KI und sogenannte agentische Anwendungen, deren Attraktivit\u00e4t von den Kunden schneller erkannt worden sei als von Apple selbst.<\/p>\n<p>Die Kombination aus leistungsf\u00e4higen Apple-Chips, vergleichsweise niedrigem Energieverbrauch und gemeinsamem Arbeitsspeicher macht die Rechner insbesondere f\u00fcr gro\u00dfe lokale Sprachmodelle interessant. Beim neuen Mac Studio sind bis zu 512 GB Unified Memory m\u00f6glich. Mehrere Rechner k\u00f6nnen zudem \u00fcber Thunderbolt 5 per RDMA zusammengeschaltet werden, um gemeinsam an gr\u00f6\u00dferen KI-Aufgaben zu arbeiten.<\/p>\n<h2>Apple hatte offenbar keine passende Strategie parat<\/h2>\n<p>Der Erfolg soll Apple dennoch auf dem falschen Fu\u00df erwischt haben. Dem Bericht zufolge fehlten sowohl ein speziell auf Gesch\u00e4ftskunden ausgerichtetes Engineering-Team als auch entsprechende Entwicklerbeziehungen und eine klare Strategie f\u00fcr den Einsatz der Macs als KI-Infrastruktur. Unternehmen, die sogar Zugang zu Apples Private-Cloud-Compute-Systemen kaufen wollten, seien abgewiesen worden.<\/p>\n<p><a href=\"https:\/\/images.ifun.de\/wp-content\/uploads\/2026\/04\/mac-mini-1.jpg\"><img loading=\"lazy\" decoding=\"async\" src=\"https:\/\/images.ifun.de\/wp-content\/uploads\/2026\/04\/mac-mini-1-700x394.jpg\" alt=\"Mac Mini 1\" width=\"700\" height=\"394\" class=\"alignnone size-large wp-image-278479\" srcset=\"https:\/\/images.ifun.de\/wp-content\/uploads\/2026\/04\/mac-mini-1-700x394.jpg 700w, https:\/\/images.ifun.de\/wp-content\/uploads\/2026\/04\/mac-mini-1-500x281.jpg 500w, https:\/\/images.ifun.de\/wp-content\/uploads\/2026\/04\/mac-mini-1-768x432.jpg 768w, https:\/\/images.ifun.de\/wp-content\/uploads\/2026\/04\/mac-mini-1.jpg 1400w\" sizes=\"auto, (max-width: 700px) 100vw, 700px\" \/><\/a><\/p>\n<p>Gleichzeitig traf die erh\u00f6hte Nachfrage auf die ohnehin angespannte Versorgung mit Speicherchips. Zahlreiche Konfigurationen waren deshalb \u00fcber Monate kaum lieferbar. <a href=\"https:\/\/www.ifun.de\/mac-mini-und-mac-studio-die-neuen-preise-im-vergleich-286515\/\">Auch die Preise sind inzwischen deutlich gestiegen<\/a>: Der Mac mini beginnt jetzt bei 1.049 Euro, w\u00e4hrend sein Vorg\u00e4nger urspr\u00fcnglich noch f\u00fcr 699 Euro angeboten wurde.<\/p>\n<h2>Thread steckt jetzt in beiden Desktop-Macs<\/h2>\n<p>Neben der gro\u00dfen KI-Offensive haben die neuen Modelle eine deutlich kleinere Neuerung erhalten. Sowohl in den <a href=\"https:\/\/www.apple.com\/de\/mac-mini\/specs\/\">technischen Daten des Mac mini<\/a> als auch beim <a href=\"https:\/\/www.apple.com\/de\/mac-studio\/specs\/\">Mac Studio<\/a> f\u00fchrt Apple erstmals \u201eThread Netzwerk-Technologie\u201c auf. M\u00f6glich macht dies der neue N1-Funkchip, der gleichzeitig WLAN 7 und Bluetooth 6 bereitstellt.<\/p>\n<p><a href=\"https:\/\/www.ifun.de\/mac-mini-mit-m6-jetzt-auch-bei-amazon-vorbestellbar-287542\/\">Beim Mac mini hatten wir das Thread-Modul bereits am Freitag kurz erw\u00e4hnt<\/a>. Dass dieselbe Funktechnik auch im Mac Studio steckt, d\u00fcrfte vor allem f\u00fcr Entwickler von Matter- und Thread-Ger\u00e4ten interessant sein.<\/p>\n<h2>Noch kein Ersatz f\u00fcr Apple TV oder HomePod<\/h2>\n<p>Aus dem Datenblatt allein sollte man allerdings noch keine neue Smart-Home-Zentrale ableiten. Die Unterst\u00fctzung des Funkstandards bedeutet nicht automatisch, dass Mac mini und Mac Studio wie ein HomePod oder kompatibles Apple TV als Thread Border Router arbeiten und das Thread-Netz mit dem normalen Heimnetz verbinden k\u00f6nnen.<\/p>\n<p>Apple hat eine solche Funktion bislang nicht angek\u00fcndigt. Denkbar ist daher zun\u00e4chst lediglich die direkte Kommunikation mit Thread-Hardware beziehungsweise die Nutzung der Funktechnik f\u00fcr Entwicklungs- und Testzwecke. Die Hardware w\u00e4re f\u00fcr mehr jedenfalls vorhanden \u2013 und ein Mac mini, der ohnehin rund um die Uhr als lokaler KI-Rechner l\u00e4uft, w\u00e4re als zus\u00e4tzliche Smart-Home-Zentrale durchaus eine interessante Kombination.<\/p>\n<p><img decoding=\"async\" src=\"https:\/\/vg01.met.vgwort.de\/na\/d0cb978347d04553b56873164fc78e6c\" width=\"1\" height=\"1\" no-lazy class=\"tracking\" loading=\"eager\"><\/p>\n","protected":false},"excerpt":{"rendered":"<a href=\"https:\/\/www.ifun.de\/ki-boom-ueberrascht-apple-mac-mini-und-mac-studio-gefragter-als-erwartet-287692\/\"><img width=\"150\" height=\"150\" src=\"https:\/\/images.ifun.de\/wp-content\/uploads\/2026\/08\/mac-mini-feature-150x150.jpg\" class=\"alignright tfe wp-post-image\" alt=\"Mac Mini Feature\" decoding=\"async\" loading=\"lazy\" \/><\/a><p>Mac mini und Mac Studio haben offenbar eine neue Zielgruppe gefunden, mit deren Begeisterung selbst Apple nicht gerechnet hatte. Vor allem Unternehmen und Entwickler kaufen die Desktop-Macs zunehmend, um KI-Modelle und autonome Agenten lokal auszuf\u00fchren. Die unerwartet hohe Nachfrage soll sogar dazu beigetragen haben, dass Apple die neue Generation ungew\u00f6hnlich fr\u00fch vorgestellt hat. Das geht [&hellip;]<\/p>\n","protected":false},"author":30,"featured_media":286504,"comment_status":"open","ping_status":"closed","sticky":false,"template":"","format":"standard","meta":{"footnotes":""},"categories":[1],"tags":[515,5733],"class_list":["post-287692","post","type-post","status-publish","format-standard","has-post-thumbnail","hentry","category-news","tag-mac-mini","tag-mac-studio"],"aioseo_notices":[],"aioseo_head":"\n\t\t<!-- All in One SEO Pro 5.0.1 - aioseo.com -->\n\t<meta name=\"description\" content=\"Mac mini und Mac Studio sind als lokale KI-Rechner st\u00e4rker gefragt als Apple erwartet hatte. Die neuen Modelle unterst\u00fctzen zudem erstmals Thread.\" \/>\n\t<meta name=\"robots\" content=\"max-image-preview:large\" \/>\n\t<meta name=\"author\" content=\"Ben\"\/>\n\t<meta name=\"google-site-verification\" content=\"uH_IhWlZO-QDb51DGwVoGT_GCZmfJp98klL3XmbE3ow\" \/>\n\t<link rel=\"canonical\" href=\"https:\/\/www.ifun.de\/ki-boom-ueberrascht-apple-mac-mini-und-mac-studio-gefragter-als-erwartet-287692\/\" \/>\n\t<meta name=\"generator\" content=\"All in One SEO Pro (AIOSEO) 5.0.1\" \/>\n\t\t<meta property=\"og:locale\" content=\"de_DE\" \/>\n\t\t<meta property=\"og:site_name\" content=\"ifun.de | Apple-News seit 2001\" \/>\n\t\t<meta property=\"og:type\" content=\"article\" \/>\n\t\t<meta property=\"og:title\" content=\"KI-Boom \u00fcberrascht Apple: Mac mini und Mac Studio gefragter als erwartet | ifun.de\" \/>\n\t\t<meta property=\"og:description\" content=\"Mac mini und Mac Studio sind als lokale KI-Rechner st\u00e4rker gefragt als Apple erwartet hatte. Die neuen Modelle unterst\u00fctzen zudem erstmals Thread.\" \/>\n\t\t<meta property=\"og:url\" content=\"https:\/\/www.ifun.de\/ki-boom-ueberrascht-apple-mac-mini-und-mac-studio-gefragter-als-erwartet-287692\/\" \/>\n\t\t<meta property=\"og:image\" content=\"https:\/\/images.ifun.de\/wp-content\/uploads\/2026\/08\/mac-mini-feature.jpg\" \/>\n\t\t<meta property=\"og:image:secure_url\" content=\"https:\/\/images.ifun.de\/wp-content\/uploads\/2026\/08\/mac-mini-feature.jpg\" \/>\n\t\t<meta property=\"og:image:width\" content=\"960\" \/>\n\t\t<meta property=\"og:image:height\" content=\"378\" \/>\n\t\t<meta property=\"article:published_time\" content=\"2026-08-31T15:41:00+00:00\" \/>\n\t\t<meta property=\"article:modified_time\" content=\"2026-08-31T15:41:00+00:00\" \/>\n\t\t<meta property=\"article:publisher\" content=\"https:\/\/facebook.com\/ifun.de\" \/>\n\t\t<meta name=\"twitter:card\" content=\"summary_large_image\" \/>\n\t\t<meta name=\"twitter:site\" content=\"@ifun_news\" \/>\n\t\t<meta name=\"twitter:title\" content=\"KI-Boom \u00fcberrascht Apple: Mac mini und Mac Studio gefragter als erwartet | ifun.de\" \/>\n\t\t<meta name=\"twitter:description\" content=\"Mac mini und Mac Studio sind als lokale KI-Rechner st\u00e4rker gefragt als Apple erwartet hatte. Die neuen Modelle unterst\u00fctzen zudem erstmals Thread.\" \/>\n\t\t<meta name=\"twitter:creator\" content=\"@ifun_news\" \/>\n\t\t<meta name=\"twitter:image\" content=\"https:\/\/images.ifun.de\/wp-content\/uploads\/2026\/08\/mac-mini-feature.jpg\" \/>\n\t\t<script type=\"application\/ld+json\" class=\"aioseo-schema\">\n\t\t\t{\"@context\":\"https:\\\/\\\/schema.org\",\"@graph\":[{\"@type\":\"Article\",\"@id\":\"https:\\\/\\\/www.ifun.de\\\/ki-boom-ueberrascht-apple-mac-mini-und-mac-studio-gefragter-als-erwartet-287692\\\/#article\",\"name\":\"KI-Boom \\u00fcberrascht Apple: Mac mini und Mac Studio gefragter als erwartet | ifun.de\",\"headline\":\"KI-Boom \\u00fcberrascht Apple: Mac mini und Mac Studio gefragter als erwartet\",\"author\":{\"@id\":\"https:\\\/\\\/www.ifun.de\\\/author\\\/ben\\\/#author\"},\"publisher\":{\"@id\":\"https:\\\/\\\/www.ifun.de\\\/#organization\"},\"image\":{\"@type\":\"ImageObject\",\"url\":\"https:\\\/\\\/images.ifun.de\\\/wp-content\\\/uploads\\\/2026\\\/08\\\/mac-mini-feature.jpg\",\"width\":960,\"height\":378,\"caption\":\"Mac Mini Feature\"},\"datePublished\":\"2026-08-31T17:41:00+02:00\",\"dateModified\":\"2026-08-31T17:41:00+02:00\",\"inLanguage\":\"de-DE\",\"commentCount\":7,\"mainEntityOfPage\":{\"@id\":\"https:\\\/\\\/www.ifun.de\\\/ki-boom-ueberrascht-apple-mac-mini-und-mac-studio-gefragter-als-erwartet-287692\\\/#webpage\"},\"isPartOf\":{\"@id\":\"https:\\\/\\\/www.ifun.de\\\/ki-boom-ueberrascht-apple-mac-mini-und-mac-studio-gefragter-als-erwartet-287692\\\/#webpage\"},\"articleSection\":\"News, Mac mini, Mac Studio\"},{\"@type\":\"BreadcrumbList\",\"@id\":\"https:\\\/\\\/www.ifun.de\\\/ki-boom-ueberrascht-apple-mac-mini-und-mac-studio-gefragter-als-erwartet-287692\\\/#breadcrumblist\",\"itemListElement\":[{\"@type\":\"ListItem\",\"@id\":\"https:\\\/\\\/www.ifun.de#listItem\",\"position\":1,\"name\":\"Home\",\"item\":\"https:\\\/\\\/www.ifun.de\",\"nextItem\":{\"@type\":\"ListItem\",\"@id\":\"https:\\\/\\\/www.ifun.de\\\/category\\\/news\\\/#listItem\",\"name\":\"News\"}},{\"@type\":\"ListItem\",\"@id\":\"https:\\\/\\\/www.ifun.de\\\/category\\\/news\\\/#listItem\",\"position\":2,\"name\":\"News\",\"item\":\"https:\\\/\\\/www.ifun.de\\\/category\\\/news\\\/\",\"nextItem\":{\"@type\":\"ListItem\",\"@id\":\"https:\\\/\\\/www.ifun.de\\\/ki-boom-ueberrascht-apple-mac-mini-und-mac-studio-gefragter-als-erwartet-287692\\\/#listItem\",\"name\":\"KI-Boom \\u00fcberrascht Apple: Mac mini und Mac Studio gefragter als erwartet\"},\"previousItem\":{\"@type\":\"ListItem\",\"@id\":\"https:\\\/\\\/www.ifun.de#listItem\",\"name\":\"Home\"}},{\"@type\":\"ListItem\",\"@id\":\"https:\\\/\\\/www.ifun.de\\\/ki-boom-ueberrascht-apple-mac-mini-und-mac-studio-gefragter-als-erwartet-287692\\\/#listItem\",\"position\":3,\"name\":\"KI-Boom \\u00fcberrascht Apple: Mac mini und Mac Studio gefragter als erwartet\",\"previousItem\":{\"@type\":\"ListItem\",\"@id\":\"https:\\\/\\\/www.ifun.de\\\/category\\\/news\\\/#listItem\",\"name\":\"News\"}}]},{\"@type\":\"Organization\",\"@id\":\"https:\\\/\\\/www.ifun.de\\\/#organization\",\"name\":\"ifun.de\",\"description\":\"Apple-News seit 2001\",\"url\":\"https:\\\/\\\/www.ifun.de\\\/\",\"telephone\":\"+493057707123\",\"logo\":{\"@type\":\"ImageObject\",\"url\":\"https:\\\/\\\/images.ifun.de\\\/wp-content\\\/uploads\\\/2026\\\/02\\\/apple-touch-icon.png\",\"@id\":\"https:\\\/\\\/www.ifun.de\\\/ki-boom-ueberrascht-apple-mac-mini-und-mac-studio-gefragter-als-erwartet-287692\\\/#organizationLogo\",\"width\":512,\"height\":512,\"caption\":\"Apple Touch Icon\"},\"image\":{\"@id\":\"https:\\\/\\\/www.ifun.de\\\/ki-boom-ueberrascht-apple-mac-mini-und-mac-studio-gefragter-als-erwartet-287692\\\/#organizationLogo\"},\"sameAs\":[\"https:\\\/\\\/facebook.com\\\/ifun.de\",\"https:\\\/\\\/x.com\\\/ifun_news\"]},{\"@type\":\"Person\",\"@id\":\"https:\\\/\\\/www.ifun.de\\\/author\\\/ben\\\/#author\",\"url\":\"https:\\\/\\\/www.ifun.de\\\/author\\\/ben\\\/\",\"name\":\"Ben\"},{\"@type\":\"WebPage\",\"@id\":\"https:\\\/\\\/www.ifun.de\\\/ki-boom-ueberrascht-apple-mac-mini-und-mac-studio-gefragter-als-erwartet-287692\\\/#webpage\",\"url\":\"https:\\\/\\\/www.ifun.de\\\/ki-boom-ueberrascht-apple-mac-mini-und-mac-studio-gefragter-als-erwartet-287692\\\/\",\"name\":\"KI-Boom \\u00fcberrascht Apple: Mac mini und Mac Studio gefragter als erwartet | ifun.de\",\"description\":\"Mac mini und Mac Studio sind als lokale KI-Rechner st\\u00e4rker gefragt als Apple erwartet hatte. Die neuen Modelle unterst\\u00fctzen zudem erstmals Thread.\",\"inLanguage\":\"de-DE\",\"isPartOf\":{\"@id\":\"https:\\\/\\\/www.ifun.de\\\/#website\"},\"breadcrumb\":{\"@id\":\"https:\\\/\\\/www.ifun.de\\\/ki-boom-ueberrascht-apple-mac-mini-und-mac-studio-gefragter-als-erwartet-287692\\\/#breadcrumblist\"},\"author\":{\"@id\":\"https:\\\/\\\/www.ifun.de\\\/author\\\/ben\\\/#author\"},\"creator\":{\"@id\":\"https:\\\/\\\/www.ifun.de\\\/author\\\/ben\\\/#author\"},\"image\":{\"@type\":\"ImageObject\",\"url\":\"https:\\\/\\\/images.ifun.de\\\/wp-content\\\/uploads\\\/2026\\\/08\\\/mac-mini-feature.jpg\",\"@id\":\"https:\\\/\\\/www.ifun.de\\\/ki-boom-ueberrascht-apple-mac-mini-und-mac-studio-gefragter-als-erwartet-287692\\\/#mainImage\",\"width\":960,\"height\":378,\"caption\":\"Mac Mini Feature\"},\"primaryImageOfPage\":{\"@id\":\"https:\\\/\\\/www.ifun.de\\\/ki-boom-ueberrascht-apple-mac-mini-und-mac-studio-gefragter-als-erwartet-287692\\\/#mainImage\"},\"datePublished\":\"2026-08-31T17:41:00+02:00\",\"dateModified\":\"2026-08-31T17:41:00+02:00\"},{\"@type\":\"WebSite\",\"@id\":\"https:\\\/\\\/www.ifun.de\\\/#website\",\"url\":\"https:\\\/\\\/www.ifun.de\\\/\",\"name\":\"ifun.de\",\"description\":\"Apple-News seit 2001\",\"inLanguage\":\"de-DE\",\"publisher\":{\"@id\":\"https:\\\/\\\/www.ifun.de\\\/#organization\"}}]}\n\t\t<\/script>\n\t\t<!-- All in One SEO Pro -->\r\n\t\t<title>KI-Boom \u00fcberrascht Apple: Mac mini und Mac Studio gefragter als erwartet | ifun.de<\/title>\n\n","aioseo_head_json":{"title":"KI-Boom \u00fcberrascht Apple: Mac mini und Mac Studio gefragter als erwartet | ifun.de","description":"Mac mini und Mac Studio sind als lokale KI-Rechner st\u00e4rker gefragt als Apple erwartet hatte. Die neuen Modelle unterst\u00fctzen zudem erstmals Thread.","canonical_url":"https:\/\/www.ifun.de\/ki-boom-ueberrascht-apple-mac-mini-und-mac-studio-gefragter-als-erwartet-287692\/","robots":"max-image-preview:large","keywords":"","webmasterTools":{"google-site-verification":"uH_IhWlZO-QDb51DGwVoGT_GCZmfJp98klL3XmbE3ow","miscellaneous":""},"schema":{"@context":"https:\/\/schema.org","@graph":[{"@type":"Article","@id":"https:\/\/www.ifun.de\/ki-boom-ueberrascht-apple-mac-mini-und-mac-studio-gefragter-als-erwartet-287692\/#article","name":"KI-Boom \u00fcberrascht Apple: Mac mini und Mac Studio gefragter als erwartet | ifun.de","headline":"KI-Boom \u00fcberrascht Apple: Mac mini und Mac Studio gefragter als erwartet","author":{"@id":"https:\/\/www.ifun.de\/author\/ben\/#author"},"publisher":{"@id":"https:\/\/www.ifun.de\/#organization"},"image":{"@type":"ImageObject","url":"https:\/\/images.ifun.de\/wp-content\/uploads\/2026\/08\/mac-mini-feature.jpg","width":960,"height":378,"caption":"Mac Mini Feature"},"datePublished":"2026-08-31T17:41:00+02:00","dateModified":"2026-08-31T17:41:00+02:00","inLanguage":"de-DE","commentCount":7,"mainEntityOfPage":{"@id":"https:\/\/www.ifun.de\/ki-boom-ueberrascht-apple-mac-mini-und-mac-studio-gefragter-als-erwartet-287692\/#webpage"},"isPartOf":{"@id":"https:\/\/www.ifun.de\/ki-boom-ueberrascht-apple-mac-mini-und-mac-studio-gefragter-als-erwartet-287692\/#webpage"},"articleSection":"News, Mac mini, Mac Studio"},{"@type":"BreadcrumbList","@id":"https:\/\/www.ifun.de\/ki-boom-ueberrascht-apple-mac-mini-und-mac-studio-gefragter-als-erwartet-287692\/#breadcrumblist","itemListElement":[{"@type":"ListItem","@id":"https:\/\/www.ifun.de#listItem","position":1,"name":"Home","item":"https:\/\/www.ifun.de","nextItem":{"@type":"ListItem","@id":"https:\/\/www.ifun.de\/category\/news\/#listItem","name":"News"}},{"@type":"ListItem","@id":"https:\/\/www.ifun.de\/category\/news\/#listItem","position":2,"name":"News","item":"https:\/\/www.ifun.de\/category\/news\/","nextItem":{"@type":"ListItem","@id":"https:\/\/www.ifun.de\/ki-boom-ueberrascht-apple-mac-mini-und-mac-studio-gefragter-als-erwartet-287692\/#listItem","name":"KI-Boom \u00fcberrascht Apple: Mac mini und Mac Studio gefragter als erwartet"},"previousItem":{"@type":"ListItem","@id":"https:\/\/www.ifun.de#listItem","name":"Home"}},{"@type":"ListItem","@id":"https:\/\/www.ifun.de\/ki-boom-ueberrascht-apple-mac-mini-und-mac-studio-gefragter-als-erwartet-287692\/#listItem","position":3,"name":"KI-Boom \u00fcberrascht Apple: Mac mini und Mac Studio gefragter als erwartet","previousItem":{"@type":"ListItem","@id":"https:\/\/www.ifun.de\/category\/news\/#listItem","name":"News"}}]},{"@type":"Organization","@id":"https:\/\/www.ifun.de\/#organization","name":"ifun.de","description":"Apple-News seit 2001","url":"https:\/\/www.ifun.de\/","telephone":"+493057707123","logo":{"@type":"ImageObject","url":"https:\/\/images.ifun.de\/wp-content\/uploads\/2026\/02\/apple-touch-icon.png","@id":"https:\/\/www.ifun.de\/ki-boom-ueberrascht-apple-mac-mini-und-mac-studio-gefragter-als-erwartet-287692\/#organizationLogo","width":512,"height":512,"caption":"Apple Touch Icon"},"image":{"@id":"https:\/\/www.ifun.de\/ki-boom-ueberrascht-apple-mac-mini-und-mac-studio-gefragter-als-erwartet-287692\/#organizationLogo"},"sameAs":["https:\/\/facebook.com\/ifun.de","https:\/\/x.com\/ifun_news"]},{"@type":"Person","@id":"https:\/\/www.ifun.de\/author\/ben\/#author","url":"https:\/\/www.ifun.de\/author\/ben\/","name":"Ben"},{"@type":"WebPage","@id":"https:\/\/www.ifun.de\/ki-boom-ueberrascht-apple-mac-mini-und-mac-studio-gefragter-als-erwartet-287692\/#webpage","url":"https:\/\/www.ifun.de\/ki-boom-ueberrascht-apple-mac-mini-und-mac-studio-gefragter-als-erwartet-287692\/","name":"KI-Boom \u00fcberrascht Apple: Mac mini und Mac Studio gefragter als erwartet | ifun.de","description":"Mac mini und Mac Studio sind als lokale KI-Rechner st\u00e4rker gefragt als Apple erwartet hatte. Die neuen Modelle unterst\u00fctzen zudem erstmals Thread.","inLanguage":"de-DE","isPartOf":{"@id":"https:\/\/www.ifun.de\/#website"},"breadcrumb":{"@id":"https:\/\/www.ifun.de\/ki-boom-ueberrascht-apple-mac-mini-und-mac-studio-gefragter-als-erwartet-287692\/#breadcrumblist"},"author":{"@id":"https:\/\/www.ifun.de\/author\/ben\/#author"},"creator":{"@id":"https:\/\/www.ifun.de\/author\/ben\/#author"},"image":{"@type":"ImageObject","url":"https:\/\/images.ifun.de\/wp-content\/uploads\/2026\/08\/mac-mini-feature.jpg","@id":"https:\/\/www.ifun.de\/ki-boom-ueberrascht-apple-mac-mini-und-mac-studio-gefragter-als-erwartet-287692\/#mainImage","width":960,"height":378,"caption":"Mac Mini Feature"},"primaryImageOfPage":{"@id":"https:\/\/www.ifun.de\/ki-boom-ueberrascht-apple-mac-mini-und-mac-studio-gefragter-als-erwartet-287692\/#mainImage"},"datePublished":"2026-08-31T17:41:00+02:00","dateModified":"2026-08-31T17:41:00+02:00"},{"@type":"WebSite","@id":"https:\/\/www.ifun.de\/#website","url":"https:\/\/www.ifun.de\/","name":"ifun.de","description":"Apple-News seit 2001","inLanguage":"de-DE","publisher":{"@id":"https:\/\/www.ifun.de\/#organization"}}]},"og:locale":"de_DE","og:site_name":"ifun.de | Apple-News seit 2001","og:type":"article","og:title":"KI-Boom \u00fcberrascht Apple: Mac mini und Mac Studio gefragter als erwartet | ifun.de","og:description":"Mac mini und Mac Studio sind als lokale KI-Rechner st\u00e4rker gefragt als Apple erwartet hatte. Die neuen Modelle unterst\u00fctzen zudem erstmals Thread.","og:url":"https:\/\/www.ifun.de\/ki-boom-ueberrascht-apple-mac-mini-und-mac-studio-gefragter-als-erwartet-287692\/","og:image":"https:\/\/images.ifun.de\/wp-content\/uploads\/2026\/08\/mac-mini-feature.jpg","og:image:secure_url":"https:\/\/images.ifun.de\/wp-content\/uploads\/2026\/08\/mac-mini-feature.jpg","og:image:width":960,"og:image:height":378,"article:published_time":"2026-08-31T15:41:00+00:00","article:modified_time":"2026-08-31T15:41:00+00:00","article:publisher":"https:\/\/facebook.com\/ifun.de","twitter:card":"summary_large_image","twitter:site":"@ifun_news","twitter:title":"KI-Boom \u00fcberrascht Apple: Mac mini und Mac Studio gefragter als erwartet | ifun.de","twitter:description":"Mac mini und Mac Studio sind als lokale KI-Rechner st\u00e4rker gefragt als Apple erwartet hatte. Die neuen Modelle unterst\u00fctzen zudem erstmals Thread.","twitter:creator":"@ifun_news","twitter:image":"https:\/\/images.ifun.de\/wp-content\/uploads\/2026\/08\/mac-mini-feature.jpg"},"aioseo_meta_data":{"post_id":"287692","title":null,"description":"Mac mini und Mac Studio sind als lokale KI-Rechner st\u00e4rker gefragt als Apple erwartet hatte. Die neuen Modelle unterst\u00fctzen zudem erstmals Thread.","keywords":null,"keyphrases":{"focus":{"keyphrase":"","score":0,"analysis":{"keyphraseInTitle":{"score":0,"maxScore":9,"error":1}}},"additional":[]},"primary_term":null,"canonical_url":null,"og_title":null,"og_description":null,"og_object_type":"default","og_image_type":"default","og_image_url":null,"og_image_width":null,"og_image_height":null,"og_image_custom_url":null,"og_image_custom_fields":null,"og_video":"","og_custom_url":null,"og_article_section":null,"og_article_tags":null,"twitter_use_og":false,"twitter_card":"default","twitter_image_type":"default","twitter_image_url":null,"twitter_image_custom_url":null,"twitter_image_custom_fields":null,"twitter_title":null,"twitter_description":null,"schema":{"blockGraphs":[],"customGraphs":[],"default":{"data":{"Article":[],"Course":[],"Dataset":[],"FAQPage":[],"Movie":[],"Person":[],"Product":[],"ProductReview":[],"Car":[],"Recipe":[],"Service":[],"SoftwareApplication":[],"WebPage":[]},"graphName":"Article","isEnabled":true},"graphs":[]},"schema_type":"default","schema_type_options":null,"pillar_content":false,"robots_default":true,"robots_noindex":false,"robots_noarchive":false,"robots_nosnippet":false,"robots_nofollow":false,"robots_noimageindex":false,"robots_noodp":false,"robots_notranslate":false,"robots_max_snippet":"-1","robots_max_videopreview":"-1","robots_max_imagepreview":"large","priority":null,"frequency":"default","local_seo":null,"seo_analyzer_scan_date":"2026-08-31 15:41:22","breadcrumb_settings":null,"limit_modified_date":false,"reviewed_by":null,"open_ai":null,"ai":{"faqs":[],"keyPoints":[],"schemas":[],"titles":[],"descriptions":[],"socialPosts":{"email":{"subject":"","preview":"","content":""},"linkedin":[],"twitter":[],"facebook":[],"instagram":[]}},"created":"2026-08-31 15:08:55","updated":"2026-08-31 15:41:22","focus_keyword":null,"additional_keywords":null,"truseo_locale":null},"aioseo_breadcrumb":"<div class=\"aioseo-breadcrumbs\"><span class=\"aioseo-breadcrumb\">\n\t<a href=\"https:\/\/www.ifun.de\" title=\"Home\">Home<\/a>\n<\/span><span class=\"aioseo-breadcrumb-separator\">\u00bb<\/span><span class=\"aioseo-breadcrumb\">\n\t<a href=\"https:\/\/www.ifun.de\/category\/news\/\" title=\"News\">News<\/a>\n<\/span><span class=\"aioseo-breadcrumb-separator\">\u00bb<\/span><span class=\"aioseo-breadcrumb\">\n\tKI-Boom \u00fcberrascht Apple: Mac mini und Mac Studio gefragter als erwartet\n<\/span><\/div>","aioseo_breadcrumb_json":[{"label":"Home","link":"https:\/\/www.ifun.de"},{"label":"News","link":"https:\/\/www.ifun.de\/category\/news\/"},{"label":"KI-Boom \u00fcberrascht Apple: Mac mini und Mac Studio gefragter als erwartet","link":"https:\/\/www.ifun.de\/ki-boom-ueberrascht-apple-mac-mini-und-mac-studio-gefragter-als-erwartet-287692\/"}],"subheadline":["Apple wurde von der Nachfrage \u00fcberrascht"],"featured_image":["https:\/\/images.ifun.de\/wp-content\/uploads\/2026\/08\/mac-mini-feature.jpg"],"rest_api_enabler":{"subheadline":"Apple wurde von der Nachfrage \u00fcberrascht","featured_image":"https:\/\/images.ifun.de\/wp-content\/uploads\/2026\/08\/mac-mini-feature.jpg"},"_links":{"self":[{"href":"https:\/\/www.ifun.de\/apiv2\/wp\/v2\/posts\/287692","targetHints":{"allow":["GET"]}}],"collection":[{"href":"https:\/\/www.ifun.de\/apiv2\/wp\/v2\/posts"}],"about":[{"href":"https:\/\/www.ifun.de\/apiv2\/wp\/v2\/types\/post"}],"author":[{"embeddable":true,"href":"https:\/\/www.ifun.de\/apiv2\/wp\/v2\/users\/30"}],"replies":[{"embeddable":true,"href":"https:\/\/www.ifun.de\/apiv2\/wp\/v2\/comments?post=287692"}],"version-history":[{"count":1,"href":"https:\/\/www.ifun.de\/apiv2\/wp\/v2\/posts\/287692\/revisions"}],"predecessor-version":[{"id":287693,"href":"https:\/\/www.ifun.de\/apiv2\/wp\/v2\/posts\/287692\/revisions\/287693"}],"wp:featuredmedia":[{"embeddable":true,"href":"https:\/\/www.ifun.de\/apiv2\/wp\/v2\/media\/286504"}],"wp:attachment":[{"href":"https:\/\/www.ifun.de\/apiv2\/wp\/v2\/media?parent=287692"}],"wp:term":[{"taxonomy":"category","embeddable":true,"href":"https:\/\/www.ifun.de\/apiv2\/wp\/v2\/categories?post=287692"},{"taxonomy":"post_tag","embeddable":true,"href":"https:\/\/www.ifun.de\/apiv2\/wp\/v2\/tags?post=287692"}],"curies":[{"name":"wp","href":"https:\/\/api.w.org\/{rel}","templated":true}]}}