{"id":28675,"date":"2012-08-21T11:26:32","date_gmt":"2012-08-21T09:26:32","guid":{"rendered":"http:\/\/www.ifun.de\/?p=28675"},"modified":"2012-08-24T12:22:20","modified_gmt":"2012-08-24T10:22:20","slug":"akku-laufzeit-macbook-mountain-lion-besser-mit-update","status":"publish","type":"post","link":"https:\/\/www.ifun.de\/akku-laufzeit-macbook-mountain-lion-besser-mit-update-28675\/","title":{"rendered":"Mac OS X 10.8.1 Mountain Lion: Update soll Akkulaufzeit von MacBooks drastisch erh\u00f6hen"},"content":{"rendered":"<p><img loading=\"lazy\" decoding=\"async\" src=\"http:\/\/images.ifun.de\/wp-content\/uploads\/2012\/08\/akkulaufzeit.gif\" alt=\"\" title=\"akkulaufzeit\" width=\"200\" height=\"65\" class=\"alignright size-full wp-image-28676\" \/>Mac OS 10.8.1, das erste Update f\u00fcr Apples aktuelles Betriebssystem Mountain Lion, soll die Akkulaufzeit von Notebooks drastisch erh\u00f6hen. Laut Aussagen eines Entwicklers, der die Version im Rahmen des von Apple angebotenen Beta-Programms bereits installiert hat, erh\u00f6hte sich die Laufzeitanzeige bei seinem voll geladenen MacBook von zuvor etwas \u00fcber vier Stunden auf mehr als acht Stunden und er k\u00f6nne seinen Mac wieder den ganzen Tag nutzen, ohne ein Ladeger\u00e4t mitzuf\u00fchren. (via <a href=\"http:\/\/news.softpedia.com\/news\/Exclusive-Developer-Confirms-OS-X-10-8-1-Resolves-Battery-Drainage-in-Mountain-Lion-287166.shtml\">Softpedia<\/a>)<\/p>\n<p>In <a href=\"https:\/\/discussions.apple.com\/thread\/4135250?start=0&#038;tstart=0\">Apples Supportforen<\/a> beschweren sich etliche MacBook-Besitzer dar\u00fcber, dass sich die Akkulaufzeit ihrer Notebooks mit dem Update auf Mountain Lion quasi halbiert habe. Apple arbeitet offenbar mit viel Energie daran, dieses wie auch andere Startprobleme der neuen Betriebssystemgeneration zu beheben.<\/p>\n<p>Wie sind eure Erfahrungen mit Mountain Lion? Habt ihr das Akkuproblem selbst oder k\u00f6nnt ihr von anderen M\u00e4ngeln berichten?<\/p>\n","protected":false},"excerpt":{"rendered":"<a href=\"https:\/\/www.ifun.de\/akku-laufzeit-macbook-mountain-lion-besser-mit-update-28675\/\"><img width=\"150\" height=\"49\" src=\"https:\/\/images.ifun.de\/wp-content\/uploads\/2012\/08\/akkulaufzeit.gif\" class=\"alignright tfe wp-post-image\" alt=\"\" decoding=\"async\" loading=\"lazy\" \/><\/a><p>Mac OS 10.8.1, das erste Update f\u00fcr Apples aktuelles Betriebssystem Mountain Lion, soll die Akkulaufzeit von Notebooks drastisch erh\u00f6hen. Laut Aussagen eines Entwicklers, der die Version im Rahmen des von Apple angebotenen Beta-Programms bereits installiert hat, erh\u00f6hte sich die Laufzeitanzeige bei seinem voll geladenen MacBook von zuvor etwas \u00fcber vier Stunden auf mehr als acht [&hellip;]<\/p>\n","protected":false},"author":2,"featured_media":28676,"comment_status":"open","ping_status":"closed","sticky":false,"template":"","format":"standard","meta":{"_acf_changed":false,"footnotes":""},"categories":[16],"tags":[137,144,974,293],"class_list":["post-28675","post","type-post","status-publish","format-standard","has-post-thumbnail","hentry","category-mac","tag-akku","tag-macbook","tag-mountain-lion","tag-os-x"],"acf":[],"aioseo_notices":[],"rest_api_enabler":[],"_links":{"self":[{"href":"https:\/\/www.ifun.de\/apiv2\/wp\/v2\/posts\/28675","targetHints":{"allow":["GET"]}}],"collection":[{"href":"https:\/\/www.ifun.de\/apiv2\/wp\/v2\/posts"}],"about":[{"href":"https:\/\/www.ifun.de\/apiv2\/wp\/v2\/types\/post"}],"author":[{"embeddable":true,"href":"https:\/\/www.ifun.de\/apiv2\/wp\/v2\/users\/2"}],"replies":[{"embeddable":true,"href":"https:\/\/www.ifun.de\/apiv2\/wp\/v2\/comments?post=28675"}],"version-history":[{"count":3,"href":"https:\/\/www.ifun.de\/apiv2\/wp\/v2\/posts\/28675\/revisions"}],"predecessor-version":[{"id":28795,"href":"https:\/\/www.ifun.de\/apiv2\/wp\/v2\/posts\/28675\/revisions\/28795"}],"wp:featuredmedia":[{"embeddable":true,"href":"https:\/\/www.ifun.de\/apiv2\/wp\/v2\/media\/28676"}],"wp:attachment":[{"href":"https:\/\/www.ifun.de\/apiv2\/wp\/v2\/media?parent=28675"}],"wp:term":[{"taxonomy":"category","embeddable":true,"href":"https:\/\/www.ifun.de\/apiv2\/wp\/v2\/categories?post=28675"},{"taxonomy":"post_tag","embeddable":true,"href":"https:\/\/www.ifun.de\/apiv2\/wp\/v2\/tags?post=28675"}],"curies":[{"name":"wp","href":"https:\/\/api.w.org\/{rel}","templated":true}]}}