{"id":28085,"date":"2012-08-03T15:13:34","date_gmt":"2012-08-03T13:13:34","guid":{"rendered":"http:\/\/www.ifun.de\/?p=28085"},"modified":"2012-08-03T15:15:20","modified_gmt":"2012-08-03T13:15:20","slug":"glassfree-for-imac","status":"publish","type":"post","link":"https:\/\/www.ifun.de\/glassfree-for-imac-28085\/","title":{"rendered":"iMac ohne Glas: Umbaukit soll spiegelnde Glasfront bei Apples Destop-Rechnern ersetzen"},"content":{"rendered":"<p><a href=\"http:\/\/berlin1000.com\/en\/support-our-indiegogo-campaign-for-the-glassfree-for-imac\/\">GlassFree for iMac<\/a> ist das etwas mutige Funding-Projekt von zwei paar Berliner Mac-Enthusiasten. Im Visier  der beiden ist die gl\u00e4nzende und gerne spiegelnde Plexiglasfront von Apples All-in-one-Mac. \u00c4hnlich wie Apple es beim MacBook Pro mit Retina-Bildschirm vorgemacht hat, wollen die transparente Frontplatte komplett entfernen, damit der Nutzer ohne st\u00f6rende Einfl\u00fcsse direkt auf das LED-Display blickt.<\/p>\n<p><img loading=\"lazy\" decoding=\"async\" src=\"http:\/\/images.ifun.de\/wp-content\/uploads\/2012\/08\/imac-ohne-glas.jpg\" alt=\"\" title=\"imac-ohne-glas\" width=\"464\" height=\"185\" class=\"alignnone size-full wp-image-28086\" srcset=\"https:\/\/images.ifun.de\/wp-content\/uploads\/2012\/08\/imac-ohne-glas.jpg 464w, https:\/\/images.ifun.de\/wp-content\/uploads\/2012\/08\/imac-ohne-glas-300x119.jpg 300w\" sizes=\"auto, (max-width: 464px) 100vw, 464px\" \/><\/p>\n<p>Damit der iMac danach nicht aussieht wie auf dem Reparaturtisch, soll ein spezieller Rahmen f\u00fcr einen ordentlichen Abschluss nach au\u00dfen sorgen. Und hier kommt der entscheidende Punkt: Als f\u00fcr die Produktion des Rahmens ben\u00f6tigtes Grundkapital veranschlagen die Macher stolze 250.000 Euro. Offenbar war es nicht ganz einfach, den richtigen Materialmix zu finden, Kunststoff ist zu labil, Metall schirmt die verbauten Antennen ab.<\/p>\n<p>Unabh\u00e4ngig davon, ob das Ganze in Produktion geht, ist der Gedanke an ein weniger spiegelndes iMac-Display sicherlich nicht allzu sehr daneben. Allerdings sollte man nicht vergessen, dass die von Apple montierte Glasplatte zwar den Blick beeintr\u00e4chtigt, aber das LED-Display auch zuverl\u00e4ssig vor Besch\u00e4digungen sch\u00fctzt.<\/p>\n<p><!--more--><div class=\"responsive-video\"><iframe loading=\"lazy\" width=\"464\" height=\"261\" src=\"http:\/\/www.youtube-nocookie.com\/embed\/V0XplrADQgg\" frameborder=\"0\" allowfullscreen><\/iframe><\/div><br \/>\n(<a href=\"http:\/\/youtu.be\/V0XplrADQgg\">Direktlink zum Video<\/a>)<\/p>\n","protected":false},"excerpt":{"rendered":"<a href=\"https:\/\/www.ifun.de\/glassfree-for-imac-28085\/\"><img width=\"150\" height=\"60\" src=\"https:\/\/images.ifun.de\/wp-content\/uploads\/2012\/08\/imac-ohne-glas.jpg\" class=\"alignright tfe wp-post-image\" alt=\"\" decoding=\"async\" loading=\"lazy\" srcset=\"https:\/\/images.ifun.de\/wp-content\/uploads\/2012\/08\/imac-ohne-glas.jpg 464w, https:\/\/images.ifun.de\/wp-content\/uploads\/2012\/08\/imac-ohne-glas-300x119.jpg 300w\" sizes=\"auto, (max-width: 150px) 100vw, 150px\" \/><\/a><p>GlassFree for iMac ist das etwas mutige Funding-Projekt von zwei paar Berliner Mac-Enthusiasten. Im Visier der beiden ist die gl\u00e4nzende und gerne spiegelnde Plexiglasfront von Apples All-in-one-Mac. \u00c4hnlich wie Apple es beim MacBook Pro mit Retina-Bildschirm vorgemacht hat, wollen die transparente Frontplatte komplett entfernen, damit der Nutzer ohne st\u00f6rende Einfl\u00fcsse direkt auf das LED-Display blickt. [&hellip;]<\/p>\n","protected":false},"author":2,"featured_media":28086,"comment_status":"open","ping_status":"closed","sticky":false,"template":"","format":"standard","meta":{"_acf_changed":false,"footnotes":""},"categories":[16],"tags":[241,27,393,636],"class_list":["post-28085","post","type-post","status-publish","format-standard","has-post-thumbnail","hentry","category-mac","tag-bildschirm","tag-hacks","tag-imac","tag-umbau"],"acf":[],"aioseo_notices":[],"rest_api_enabler":[],"_links":{"self":[{"href":"https:\/\/www.ifun.de\/apiv2\/wp\/v2\/posts\/28085","targetHints":{"allow":["GET"]}}],"collection":[{"href":"https:\/\/www.ifun.de\/apiv2\/wp\/v2\/posts"}],"about":[{"href":"https:\/\/www.ifun.de\/apiv2\/wp\/v2\/types\/post"}],"author":[{"embeddable":true,"href":"https:\/\/www.ifun.de\/apiv2\/wp\/v2\/users\/2"}],"replies":[{"embeddable":true,"href":"https:\/\/www.ifun.de\/apiv2\/wp\/v2\/comments?post=28085"}],"version-history":[{"count":5,"href":"https:\/\/www.ifun.de\/apiv2\/wp\/v2\/posts\/28085\/revisions"}],"predecessor-version":[{"id":28091,"href":"https:\/\/www.ifun.de\/apiv2\/wp\/v2\/posts\/28085\/revisions\/28091"}],"wp:featuredmedia":[{"embeddable":true,"href":"https:\/\/www.ifun.de\/apiv2\/wp\/v2\/media\/28086"}],"wp:attachment":[{"href":"https:\/\/www.ifun.de\/apiv2\/wp\/v2\/media?parent=28085"}],"wp:term":[{"taxonomy":"category","embeddable":true,"href":"https:\/\/www.ifun.de\/apiv2\/wp\/v2\/categories?post=28085"},{"taxonomy":"post_tag","embeddable":true,"href":"https:\/\/www.ifun.de\/apiv2\/wp\/v2\/tags?post=28085"}],"curies":[{"name":"wp","href":"https:\/\/api.w.org\/{rel}","templated":true}]}}