{"id":280764,"date":"2026-06-02T10:59:59","date_gmt":"2026-06-02T08:59:59","guid":{"rendered":"https:\/\/www.ifun.de\/?p=280764"},"modified":"2026-06-02T10:59:59","modified_gmt":"2026-06-02T08:59:59","slug":"euro-office-neue-office-plattform-aus-europa-startet-am-9-juni","status":"publish","type":"post","link":"https:\/\/www.ifun.de\/euro-office-neue-office-plattform-aus-europa-startet-am-9-juni-280764\/","title":{"rendered":"Euro-Office: Neue Office-Plattform aus Europa startet am 9. Juni"},"content":{"rendered":"<p><a href=\"https:\/\/github.com\/Euro-Office\">Euro-Office<\/a> versteht sich als europ\u00e4ische Alternative zu den Office-L\u00f6sungen von Microsoft und Google. Die Cloud-L\u00f6sung soll ab dem 9. Juni verf\u00fcgbar sein. Die Software wird von mehreren europ\u00e4ischen Unternehmen und Organisationen entwickelt und unterst\u00fctzt, darunter <a href=\"https:\/\/www.ionos.de\/\">IONOS<\/a>, <a href=\"https:\/\/nextcloud.com\/de\/\">Nextcloud<\/a>, <a href=\"https:\/\/www.open-xchange.com\/\">OpenXchange<\/a>, <a href=\"https:\/\/www.xwiki.org\/xwiki\/bin\/view\/Main\/WebHome\">XWiki<\/a> und <a href=\"https:\/\/tuta.com\/de\">Tuta<\/a>.<\/p>\n<p>Das neue Office-Paket wird mit besonderem Fokus auf den Einsatz im gesch\u00e4ftlichen Umfeld entwickelt. Ziel ist es laut den Beteiligten, europ\u00e4ischen Unternehmen, Beh\u00f6rden und anderen Organisationen eine unabh\u00e4ngigere L\u00f6sung f\u00fcr digitale B\u00fcroarbeit anzubieten. Die Software ist quelloffen und soll weltweit kostenlos verf\u00fcgbar sein.<\/p>\n<p><a href=\"https:\/\/images.ifun.de\/wp-content\/uploads\/2026\/06\/euro-office-textverarbeitung.jpg\"><img loading=\"lazy\" decoding=\"async\" src=\"https:\/\/images.ifun.de\/wp-content\/uploads\/2026\/06\/euro-office-textverarbeitung-700x394.jpg\" alt=\"Euro Office Textverarbeitung\" width=\"700\" height=\"394\" class=\"alignnone size-large wp-image-280767\" srcset=\"https:\/\/images.ifun.de\/wp-content\/uploads\/2026\/06\/euro-office-textverarbeitung-700x394.jpg 700w, https:\/\/images.ifun.de\/wp-content\/uploads\/2026\/06\/euro-office-textverarbeitung-500x281.jpg 500w, https:\/\/images.ifun.de\/wp-content\/uploads\/2026\/06\/euro-office-textverarbeitung-768x432.jpg 768w, https:\/\/images.ifun.de\/wp-content\/uploads\/2026\/06\/euro-office-textverarbeitung.jpg 1400w\" sizes=\"auto, (max-width: 700px) 100vw, 700px\" \/><\/a><\/p>\n<h2>Integration in bestehende Plattformen<\/h2>\n<p>Die erste stabile Version von Euro-Office soll dann auch direkt in bestehende Angebote der beteiligten Unternehmen integriert werden. Geplant ist unter anderem die Einbindung in Dateiverwaltungen, Wiki-Systeme und Projektmanagement-Plattformen. So will Nextcloud die B\u00fcrosoftware in einer aktuellen Version seines Workspace-Pakets bereitstellen. Nutzer von IONOS Managed Nextcloud sollen Euro-Office nach dem Start ebenfalls direkt installieren k\u00f6nnen. Integrationen bei weiteren Anbietern sollen in den kommenden Monaten folgen.<\/p>\n<p>Laut Angaben der Entwickler standen zun\u00e4chst vor allem die Stabilit\u00e4t und Sicherheitsfunktionen der Software im Fokus. Zudem sei die Zusammenarbeit mit bestehenden Plattformen f\u00fcr die erste offizielle Version optimiert worden. Funktionen f\u00fcr Desktop- und Mobilanwendungen sollen erst in sp\u00e4teren Entwicklungsstufen st\u00e4rker ausgebaut werden.<\/p>\n<p><a href=\"https:\/\/images.ifun.de\/wp-content\/uploads\/2026\/06\/euro-office-tabellenkalkulation.jpg\"><img loading=\"lazy\" decoding=\"async\" src=\"https:\/\/images.ifun.de\/wp-content\/uploads\/2026\/06\/euro-office-tabellenkalkulation-700x394.jpg\" alt=\"Euro Office Tabellenkalkulation\" width=\"700\" height=\"394\" class=\"alignnone size-large wp-image-280769\" srcset=\"https:\/\/images.ifun.de\/wp-content\/uploads\/2026\/06\/euro-office-tabellenkalkulation-700x394.jpg 700w, https:\/\/images.ifun.de\/wp-content\/uploads\/2026\/06\/euro-office-tabellenkalkulation-500x281.jpg 500w, https:\/\/images.ifun.de\/wp-content\/uploads\/2026\/06\/euro-office-tabellenkalkulation-768x432.jpg 768w, https:\/\/images.ifun.de\/wp-content\/uploads\/2026\/06\/euro-office-tabellenkalkulation.jpg 1400w\" sizes=\"auto, (max-width: 700px) 100vw, 700px\" \/><\/a><\/p>\n<h2>Fokus auf Sicherheit und offene Standards<\/h2>\n<p>Auch eine umfassende Unterst\u00fctzung von offenen Dateiformaten steht weit oben auf der Liste der Entwickler, um den Austausch von Dokumenten zwischen unterschiedlichen Anwendungen zu erleichtern. Dazu z\u00e4hlt insbesondere der ODF-Standard, der bereits von verschiedenen Open-Source-Officepaketen unterst\u00fctzt wird.<\/p>\n<p>Im Hintergrund des Ganzen schwelt weiterhin der Vorwurf, Euro-Office habe einen Versto\u00df gegen die Lizenzbedingungen von OnlyOffice begangen. Die Entwickler von OnlyOffice haben ihre Vorw\u00fcrfe <a href=\"https:\/\/www.onlyoffice.com\/blog\/de\/2026\/03\/onlyoffice-meldet-lizenzverstoesse-im-euro-office-projekt-von-nextcloud-und-ionos\">hier formuliert<\/a>. Seitens Euro-Office wird dies allerdings zur\u00fcckgewiesen.<img decoding=\"async\" src=\"https:\/\/vg05.met.vgwort.de\/na\/84a467f83c934155a32be86db798a606\" width=\"1\" height=\"1\" no-lazy class=\"tracking\" loading=\"eager\"><\/p>\n","protected":false},"excerpt":{"rendered":"<a href=\"https:\/\/www.ifun.de\/euro-office-neue-office-plattform-aus-europa-startet-am-9-juni-280764\/\"><img width=\"150\" height=\"150\" src=\"https:\/\/images.ifun.de\/wp-content\/uploads\/2026\/06\/euro-office-tabellenkalkulation-150x150.jpg\" class=\"alignright tfe wp-post-image\" alt=\"Euro Office Tabellenkalkulation\" decoding=\"async\" loading=\"lazy\" \/><\/a><p>Euro-Office versteht sich als europ\u00e4ische Alternative zu den Office-L\u00f6sungen von Microsoft und Google. Die Cloud-L\u00f6sung soll ab dem 9. Juni verf\u00fcgbar sein. Die Software wird von mehreren europ\u00e4ischen Unternehmen und Organisationen entwickelt und unterst\u00fctzt, darunter IONOS, Nextcloud, OpenXchange, XWiki und Tuta. Das neue Office-Paket wird mit besonderem Fokus auf den Einsatz im gesch\u00e4ftlichen Umfeld entwickelt. [&hellip;]<\/p>\n","protected":false},"author":2,"featured_media":280769,"comment_status":"open","ping_status":"closed","sticky":false,"template":"","format":"standard","meta":{"footnotes":""},"categories":[1],"tags":[7215],"class_list":["post-280764","post","type-post","status-publish","format-standard","has-post-thumbnail","hentry","category-news","tag-euro-office"],"aioseo_notices":[],"aioseo_head":"\n\t\t<!-- All in One SEO Pro 5.0.1 - aioseo.com -->\n\t<meta name=\"description\" content=\"Die Cloud-L\u00f6sung Euro-Office soll ab dem 9. Juni als europ\u00e4ische Alternative zu Microsoft Office und Google Docs verf\u00fcgbar sein.\" \/>\n\t<meta name=\"robots\" content=\"max-image-preview:large\" \/>\n\t<meta name=\"author\" content=\"Chris\"\/>\n\t<meta name=\"google-site-verification\" content=\"uH_IhWlZO-QDb51DGwVoGT_GCZmfJp98klL3XmbE3ow\" \/>\n\t<link rel=\"canonical\" href=\"https:\/\/www.ifun.de\/euro-office-neue-office-plattform-aus-europa-startet-am-9-juni-280764\/\" \/>\n\t<meta name=\"generator\" content=\"All in One SEO Pro (AIOSEO) 5.0.1\" \/>\n\t\t<meta property=\"og:locale\" content=\"de_DE\" \/>\n\t\t<meta property=\"og:site_name\" content=\"ifun.de | Apple-News seit 2001\" \/>\n\t\t<meta property=\"og:type\" content=\"article\" \/>\n\t\t<meta property=\"og:title\" content=\"Euro-Office startet am 9. Juni | ifun.de\" \/>\n\t\t<meta property=\"og:description\" content=\"Die Cloud-L\u00f6sung Euro-Office soll ab dem 9. Juni als europ\u00e4ische Alternative zu Microsoft Office und Google Docs verf\u00fcgbar sein.\" \/>\n\t\t<meta property=\"og:url\" content=\"https:\/\/www.ifun.de\/euro-office-neue-office-plattform-aus-europa-startet-am-9-juni-280764\/\" \/>\n\t\t<meta property=\"og:image\" content=\"https:\/\/images.ifun.de\/wp-content\/uploads\/2026\/06\/euro-office-feature.jpg\" \/>\n\t\t<meta property=\"og:image:secure_url\" content=\"https:\/\/images.ifun.de\/wp-content\/uploads\/2026\/06\/euro-office-feature.jpg\" \/>\n\t\t<meta property=\"og:image:width\" content=\"960\" \/>\n\t\t<meta property=\"og:image:height\" content=\"378\" \/>\n\t\t<meta property=\"article:published_time\" content=\"2026-06-02T08:59:59+00:00\" \/>\n\t\t<meta property=\"article:modified_time\" content=\"2026-06-02T08:59:59+00:00\" \/>\n\t\t<meta property=\"article:publisher\" content=\"https:\/\/facebook.com\/ifun.de\" \/>\n\t\t<meta name=\"twitter:card\" content=\"summary_large_image\" \/>\n\t\t<meta name=\"twitter:site\" content=\"@ifun_news\" \/>\n\t\t<meta name=\"twitter:title\" content=\"Euro-Office startet am 9. Juni | ifun.de\" \/>\n\t\t<meta name=\"twitter:description\" content=\"Die Cloud-L\u00f6sung Euro-Office soll ab dem 9. Juni als europ\u00e4ische Alternative zu Microsoft Office und Google Docs verf\u00fcgbar sein.\" \/>\n\t\t<meta name=\"twitter:creator\" content=\"@ifun_news\" \/>\n\t\t<meta name=\"twitter:image\" content=\"https:\/\/images.ifun.de\/wp-content\/uploads\/2026\/06\/euro-office-feature.jpg\" \/>\n\t\t<script type=\"application\/ld+json\" class=\"aioseo-schema\">\n\t\t\t{\"@context\":\"https:\\\/\\\/schema.org\",\"@graph\":[{\"@type\":\"Article\",\"@id\":\"https:\\\/\\\/www.ifun.de\\\/euro-office-neue-office-plattform-aus-europa-startet-am-9-juni-280764\\\/#article\",\"name\":\"Euro-Office startet am 9. Juni | ifun.de\",\"headline\":\"Euro-Office: Neue Office-Plattform aus Europa startet am 9. Juni\",\"author\":{\"@id\":\"https:\\\/\\\/www.ifun.de\\\/author\\\/chris\\\/#author\"},\"publisher\":{\"@id\":\"https:\\\/\\\/www.ifun.de\\\/#organization\"},\"image\":{\"@type\":\"ImageObject\",\"url\":\"https:\\\/\\\/images.ifun.de\\\/wp-content\\\/uploads\\\/2026\\\/06\\\/euro-office-tabellenkalkulation.jpg\",\"width\":1400,\"height\":788,\"caption\":\"Euro Office Tabellenkalkulation\"},\"datePublished\":\"2026-06-02T10:59:59+02:00\",\"dateModified\":\"2026-06-02T10:59:59+02:00\",\"inLanguage\":\"de-DE\",\"commentCount\":42,\"mainEntityOfPage\":{\"@id\":\"https:\\\/\\\/www.ifun.de\\\/euro-office-neue-office-plattform-aus-europa-startet-am-9-juni-280764\\\/#webpage\"},\"isPartOf\":{\"@id\":\"https:\\\/\\\/www.ifun.de\\\/euro-office-neue-office-plattform-aus-europa-startet-am-9-juni-280764\\\/#webpage\"},\"articleSection\":\"News, Euro-Office\"},{\"@type\":\"BreadcrumbList\",\"@id\":\"https:\\\/\\\/www.ifun.de\\\/euro-office-neue-office-plattform-aus-europa-startet-am-9-juni-280764\\\/#breadcrumblist\",\"itemListElement\":[{\"@type\":\"ListItem\",\"@id\":\"https:\\\/\\\/www.ifun.de#listItem\",\"position\":1,\"name\":\"Home\",\"item\":\"https:\\\/\\\/www.ifun.de\",\"nextItem\":{\"@type\":\"ListItem\",\"@id\":\"https:\\\/\\\/www.ifun.de\\\/category\\\/news\\\/#listItem\",\"name\":\"News\"}},{\"@type\":\"ListItem\",\"@id\":\"https:\\\/\\\/www.ifun.de\\\/category\\\/news\\\/#listItem\",\"position\":2,\"name\":\"News\",\"item\":\"https:\\\/\\\/www.ifun.de\\\/category\\\/news\\\/\",\"nextItem\":{\"@type\":\"ListItem\",\"@id\":\"https:\\\/\\\/www.ifun.de\\\/euro-office-neue-office-plattform-aus-europa-startet-am-9-juni-280764\\\/#listItem\",\"name\":\"Euro-Office: Neue Office-Plattform aus Europa startet am 9. Juni\"},\"previousItem\":{\"@type\":\"ListItem\",\"@id\":\"https:\\\/\\\/www.ifun.de#listItem\",\"name\":\"Home\"}},{\"@type\":\"ListItem\",\"@id\":\"https:\\\/\\\/www.ifun.de\\\/euro-office-neue-office-plattform-aus-europa-startet-am-9-juni-280764\\\/#listItem\",\"position\":3,\"name\":\"Euro-Office: Neue Office-Plattform aus Europa startet am 9. Juni\",\"previousItem\":{\"@type\":\"ListItem\",\"@id\":\"https:\\\/\\\/www.ifun.de\\\/category\\\/news\\\/#listItem\",\"name\":\"News\"}}]},{\"@type\":\"Organization\",\"@id\":\"https:\\\/\\\/www.ifun.de\\\/#organization\",\"name\":\"ifun.de\",\"description\":\"Apple-News seit 2001\",\"url\":\"https:\\\/\\\/www.ifun.de\\\/\",\"telephone\":\"+493057707123\",\"logo\":{\"@type\":\"ImageObject\",\"url\":\"https:\\\/\\\/images.ifun.de\\\/wp-content\\\/uploads\\\/2026\\\/02\\\/apple-touch-icon.png\",\"@id\":\"https:\\\/\\\/www.ifun.de\\\/euro-office-neue-office-plattform-aus-europa-startet-am-9-juni-280764\\\/#organizationLogo\",\"width\":512,\"height\":512,\"caption\":\"Apple Touch Icon\"},\"image\":{\"@id\":\"https:\\\/\\\/www.ifun.de\\\/euro-office-neue-office-plattform-aus-europa-startet-am-9-juni-280764\\\/#organizationLogo\"},\"sameAs\":[\"https:\\\/\\\/facebook.com\\\/ifun.de\",\"https:\\\/\\\/x.com\\\/ifun_news\"]},{\"@type\":\"Person\",\"@id\":\"https:\\\/\\\/www.ifun.de\\\/author\\\/chris\\\/#author\",\"url\":\"https:\\\/\\\/www.ifun.de\\\/author\\\/chris\\\/\",\"name\":\"Chris\"},{\"@type\":\"WebPage\",\"@id\":\"https:\\\/\\\/www.ifun.de\\\/euro-office-neue-office-plattform-aus-europa-startet-am-9-juni-280764\\\/#webpage\",\"url\":\"https:\\\/\\\/www.ifun.de\\\/euro-office-neue-office-plattform-aus-europa-startet-am-9-juni-280764\\\/\",\"name\":\"Euro-Office startet am 9. Juni | ifun.de\",\"description\":\"Die Cloud-L\\u00f6sung Euro-Office soll ab dem 9. Juni als europ\\u00e4ische Alternative zu Microsoft Office und Google Docs verf\\u00fcgbar sein.\",\"inLanguage\":\"de-DE\",\"isPartOf\":{\"@id\":\"https:\\\/\\\/www.ifun.de\\\/#website\"},\"breadcrumb\":{\"@id\":\"https:\\\/\\\/www.ifun.de\\\/euro-office-neue-office-plattform-aus-europa-startet-am-9-juni-280764\\\/#breadcrumblist\"},\"author\":{\"@id\":\"https:\\\/\\\/www.ifun.de\\\/author\\\/chris\\\/#author\"},\"creator\":{\"@id\":\"https:\\\/\\\/www.ifun.de\\\/author\\\/chris\\\/#author\"},\"image\":{\"@type\":\"ImageObject\",\"url\":\"https:\\\/\\\/images.ifun.de\\\/wp-content\\\/uploads\\\/2026\\\/06\\\/euro-office-tabellenkalkulation.jpg\",\"@id\":\"https:\\\/\\\/www.ifun.de\\\/euro-office-neue-office-plattform-aus-europa-startet-am-9-juni-280764\\\/#mainImage\",\"width\":1400,\"height\":788,\"caption\":\"Euro Office Tabellenkalkulation\"},\"primaryImageOfPage\":{\"@id\":\"https:\\\/\\\/www.ifun.de\\\/euro-office-neue-office-plattform-aus-europa-startet-am-9-juni-280764\\\/#mainImage\"},\"datePublished\":\"2026-06-02T10:59:59+02:00\",\"dateModified\":\"2026-06-02T10:59:59+02:00\"},{\"@type\":\"WebSite\",\"@id\":\"https:\\\/\\\/www.ifun.de\\\/#website\",\"url\":\"https:\\\/\\\/www.ifun.de\\\/\",\"name\":\"ifun.de\",\"description\":\"Apple-News seit 2001\",\"inLanguage\":\"de-DE\",\"publisher\":{\"@id\":\"https:\\\/\\\/www.ifun.de\\\/#organization\"}}]}\n\t\t<\/script>\n\t\t<!-- All in One SEO Pro -->\r\n\t\t<title>Euro-Office startet am 9. Juni | ifun.de<\/title>\n\n","aioseo_head_json":{"title":"Euro-Office startet am 9. Juni | ifun.de","description":"Die Cloud-L\u00f6sung Euro-Office soll ab dem 9. Juni als europ\u00e4ische Alternative zu Microsoft Office und Google Docs verf\u00fcgbar sein.","canonical_url":"https:\/\/www.ifun.de\/euro-office-neue-office-plattform-aus-europa-startet-am-9-juni-280764\/","robots":"max-image-preview:large","keywords":"","webmasterTools":{"google-site-verification":"uH_IhWlZO-QDb51DGwVoGT_GCZmfJp98klL3XmbE3ow","miscellaneous":""},"schema":{"@context":"https:\/\/schema.org","@graph":[{"@type":"Article","@id":"https:\/\/www.ifun.de\/euro-office-neue-office-plattform-aus-europa-startet-am-9-juni-280764\/#article","name":"Euro-Office startet am 9. Juni | ifun.de","headline":"Euro-Office: Neue Office-Plattform aus Europa startet am 9. Juni","author":{"@id":"https:\/\/www.ifun.de\/author\/chris\/#author"},"publisher":{"@id":"https:\/\/www.ifun.de\/#organization"},"image":{"@type":"ImageObject","url":"https:\/\/images.ifun.de\/wp-content\/uploads\/2026\/06\/euro-office-tabellenkalkulation.jpg","width":1400,"height":788,"caption":"Euro Office Tabellenkalkulation"},"datePublished":"2026-06-02T10:59:59+02:00","dateModified":"2026-06-02T10:59:59+02:00","inLanguage":"de-DE","commentCount":42,"mainEntityOfPage":{"@id":"https:\/\/www.ifun.de\/euro-office-neue-office-plattform-aus-europa-startet-am-9-juni-280764\/#webpage"},"isPartOf":{"@id":"https:\/\/www.ifun.de\/euro-office-neue-office-plattform-aus-europa-startet-am-9-juni-280764\/#webpage"},"articleSection":"News, Euro-Office"},{"@type":"BreadcrumbList","@id":"https:\/\/www.ifun.de\/euro-office-neue-office-plattform-aus-europa-startet-am-9-juni-280764\/#breadcrumblist","itemListElement":[{"@type":"ListItem","@id":"https:\/\/www.ifun.de#listItem","position":1,"name":"Home","item":"https:\/\/www.ifun.de","nextItem":{"@type":"ListItem","@id":"https:\/\/www.ifun.de\/category\/news\/#listItem","name":"News"}},{"@type":"ListItem","@id":"https:\/\/www.ifun.de\/category\/news\/#listItem","position":2,"name":"News","item":"https:\/\/www.ifun.de\/category\/news\/","nextItem":{"@type":"ListItem","@id":"https:\/\/www.ifun.de\/euro-office-neue-office-plattform-aus-europa-startet-am-9-juni-280764\/#listItem","name":"Euro-Office: Neue Office-Plattform aus Europa startet am 9. Juni"},"previousItem":{"@type":"ListItem","@id":"https:\/\/www.ifun.de#listItem","name":"Home"}},{"@type":"ListItem","@id":"https:\/\/www.ifun.de\/euro-office-neue-office-plattform-aus-europa-startet-am-9-juni-280764\/#listItem","position":3,"name":"Euro-Office: Neue Office-Plattform aus Europa startet am 9. Juni","previousItem":{"@type":"ListItem","@id":"https:\/\/www.ifun.de\/category\/news\/#listItem","name":"News"}}]},{"@type":"Organization","@id":"https:\/\/www.ifun.de\/#organization","name":"ifun.de","description":"Apple-News seit 2001","url":"https:\/\/www.ifun.de\/","telephone":"+493057707123","logo":{"@type":"ImageObject","url":"https:\/\/images.ifun.de\/wp-content\/uploads\/2026\/02\/apple-touch-icon.png","@id":"https:\/\/www.ifun.de\/euro-office-neue-office-plattform-aus-europa-startet-am-9-juni-280764\/#organizationLogo","width":512,"height":512,"caption":"Apple Touch Icon"},"image":{"@id":"https:\/\/www.ifun.de\/euro-office-neue-office-plattform-aus-europa-startet-am-9-juni-280764\/#organizationLogo"},"sameAs":["https:\/\/facebook.com\/ifun.de","https:\/\/x.com\/ifun_news"]},{"@type":"Person","@id":"https:\/\/www.ifun.de\/author\/chris\/#author","url":"https:\/\/www.ifun.de\/author\/chris\/","name":"Chris"},{"@type":"WebPage","@id":"https:\/\/www.ifun.de\/euro-office-neue-office-plattform-aus-europa-startet-am-9-juni-280764\/#webpage","url":"https:\/\/www.ifun.de\/euro-office-neue-office-plattform-aus-europa-startet-am-9-juni-280764\/","name":"Euro-Office startet am 9. Juni | ifun.de","description":"Die Cloud-L\u00f6sung Euro-Office soll ab dem 9. Juni als europ\u00e4ische Alternative zu Microsoft Office und Google Docs verf\u00fcgbar sein.","inLanguage":"de-DE","isPartOf":{"@id":"https:\/\/www.ifun.de\/#website"},"breadcrumb":{"@id":"https:\/\/www.ifun.de\/euro-office-neue-office-plattform-aus-europa-startet-am-9-juni-280764\/#breadcrumblist"},"author":{"@id":"https:\/\/www.ifun.de\/author\/chris\/#author"},"creator":{"@id":"https:\/\/www.ifun.de\/author\/chris\/#author"},"image":{"@type":"ImageObject","url":"https:\/\/images.ifun.de\/wp-content\/uploads\/2026\/06\/euro-office-tabellenkalkulation.jpg","@id":"https:\/\/www.ifun.de\/euro-office-neue-office-plattform-aus-europa-startet-am-9-juni-280764\/#mainImage","width":1400,"height":788,"caption":"Euro Office Tabellenkalkulation"},"primaryImageOfPage":{"@id":"https:\/\/www.ifun.de\/euro-office-neue-office-plattform-aus-europa-startet-am-9-juni-280764\/#mainImage"},"datePublished":"2026-06-02T10:59:59+02:00","dateModified":"2026-06-02T10:59:59+02:00"},{"@type":"WebSite","@id":"https:\/\/www.ifun.de\/#website","url":"https:\/\/www.ifun.de\/","name":"ifun.de","description":"Apple-News seit 2001","inLanguage":"de-DE","publisher":{"@id":"https:\/\/www.ifun.de\/#organization"}}]},"og:locale":"de_DE","og:site_name":"ifun.de | Apple-News seit 2001","og:type":"article","og:title":"Euro-Office startet am 9. Juni | ifun.de","og:description":"Die Cloud-L\u00f6sung Euro-Office soll ab dem 9. Juni als europ\u00e4ische Alternative zu Microsoft Office und Google Docs verf\u00fcgbar sein.","og:url":"https:\/\/www.ifun.de\/euro-office-neue-office-plattform-aus-europa-startet-am-9-juni-280764\/","og:image":"https:\/\/images.ifun.de\/wp-content\/uploads\/2026\/06\/euro-office-feature.jpg","og:image:secure_url":"https:\/\/images.ifun.de\/wp-content\/uploads\/2026\/06\/euro-office-feature.jpg","og:image:width":960,"og:image:height":378,"article:published_time":"2026-06-02T08:59:59+00:00","article:modified_time":"2026-06-02T08:59:59+00:00","article:publisher":"https:\/\/facebook.com\/ifun.de","twitter:card":"summary_large_image","twitter:site":"@ifun_news","twitter:title":"Euro-Office startet am 9. Juni | ifun.de","twitter:description":"Die Cloud-L\u00f6sung Euro-Office soll ab dem 9. Juni als europ\u00e4ische Alternative zu Microsoft Office und Google Docs verf\u00fcgbar sein.","twitter:creator":"@ifun_news","twitter:image":"https:\/\/images.ifun.de\/wp-content\/uploads\/2026\/06\/euro-office-feature.jpg"},"aioseo_meta_data":{"post_id":"280764","title":"Euro-Office startet am 9. Juni | #site_title","description":"Die Cloud-L\u00f6sung Euro-Office soll ab dem 9. Juni als europ\u00e4ische Alternative zu Microsoft Office und Google Docs verf\u00fcgbar sein.","keywords":null,"keyphrases":{"focus":{"keyphrase":"","score":0,"analysis":{"keyphraseInTitle":{"score":0,"maxScore":9,"error":1}}},"additional":[]},"primary_term":null,"canonical_url":null,"og_title":null,"og_description":null,"og_object_type":"default","og_image_type":"default","og_image_url":null,"og_image_width":null,"og_image_height":null,"og_image_custom_url":null,"og_image_custom_fields":null,"og_video":"","og_custom_url":null,"og_article_section":null,"og_article_tags":null,"twitter_use_og":false,"twitter_card":"default","twitter_image_type":"default","twitter_image_url":null,"twitter_image_custom_url":null,"twitter_image_custom_fields":null,"twitter_title":null,"twitter_description":null,"schema":{"blockGraphs":[],"customGraphs":[],"default":{"data":{"Article":[],"Course":[],"Dataset":[],"FAQPage":[],"Movie":[],"Person":[],"Product":[],"ProductReview":[],"Car":[],"Recipe":[],"Service":[],"SoftwareApplication":[],"WebPage":[]},"graphName":"Article","isEnabled":true},"graphs":[]},"schema_type":"default","schema_type_options":null,"pillar_content":false,"robots_default":true,"robots_noindex":false,"robots_noarchive":false,"robots_nosnippet":false,"robots_nofollow":false,"robots_noimageindex":false,"robots_noodp":false,"robots_notranslate":false,"robots_max_snippet":"-1","robots_max_videopreview":"-1","robots_max_imagepreview":"large","priority":null,"frequency":"default","local_seo":null,"seo_analyzer_scan_date":"2026-06-29 11:37:08","breadcrumb_settings":null,"limit_modified_date":false,"reviewed_by":null,"open_ai":null,"ai":{"faqs":[],"keyPoints":[],"schemas":[],"titles":[],"descriptions":[],"socialPosts":{"email":[],"linkedin":[],"twitter":[],"facebook":[],"instagram":[]}},"created":"2026-06-02 08:30:10","updated":"2026-06-29 11:37:08","focus_keyword":null,"additional_keywords":null,"truseo_locale":null},"aioseo_breadcrumb":"<div class=\"aioseo-breadcrumbs\"><span class=\"aioseo-breadcrumb\">\n\t<a href=\"https:\/\/www.ifun.de\" title=\"Home\">Home<\/a>\n<\/span><span class=\"aioseo-breadcrumb-separator\">\u00bb<\/span><span class=\"aioseo-breadcrumb\">\n\t<a href=\"https:\/\/www.ifun.de\/category\/news\/\" title=\"News\">News<\/a>\n<\/span><span class=\"aioseo-breadcrumb-separator\">\u00bb<\/span><span class=\"aioseo-breadcrumb\">\n\tEuro-Office: Neue Office-Plattform aus Europa startet am 9. Juni\n<\/span><\/div>","aioseo_breadcrumb_json":[{"label":"Home","link":"https:\/\/www.ifun.de"},{"label":"News","link":"https:\/\/www.ifun.de\/category\/news\/"},{"label":"Euro-Office: Neue Office-Plattform aus Europa startet am 9. Juni","link":"https:\/\/www.ifun.de\/euro-office-neue-office-plattform-aus-europa-startet-am-9-juni-280764\/"}],"featured_image":["https:\/\/images.ifun.de\/wp-content\/uploads\/2026\/06\/euro-office-feature.jpg"],"subheadline":["Alternative zu Microsoft und Google"],"rest_api_enabler":{"featured_image":"https:\/\/images.ifun.de\/wp-content\/uploads\/2026\/06\/euro-office-feature.jpg","subheadline":"Alternative zu Microsoft und Google"},"_links":{"self":[{"href":"https:\/\/www.ifun.de\/apiv2\/wp\/v2\/posts\/280764","targetHints":{"allow":["GET"]}}],"collection":[{"href":"https:\/\/www.ifun.de\/apiv2\/wp\/v2\/posts"}],"about":[{"href":"https:\/\/www.ifun.de\/apiv2\/wp\/v2\/types\/post"}],"author":[{"embeddable":true,"href":"https:\/\/www.ifun.de\/apiv2\/wp\/v2\/users\/2"}],"replies":[{"embeddable":true,"href":"https:\/\/www.ifun.de\/apiv2\/wp\/v2\/comments?post=280764"}],"version-history":[{"count":3,"href":"https:\/\/www.ifun.de\/apiv2\/wp\/v2\/posts\/280764\/revisions"}],"predecessor-version":[{"id":280771,"href":"https:\/\/www.ifun.de\/apiv2\/wp\/v2\/posts\/280764\/revisions\/280771"}],"wp:featuredmedia":[{"embeddable":true,"href":"https:\/\/www.ifun.de\/apiv2\/wp\/v2\/media\/280769"}],"wp:attachment":[{"href":"https:\/\/www.ifun.de\/apiv2\/wp\/v2\/media?parent=280764"}],"wp:term":[{"taxonomy":"category","embeddable":true,"href":"https:\/\/www.ifun.de\/apiv2\/wp\/v2\/categories?post=280764"},{"taxonomy":"post_tag","embeddable":true,"href":"https:\/\/www.ifun.de\/apiv2\/wp\/v2\/tags?post=280764"}],"curies":[{"name":"wp","href":"https:\/\/api.w.org\/{rel}","templated":true}]}}