{"id":278892,"date":"2026-04-30T09:01:10","date_gmt":"2026-04-30T07:01:10","guid":{"rendered":"https:\/\/www.ifun.de\/?p=278892"},"modified":"2026-04-30T09:05:45","modified_gmt":"2026-04-30T07:05:45","slug":"john-ternus-im-gespraech-so-denkt-apples-naechster-ceo","status":"publish","type":"post","link":"https:\/\/www.ifun.de\/john-ternus-im-gespraech-so-denkt-apples-naechster-ceo-278892\/","title":{"rendered":"John Ternus im Gespr\u00e4ch: So denkt Apples n\u00e4chster CEO"},"content":{"rendered":"<p>John Ternus ist inzwischen offiziell als designierter <a href=\"https:\/\/www.ifun.de\/ternus-als-neue-apple-chef-klarere-entscheidungen-und-mehr-risiko-278339\/\">Nachfolger von Tim Cook best\u00e4tigt<\/a> und soll im September den Chefposten bei Apple \u00fcbernehmen. Ein k\u00fcrzlich ver\u00f6ffentlichtes <a href=\"https:\/\/www.youtube.com\/watch?v=kkBudtxgor0\">Video-Interview<\/a> bietet eine gute Gelegenheit, den bisherigen Hardware-Chef genauer kennenzulernen.<\/p>\n<p><a href=\"https:\/\/images.ifun.de\/wp-content\/uploads\/2026\/04\/ternus-gruen.jpg\"><img loading=\"lazy\" decoding=\"async\" class=\"aligncenter size-medium wp-image-278894\" src=\"https:\/\/images.ifun.de\/wp-content\/uploads\/2026\/04\/ternus-gruen-500x403.jpg\" alt=\"Ternus Gruen\" width=\"500\" height=\"403\" srcset=\"https:\/\/images.ifun.de\/wp-content\/uploads\/2026\/04\/ternus-gruen-500x403.jpg 500w, https:\/\/images.ifun.de\/wp-content\/uploads\/2026\/04\/ternus-gruen.jpg 697w\" sizes=\"auto, (max-width: 500px) 100vw, 500px\" \/><\/a><\/p>\n<h6>Generationswechsel: Ternus ist 1975 geboren<\/h6>\n<p>Ternus tritt darin gemeinsam mit Marketingchef Greg Joswiak auf und spricht \u00fcber Apples Produktverst\u00e4ndnis, den neuen MacBook Neo, k\u00fcnstliche Intelligenz und die Vision Pro.<\/p>\n<p>Interessant ist das Gespr\u00e4ch auch wegen seines Timings. Das Video wurde rund eine Woche vor der <a href=\"https:\/\/www.ifun.de\/tim-cook-kuendigt-ruecktritt-als-apple-chef-an-278309\/\">Ank\u00fcndigung von Cooks R\u00fccktritt<\/a> ver\u00f6ffentlicht. R\u00fcckblickend l\u00e4sst sich der Auftritt damit in einem anderen Licht sehen. Ternus sprach hier wohl schon in dem Wissen, dass seine bevorstehende \u00dcbernahme des Chefpostens kurz darauf \u00f6ffentlich gemacht werden w\u00fcrde. Gerade deshalb lohnt sich der Blick auf Tonfall, Themenwahl und Selbstverst\u00e4ndnis des Apple-Managers.<\/p>\n<h2>&#8222;We never want to ship junk&#8220;<\/h2>\n<p>Auff\u00e4llig ist, wie stark Ternus seine Antworten \u00fcber Produkte und deren technische Umsetzung definiert. Auf die Frage nach Apples <a href=\"https:\/\/en.wikipedia.org\/wiki\/Think_different\">\u201eThink different\u201c-Tradition<\/a> verweist er nicht auf ein einzelnes Ger\u00e4t. F\u00fcr ihn stecke in jedem Produkt ein neuer Gedanke, sei es bei Materialien, elektrischer Konstruktion oder Apple Silicon. Seine zentrale Aussage: \u201e<em>Invention is fundamentally an act of thinking different.<\/em>\u201c<\/p>\n<p><a href=\"https:\/\/images.ifun.de\/wp-content\/uploads\/2026\/04\/ternus-rot-blau.jpg\"><img loading=\"lazy\" decoding=\"async\" class=\"aligncenter size-large wp-image-278895\" src=\"https:\/\/images.ifun.de\/wp-content\/uploads\/2026\/04\/ternus-rot-blau-700x280.jpg\" alt=\"Ternus Rot Blau\" width=\"700\" height=\"280\" srcset=\"https:\/\/images.ifun.de\/wp-content\/uploads\/2026\/04\/ternus-rot-blau-700x280.jpg 700w, https:\/\/images.ifun.de\/wp-content\/uploads\/2026\/04\/ternus-rot-blau-500x200.jpg 500w, https:\/\/images.ifun.de\/wp-content\/uploads\/2026\/04\/ternus-rot-blau-768x307.jpg 768w, https:\/\/images.ifun.de\/wp-content\/uploads\/2026\/04\/ternus-rot-blau.jpg 1402w\" sizes=\"auto, (max-width: 700px) 100vw, 700px\" \/><\/a><\/p>\n<h6>Bislang \u00fcberblickte Ternus die Hardware-Entwicklung Apples<\/h6>\n<p>Beim MacBook Neo beschreibt Ternus den Anspruch, einen g\u00fcnstigeren Mac nicht \u00fcber abgesenkte Erwartungen zu erkl\u00e4ren. Apple habe das Ger\u00e4t neu entwickeln m\u00fcssen, um Preis und Qualit\u00e4t zusammenzubringen. \u201e<em>We never want to ship junk<\/em>\u201c, sagt er. Entscheidend sei gewesen, die Frage zu beantworten, was einen Mac im Kern ausmacht: Display, Tastatur, Trackpad, Akkulaufzeit und macOS.<\/p>\n<h2>Blick auf KI und Vision Pro<\/h2>\n<p>Auch in Sachen KI gibt Ternus Einblick in Apples Grundhaltung. Apple wolle keine Technologie um ihrer selbst willen ausliefern. Stattdessen gehe es darum, aus Technik konkrete Funktionen zu machen, die Nutzern im Alltag helfen. Als Beispiel nennt er Live-\u00dcbersetzungen auf den AirPods.<\/p>\n<p>Bei der Vision Pro bleibt Ternus vorsichtig, aber grunds\u00e4tzlich optimistisch. Spatial Computing befinde sich noch am Anfang. Besonders Unternehmen, Medizin und immersive Sport\u00fcbertragungen nennt er als Bereiche, in denen sich bereits neue Einsatzm\u00f6glichkeiten zeigen. <a href=\"https:\/\/www.ifun.de\/vision-pro-apple-soll-das-interesse-verloren-haben-278874\/\">Konkrete Zukunftspl\u00e4ne nennt er nicht<\/a>.<\/p>\n<p><a href=\"https:\/\/www.youtube.com\/watch?v=kkBudtxgor0\">Das Interview ist sehenswert<\/a>, weil es Ternus nicht als lauten Produktverk\u00e4ufer zeigt, sondern als Ingenieur mit Blick f\u00fcr Strukturen, Kompromisse und Details.<\/p>\n<p><div class=\"responsive-video\"><iframe src=\"https:\/\/www.ifun.de\/yt\/index.html?v=kkBudtxgor0\" allow=\"autoplay; fullscreen; picture-in-picture; encrypted-media\" referrerpolicy=\"strict-origin-when-cross-origin\" allowfullscreen><\/iframe><\/div><\/p>\n<p><img loading=\"lazy\" decoding=\"async\" src=\"https:\/\/vg05.met.vgwort.de\/na\/9fde0088337b4c458e92bb6d1ba38c21\" width=\"1\" height=\"1\"  no-lazy class=\"tracking\"><\/p>\n","protected":false},"excerpt":{"rendered":"<a href=\"https:\/\/www.ifun.de\/john-ternus-im-gespraech-so-denkt-apples-naechster-ceo-278892\/\"><img width=\"150\" height=\"150\" src=\"https:\/\/images.ifun.de\/wp-content\/uploads\/2026\/04\/ternus-rot-blau-150x150.jpg\" class=\"alignright tfe wp-post-image\" alt=\"Ternus Rot Blau\" decoding=\"async\" loading=\"lazy\" \/><\/a><p>John Ternus ist inzwischen offiziell als designierter Nachfolger von Tim Cook best\u00e4tigt und soll im September den Chefposten bei Apple \u00fcbernehmen. Ein k\u00fcrzlich ver\u00f6ffentlichtes Video-Interview bietet eine gute Gelegenheit, den bisherigen Hardware-Chef genauer kennenzulernen. Generationswechsel: Ternus ist 1975 geboren Ternus tritt darin gemeinsam mit Marketingchef Greg Joswiak auf und spricht \u00fcber Apples Produktverst\u00e4ndnis, den neuen [&hellip;]<\/p>\n","protected":false},"author":1,"featured_media":278895,"comment_status":"open","ping_status":"closed","sticky":false,"template":"","format":"standard","meta":{"_acf_changed":false,"footnotes":""},"categories":[20],"tags":[736,5338,31],"class_list":["post-278892","post","type-post","status-publish","format-standard","has-post-thumbnail","hentry","category-videos","tag-interview","tag-john-ternus","tag-video"],"acf":[],"aioseo_notices":[],"featured_image":["https:\/\/images.ifun.de\/wp-content\/uploads\/2026\/04\/john-ternus-apple-ceo.jpg"],"subheadline":["Produktdenker statt B\u00fchnenfigur"],"rest_api_enabler":{"featured_image":"https:\/\/images.ifun.de\/wp-content\/uploads\/2026\/04\/john-ternus-apple-ceo.jpg","subheadline":"Produktdenker statt B\u00fchnenfigur"},"_links":{"self":[{"href":"https:\/\/www.ifun.de\/apiv2\/wp\/v2\/posts\/278892","targetHints":{"allow":["GET"]}}],"collection":[{"href":"https:\/\/www.ifun.de\/apiv2\/wp\/v2\/posts"}],"about":[{"href":"https:\/\/www.ifun.de\/apiv2\/wp\/v2\/types\/post"}],"author":[{"embeddable":true,"href":"https:\/\/www.ifun.de\/apiv2\/wp\/v2\/users\/1"}],"replies":[{"embeddable":true,"href":"https:\/\/www.ifun.de\/apiv2\/wp\/v2\/comments?post=278892"}],"version-history":[{"count":5,"href":"https:\/\/www.ifun.de\/apiv2\/wp\/v2\/posts\/278892\/revisions"}],"predecessor-version":[{"id":278904,"href":"https:\/\/www.ifun.de\/apiv2\/wp\/v2\/posts\/278892\/revisions\/278904"}],"wp:featuredmedia":[{"embeddable":true,"href":"https:\/\/www.ifun.de\/apiv2\/wp\/v2\/media\/278895"}],"wp:attachment":[{"href":"https:\/\/www.ifun.de\/apiv2\/wp\/v2\/media?parent=278892"}],"wp:term":[{"taxonomy":"category","embeddable":true,"href":"https:\/\/www.ifun.de\/apiv2\/wp\/v2\/categories?post=278892"},{"taxonomy":"post_tag","embeddable":true,"href":"https:\/\/www.ifun.de\/apiv2\/wp\/v2\/tags?post=278892"}],"curies":[{"name":"wp","href":"https:\/\/api.w.org\/{rel}","templated":true}]}}