{"id":278874,"date":"2026-04-30T06:33:50","date_gmt":"2026-04-30T04:33:50","guid":{"rendered":"https:\/\/www.ifun.de\/?p=278874"},"modified":"2026-04-30T07:35:18","modified_gmt":"2026-04-30T05:35:18","slug":"vision-pro-apple-soll-das-interesse-verloren-haben","status":"publish","type":"post","link":"https:\/\/www.ifun.de\/vision-pro-apple-soll-das-interesse-verloren-haben-278874\/","title":{"rendered":"Vision Pro: Apple soll das Interesse verloren haben"},"content":{"rendered":"<p>Apples Mixed-Reality-Headset Vision Pro steht offenbar vor dem Aus. Nach Berichten aus Unternehmenskreisen hat das <a href=\"https:\/\/www.ifun.de\/apple-vision-pro-mit-m5-chip-die-zweite-generation-ist-guenstiger-267157\/\">im Herbst 2025 ver\u00f6ffentlichte Upgrade<\/a> mit M5-Chip und g\u00fcnstigeren Einstiegspreisen die Erwartungen <a href=\"https:\/\/www.macrumors.com\/2026\/04\/29\/apple-vision-pro-m5-flop\/\">nicht erf\u00fcllt<\/a>.<\/p>\n<p><a href=\"https:\/\/images.ifun.de\/wp-content\/uploads\/2024\/09\/vision-pro-augen.gif\"><img loading=\"lazy\" decoding=\"async\" class=\"aligncenter size-full wp-image-240264\" src=\"https:\/\/images.ifun.de\/wp-content\/uploads\/2024\/09\/vision-pro-augen.gif\" alt=\"Vision Pro Augen\" width=\"500\" height=\"450\" \/><\/a><\/p>\n<p>Zwar brachte die \u00fcberarbeitete Version eine h\u00f6here Bildwiederholrate, leicht verbesserte Grafikdarstellung und eine etwas l\u00e4ngere Akkulaufzeit, grundlegende Kritikpunkte blieben jedoch bestehen.<\/p>\n<p>Vor allem der hohe Einstiegspreis und das vergleichsweise hohe Gewicht des Ger\u00e4ts wirken sich weiterhin negativ auf die Nutzung im Alltag aus. Auch mit dem angepassten &#8222;Dual Band aus Strickgewebe&#8220; bleibt die Brille f\u00fcr l\u00e4ngere Sitzungen wenig komfortabel. Insgesamt soll Apple bislang rund 600.000 Einheiten verkauft haben. Gleichzeitig berichten Insider von einer ungew\u00f6hnlich hohen R\u00fcckgabequote, die deutlich \u00fcber dem Niveau anderer Apple-Produkte liegt.<\/p>\n<p><a href=\"https:\/\/images.ifun.de\/wp-content\/uploads\/2025\/10\/Apple-Vision-Pro-Dual-Knit-Band-251015_big.jpg.large_2x.jpg\"><img loading=\"lazy\" decoding=\"async\" class=\"aligncenter size-large wp-image-267159\" src=\"https:\/\/images.ifun.de\/wp-content\/uploads\/2025\/10\/Apple-Vision-Pro-Dual-Knit-Band-251015_big.jpg.large_2x-700x394.jpg\" alt=\"Apple Vision Pro Dual Knit Band 251015 Big.jpg.large 2x\" width=\"700\" height=\"394\" srcset=\"https:\/\/images.ifun.de\/wp-content\/uploads\/2025\/10\/Apple-Vision-Pro-Dual-Knit-Band-251015_big.jpg.large_2x-700x394.jpg 700w, https:\/\/images.ifun.de\/wp-content\/uploads\/2025\/10\/Apple-Vision-Pro-Dual-Knit-Band-251015_big.jpg.large_2x-500x281.jpg 500w, https:\/\/images.ifun.de\/wp-content\/uploads\/2025\/10\/Apple-Vision-Pro-Dual-Knit-Band-251015_big.jpg.large_2x-768x432.jpg 768w, https:\/\/images.ifun.de\/wp-content\/uploads\/2025\/10\/Apple-Vision-Pro-Dual-Knit-Band-251015_big.jpg.large_2x-1536x864.jpg 1536w, https:\/\/images.ifun.de\/wp-content\/uploads\/2025\/10\/Apple-Vision-Pro-Dual-Knit-Band-251015_big.jpg.large_2x.jpg 1960w\" sizes=\"auto, (max-width: 700px) 100vw, 700px\" \/><\/a><\/p>\n<h6>Mit dem &#8222;Dual Band aus Strickgewebe&#8220; reagierte Apple auf die Kritik am Gewicht der Vision Pro<\/h6>\n<p>Bereits im vergangenen Jahr <a href=\"https:\/\/www.ifun.de\/apple-verschiebt-vision-pro-nachfolger-zugunsten-smarter-brillen-266201\/\">hatte sich angedeutet<\/a>, dass Apple seine Strategie anpasst. Statt an einer direkten Nachfolgegeneration zu arbeiten, wurden interne Ressourcen zunehmend umverteilt. Ein urspr\u00fcnglich diskutiertes, leichteres und g\u00fcnstigeres Modell wurde demnach fr\u00fchzeitig eingestellt.<\/p>\n<h2>Strategiewechsel hin zu KI-Brillen<\/h2>\n<p><a href=\"https:\/\/www.bloomberg.com\/news\/articles\/2026-04-21\/apple-ceo-ternus-confronts-test-of-retaining-company-s-top-talent\">Apple verschiebt seinen Fokus<\/a> inzwischen deutlich in Richtung alltagstauglicher Brillen mit KI-Funktionen. Teile des bisherigen Vision-Pro-Teams arbeiten mittlerweile an der Weiterentwicklung von Sprachassistenz und Softwarefunktionen. Andere Entwickler wurden Projekten rund um kompakte Brillenl\u00f6sungen zugeordnet.<\/p>\n<p>Diese Ger\u00e4te sollen zun\u00e4chst ohne integriertes Display auskommen und stattdessen eng mit dem iPhone zusammenarbeiten. Ziel ist eine deutlich leichtere Bauform, die sich im Alltag unauff\u00e4llig nutzen l\u00e4sst. Perspektivisch ist auch eine Version mit Anzeigeelementen vorgesehen, deren Entwicklung zuletzt beschleunigt wurde.<\/p>\n<p><a href=\"https:\/\/images.ifun.de\/wp-content\/uploads\/2026\/04\/meta-smart-glasses.jpg\"><img loading=\"lazy\" decoding=\"async\" class=\"aligncenter size-large wp-image-278875\" src=\"https:\/\/images.ifun.de\/wp-content\/uploads\/2026\/04\/meta-smart-glasses-700x431.jpg\" alt=\"Meta Smart Glasses\" width=\"700\" height=\"431\" srcset=\"https:\/\/images.ifun.de\/wp-content\/uploads\/2026\/04\/meta-smart-glasses-700x431.jpg 700w, https:\/\/images.ifun.de\/wp-content\/uploads\/2026\/04\/meta-smart-glasses-500x308.jpg 500w, https:\/\/images.ifun.de\/wp-content\/uploads\/2026\/04\/meta-smart-glasses-768x473.jpg 768w, https:\/\/images.ifun.de\/wp-content\/uploads\/2026\/04\/meta-smart-glasses.jpg 1344w\" sizes=\"auto, (max-width: 700px) 100vw, 700px\" \/><\/a><\/p>\n<h6>Smart Glasses: Auch diesmal scheint Meta wieder die Richtung vorzugeben<\/h6>\n<p>Hintergrund f\u00fcr den Strategiewechsel d\u00fcrfte neben der schwachen Nachfrage auch die technische Herausforderung sein, leistungsf\u00e4hige Komponenten in ein deutlich kleineres Geh\u00e4use zu integrieren. Technologien aus der Vision Pro lassen sich bislang nicht ohne Weiteres auf kompakte Brillen \u00fcbertragen, da sie zu viel Energie ben\u00f6tigen.<\/p>\n<p>Unabh\u00e4ngig davon bleibt die Vision Pro vorerst im Verkauf. Hinweise auf ein neues Modell gibt es aktuell jedoch nicht.<\/p>\n<p><img loading=\"lazy\" decoding=\"async\" src=\"https:\/\/vg05.met.vgwort.de\/na\/25942daa90d84aaa8d5c10f10fa528ca\" width=\"1\" height=\"1\"  no-lazy class=\"tracking\"><\/p>\n","protected":false},"excerpt":{"rendered":"<a href=\"https:\/\/www.ifun.de\/vision-pro-apple-soll-das-interesse-verloren-haben-278874\/\"><img width=\"150\" height=\"150\" src=\"https:\/\/images.ifun.de\/wp-content\/uploads\/2026\/04\/meta-smart-glasses-150x150.jpg\" class=\"alignright tfe wp-post-image\" alt=\"Meta Smart Glasses\" decoding=\"async\" loading=\"lazy\" \/><\/a><p>Apples Mixed-Reality-Headset Vision Pro steht offenbar vor dem Aus. Nach Berichten aus Unternehmenskreisen hat das im Herbst 2025 ver\u00f6ffentlichte Upgrade mit M5-Chip und g\u00fcnstigeren Einstiegspreisen die Erwartungen nicht erf\u00fcllt. Zwar brachte die \u00fcberarbeitete Version eine h\u00f6here Bildwiederholrate, leicht verbesserte Grafikdarstellung und eine etwas l\u00e4ngere Akkulaufzeit, grundlegende Kritikpunkte blieben jedoch bestehen. Vor allem der hohe Einstiegspreis [&hellip;]<\/p>\n","protected":false},"author":1,"featured_media":278875,"comment_status":"open","ping_status":"closed","sticky":false,"template":"","format":"standard","meta":{"_acf_changed":false,"footnotes":""},"categories":[18],"tags":[4736,6169,3910,5590,6322],"class_list":["post-278874","post","type-post","status-publish","format-standard","has-post-thumbnail","hentry","category-rumors","tag-apple","tag-apple-vision-pro","tag-geruechte","tag-meta","tag-rumors"],"acf":[],"aioseo_notices":[],"featured_image":["https:\/\/images.ifun.de\/wp-content\/uploads\/2025\/10\/vision-pro-feature.jpg"],"subheadline":["Strategiewechsel hin zu KI-Brillen"],"rest_api_enabler":{"featured_image":"https:\/\/images.ifun.de\/wp-content\/uploads\/2025\/10\/vision-pro-feature.jpg","subheadline":"Strategiewechsel hin zu KI-Brillen"},"_links":{"self":[{"href":"https:\/\/www.ifun.de\/apiv2\/wp\/v2\/posts\/278874","targetHints":{"allow":["GET"]}}],"collection":[{"href":"https:\/\/www.ifun.de\/apiv2\/wp\/v2\/posts"}],"about":[{"href":"https:\/\/www.ifun.de\/apiv2\/wp\/v2\/types\/post"}],"author":[{"embeddable":true,"href":"https:\/\/www.ifun.de\/apiv2\/wp\/v2\/users\/1"}],"replies":[{"embeddable":true,"href":"https:\/\/www.ifun.de\/apiv2\/wp\/v2\/comments?post=278874"}],"version-history":[{"count":3,"href":"https:\/\/www.ifun.de\/apiv2\/wp\/v2\/posts\/278874\/revisions"}],"predecessor-version":[{"id":278886,"href":"https:\/\/www.ifun.de\/apiv2\/wp\/v2\/posts\/278874\/revisions\/278886"}],"wp:featuredmedia":[{"embeddable":true,"href":"https:\/\/www.ifun.de\/apiv2\/wp\/v2\/media\/278875"}],"wp:attachment":[{"href":"https:\/\/www.ifun.de\/apiv2\/wp\/v2\/media?parent=278874"}],"wp:term":[{"taxonomy":"category","embeddable":true,"href":"https:\/\/www.ifun.de\/apiv2\/wp\/v2\/categories?post=278874"},{"taxonomy":"post_tag","embeddable":true,"href":"https:\/\/www.ifun.de\/apiv2\/wp\/v2\/tags?post=278874"}],"curies":[{"name":"wp","href":"https:\/\/api.w.org\/{rel}","templated":true}]}}