{"id":278830,"date":"2026-04-29T14:18:31","date_gmt":"2026-04-29T12:18:31","guid":{"rendered":"https:\/\/www.ifun.de\/?p=278830"},"modified":"2026-04-29T14:19:40","modified_gmt":"2026-04-29T12:19:40","slug":"neuer-einstiegstarif-kleinanzeigen-de-ueberarbeitet-pro-pakete","status":"publish","type":"post","link":"https:\/\/www.ifun.de\/neuer-einstiegstarif-kleinanzeigen-de-ueberarbeitet-pro-pakete-278830\/","title":{"rendered":"Neuer Einstiegstarif: Kleinanzeigen.de \u00fcberarbeitet PRO-Pakete"},"content":{"rendered":"<p>Der Online-Marktplatz Kleinanzeigen stellt <a href=\"https:\/\/themen.kleinanzeigen.de\/mit-pro-umsatz-steigern\/\">sein PRO-Angebot f\u00fcr gewerbliche Nutzer<\/a> erneut um. Nachdem <a href=\"https:\/\/www.ifun.de\/kleinanzeigen-pro-preiserhoehungen-und-spam-erlaubnis-ab-2026-270959\/\">zuletzt<\/a> neue Funktionen wie hervorgehobene Anzeigenpl\u00e4tze und direkte Nutzeransprachen  eingef\u00fchrt wurden, folgt nun der n\u00e4chste Schritt.<\/p>\n<p><a href=\"https:\/\/images.ifun.de\/wp-content\/uploads\/2025\/12\/basic-2-hochschieben.png\"><img loading=\"lazy\" decoding=\"async\" class=\"aligncenter size-medium wp-image-270960\" src=\"https:\/\/images.ifun.de\/wp-content\/uploads\/2025\/12\/basic-2-hochschieben-500x281.png\" alt=\"Basic 2 Hochschieben\" width=\"500\" height=\"281\" srcset=\"https:\/\/images.ifun.de\/wp-content\/uploads\/2025\/12\/basic-2-hochschieben-500x281.png 500w, https:\/\/images.ifun.de\/wp-content\/uploads\/2025\/12\/basic-2-hochschieben-700x394.png 700w, https:\/\/images.ifun.de\/wp-content\/uploads\/2025\/12\/basic-2-hochschieben-768x432.png 768w, https:\/\/images.ifun.de\/wp-content\/uploads\/2025\/12\/basic-2-hochschieben.png 1136w\" sizes=\"auto, (max-width: 500px) 100vw, 500px\" \/><\/a><\/p>\n<h2>Neue Pakete starten im Mai<\/h2>\n<p>Ab Mai 2026 setzt das Unternehmen auf eine st\u00e4rker differenzierte Paketstruktur, die sich an einzelnen Branchen orientiert.<\/p>\n<p>K\u00fcnftig werden die PRO-Tarife in f\u00fcnf Kategorien unterteilt. Dazu z\u00e4hlen klassische Warenangebote, Fahrzeuge, Fahrzeugzubeh\u00f6r, Dienstleistungen sowie Stellenanzeigen. Anbieter w\u00e4hlen innerhalb dieser Bereiche ihr Anzeigenvolumen und das gew\u00fcnschte Leistungsniveau. Die bekannten Stufen Basic, Power und Premium bleiben erhalten, werden jedoch st\u00e4rker an typische Anforderungen der jeweiligen Branchen angepasst.<\/p>\n<p><a href=\"https:\/\/images.ifun.de\/wp-content\/uploads\/2025\/12\/kleinanzeigen-pro-preise.gif\"><img loading=\"lazy\" decoding=\"async\" class=\"aligncenter size-full wp-image-270963\" src=\"https:\/\/images.ifun.de\/wp-content\/uploads\/2025\/12\/kleinanzeigen-pro-preise.gif\" alt=\"Kleinanzeigen Pro Preise\" width=\"1500\" height=\"1170\" \/><\/a><\/p>\n<h6>Abh\u00e4ngig vom Anzeigenvolumen: Die derzeit noch g\u00fcltigen Paketpreise<\/h6>\n<p>Die neue Struktur wird zun\u00e4chst nur f\u00fcr Neukunden eingef\u00fchrt. Bestehende PRO-Nutzer behalten ihre bisherigen Konditionen noch bis Ende 2026. Bereits im vergangenen Jahr hatte Kleinanzeigen angek\u00fcndigt, die PRO-Pakete auszubauen und zugleich die Preise f\u00fcr gr\u00f6\u00dfere Angebote anzuheben.<\/p>\n<h2>G\u00fcnstiger Einstieg f\u00fcr kleine H\u00e4ndler geplant<\/h2>\n<p>Parallel zur Umstellung ver\u00e4ndert Kleinanzeigen auch die Rahmenbedingungen f\u00fcr kostenfreie Inserate. Gewerbliche Anbieter k\u00f6nnen k\u00fcnftig je nach Kategorie bis zu drei Anzeigen ohne Zusatzkosten schalten. Dar\u00fcber hinaus ist ein Wechsel in kostenpflichtige Pakete erforderlich.<\/p>\n<p><a href=\"https:\/\/images.ifun.de\/wp-content\/uploads\/2025\/12\/basic-4-unbegrenzte-laufzeit.png\"><img loading=\"lazy\" decoding=\"async\" class=\"aligncenter size-large wp-image-270962\" src=\"https:\/\/images.ifun.de\/wp-content\/uploads\/2025\/12\/basic-4-unbegrenzte-laufzeit-700x394.png\" alt=\"Basic 4 Unbegrenzte Laufzeit\" width=\"700\" height=\"394\" srcset=\"https:\/\/images.ifun.de\/wp-content\/uploads\/2025\/12\/basic-4-unbegrenzte-laufzeit-700x394.png 700w, https:\/\/images.ifun.de\/wp-content\/uploads\/2025\/12\/basic-4-unbegrenzte-laufzeit-500x281.png 500w, https:\/\/images.ifun.de\/wp-content\/uploads\/2025\/12\/basic-4-unbegrenzte-laufzeit-768x432.png 768w, https:\/\/images.ifun.de\/wp-content\/uploads\/2025\/12\/basic-4-unbegrenzte-laufzeit.png 1136w\" sizes=\"auto, (max-width: 700px) 100vw, 700px\" \/><\/a><\/p>\n<p>Neu ist zudem ein spezielles Einstiegsangebot f\u00fcr Anbieter mit geringem Warenwert. Ab Ende Mai soll ein Tarif innerhalb von PRO Basic verf\u00fcgbar sein, der sich gezielt an H\u00e4ndler mit niedrigpreisigen Artikeln richtet. F\u00fcr einen festen monatlichen Betrag k\u00f6nnen bis zu zehn Anzeigen ver\u00f6ffentlicht werden, sofern der Einzelpreis der angebotenen Produkte eine bestimmte Grenze nicht \u00fcberschreitet.<\/p>\n<p>Mit diesem Schritt reagiert die Plattform auf Anbieter mit kleinen Sortimenten und niedrigen Margen. Gleichzeitig erg\u00e4nzt das neue Modell <a href=\"https:\/\/www.ifun.de\/kleinanzeigen-pro-preiserhoehungen-und-spam-erlaubnis-ab-2026-270959\/\">die erst k\u00fcrzlich eingef\u00fchrten Funktionen<\/a> zur besseren Sichtbarkeit und zur direkten Ansprache von Interessenten.<\/p>\n<!-- WP-Appbox (Version: 4.5.12 \/\/ Store: appstore \/\/ ID: 382596778) -->\t<!-- app-link -->\n\t<div id=\"article-single-app-preview\">\n\t\t<div id=\"article-single-app-preview-header\">\n\t\t\t<span class=\"title\">Laden im App Store<\/span>\n\t\t<\/div>\n\t\t<div id=\"article-single-app-preview-content\">\n\t\t\t<div id=\"article-single-app-preview-img\"><img loading=\"lazy\" decoding=\"async\" src=\"\/\/is1-ssl.mzstatic.com\/image\/thumb\/PurpleSource211\/v4\/8c\/90\/ee\/8c90ee43-c25d-9264-9540-6d1b32328b2d\/Placeholder.mill\/200x200bb-75.png\" alt=\"Kleinanzeigen: Jetzt ohne eBay\"  height=\"72\" width=\"72\" class=\"asl-icon-img\" \/><\/div>\n\t\t\t<div id=\"article-single-app-preview-desc\">\n\t\t\t\t<span class=\"name\">Kleinanzeigen: Jetzt ohne eBay<\/span><br \/>\n\t\t\t\t<span class=\"seller\">Entwickler: <a target=\"_blank\" rel=\"nofollow\" href=\"https:\/\/apps.apple.com\/de\/developer\/marktplaats-bv\/id318979525\">Marktplaats BV<\/a><\/span>\n\t\t\t<\/div>\n\t\t\t<a target=\"_blank\" rel=\"nofollow\" href=\"https:\/\/apps.apple.com\/de\/app\/kleinanzeigen-jetzt-ohne-ebay\/id382596778\"><div id=\"article-single-app-preview-download\">Preis: Kostenlos<br \/>\n\t\t\t<span class=\"size\">Laden<\/span><\/div><\/a>\n\t\t<\/div>\n\t\t<!-- <div id=\"article-single-app-preview-footer\"><\/div>\t-->\n\t<\/div>\n\t<!-- app-link\/ende --><!-- \/WP-Appbox -->\n<p><img loading=\"lazy\" decoding=\"async\" src=\"https:\/\/vg05.met.vgwort.de\/na\/ef420b7cd3b64ef4b233a121fe27cb42\" width=\"1\" height=\"1\"  no-lazy class=\"tracking\"><\/p>\n","protected":false},"excerpt":{"rendered":"<a href=\"https:\/\/www.ifun.de\/neuer-einstiegstarif-kleinanzeigen-de-ueberarbeitet-pro-pakete-278830\/\"><img decoding=\"async\" width=\"150\" src=\"https:\/\/images.ifun.de\/wp-content\/uploads\/2025\/12\/basic-2-hochschieben-500x281.png\" class=\"alignright wp-post-image tfe\" alt=\"Basic 2 Hochschieben\" title=\"\" \/><\/a><p>Der Online-Marktplatz Kleinanzeigen stellt sein PRO-Angebot f\u00fcr gewerbliche Nutzer erneut um. Nachdem zuletzt neue Funktionen wie hervorgehobene Anzeigenpl\u00e4tze und direkte Nutzeransprachen eingef\u00fchrt wurden, folgt nun der n\u00e4chste Schritt. Neue Pakete starten im Mai Ab Mai 2026 setzt das Unternehmen auf eine st\u00e4rker differenzierte Paketstruktur, die sich an einzelnen Branchen orientiert. K\u00fcnftig werden die PRO-Tarife in [&hellip;]<\/p>\n","protected":false},"author":1,"featured_media":0,"comment_status":"open","ping_status":"closed","sticky":false,"template":"","format":"standard","meta":{"_acf_changed":false,"footnotes":""},"categories":[1],"tags":[6094],"class_list":["post-278830","post","type-post","status-publish","format-standard","hentry","category-news","tag-kleinanzeigen"],"acf":[],"aioseo_notices":[],"featured_image":["https:\/\/images.ifun.de\/wp-content\/uploads\/2024\/07\/kleinanzeigen-app-versand.jpg"],"subheadline":["Neue Pakete starten im Mai"],"rest_api_enabler":{"featured_image":"https:\/\/images.ifun.de\/wp-content\/uploads\/2024\/07\/kleinanzeigen-app-versand.jpg","subheadline":"Neue Pakete starten im Mai"},"_links":{"self":[{"href":"https:\/\/www.ifun.de\/apiv2\/wp\/v2\/posts\/278830","targetHints":{"allow":["GET"]}}],"collection":[{"href":"https:\/\/www.ifun.de\/apiv2\/wp\/v2\/posts"}],"about":[{"href":"https:\/\/www.ifun.de\/apiv2\/wp\/v2\/types\/post"}],"author":[{"embeddable":true,"href":"https:\/\/www.ifun.de\/apiv2\/wp\/v2\/users\/1"}],"replies":[{"embeddable":true,"href":"https:\/\/www.ifun.de\/apiv2\/wp\/v2\/comments?post=278830"}],"version-history":[{"count":3,"href":"https:\/\/www.ifun.de\/apiv2\/wp\/v2\/posts\/278830\/revisions"}],"predecessor-version":[{"id":278835,"href":"https:\/\/www.ifun.de\/apiv2\/wp\/v2\/posts\/278830\/revisions\/278835"}],"wp:attachment":[{"href":"https:\/\/www.ifun.de\/apiv2\/wp\/v2\/media?parent=278830"}],"wp:term":[{"taxonomy":"category","embeddable":true,"href":"https:\/\/www.ifun.de\/apiv2\/wp\/v2\/categories?post=278830"},{"taxonomy":"post_tag","embeddable":true,"href":"https:\/\/www.ifun.de\/apiv2\/wp\/v2\/tags?post=278830"}],"curies":[{"name":"wp","href":"https:\/\/api.w.org\/{rel}","templated":true}]}}