{"id":278823,"date":"2026-04-29T12:51:31","date_gmt":"2026-04-29T10:51:31","guid":{"rendered":"https:\/\/www.ifun.de\/?p=278823"},"modified":"2026-04-29T12:51:31","modified_gmt":"2026-04-29T10:51:31","slug":"calendar-366-wird-zur-vollwertigen-mac-app","status":"publish","type":"post","link":"https:\/\/www.ifun.de\/calendar-366-wird-zur-vollwertigen-mac-app-278823\/","title":{"rendered":"Calendar 366 wird zur vollwertigen Mac-App"},"content":{"rendered":"<p>Die Mac-Anwendung <a href=\"https:\/\/calendar366.com\/\">Calendar 366<\/a> wurde grundlegend \u00fcberarbeitet. Der Entwickler hat die Vorversionen seiner App \u00fcber Bord geworfen und bietet nun erstmals eine vollwertige Kalender-App f\u00fcr den Mac an, die sich auch im Vollformat nutzen l\u00e4sst. Bislang war Calendar 366 lediglich als Men\u00fcleistenkalender f\u00fcr den Mac bekannt.<\/p>\n<h2>Erstmals vollwertige Mac-App<\/h2>\n<p>Mit Version 3 von Calendar 366 lassen sich s\u00e4mtliche Kalenderansichten und Funktionen auch in einem klassischen App-Fenster auf dem Mac nutzen. Die bestehenden Bedienkonzepte bleiben dabei laut Entwickler erhalten. Calendar 366 beh\u00e4lt in diesem Zusammenhang auch seinen angestammten Platz in der Men\u00fcleiste.<\/p>\n<p><a href=\"https:\/\/images.ifun.de\/wp-content\/uploads\/2026\/04\/calendar-366-mac.gif\"><img loading=\"lazy\" decoding=\"async\" src=\"https:\/\/images.ifun.de\/wp-content\/uploads\/2026\/04\/calendar-366-mac-700x453.gif\" alt=\"Calendar 366 Mac\" width=\"700\" height=\"453\" class=\"alignnone size-large wp-image-278824\" srcset=\"https:\/\/images.ifun.de\/wp-content\/uploads\/2026\/04\/calendar-366-mac-700x453.gif 700w, https:\/\/images.ifun.de\/wp-content\/uploads\/2026\/04\/calendar-366-mac-500x323.gif 500w, https:\/\/images.ifun.de\/wp-content\/uploads\/2026\/04\/calendar-366-mac-768x496.gif 768w\" sizes=\"auto, (max-width: 700px) 100vw, 700px\" \/><\/a><\/p>\n<p>Neu im Paket ist ein erweiterter Aufgabenmanager, der laut Entwickler \u00fcber Funktionen wie das Priorisieren von Eintr\u00e4gen, Filterm\u00f6glichkeiten und ortsabh\u00e4ngige Erinnerungen verf\u00fcgt. Aufgaben sollen sich auch enger mit Kalendereintr\u00e4gen verkn\u00fcpfen lassen, sodass Termine und To-dos gemeinsam verwaltet werden k\u00f6nnen. F\u00fcr mehr \u00dcbersicht soll dabei ein neues System zur farblichen Kennzeichnung von Terminen und Aufgaben sorgen.<\/p>\n<h2>Direkte Anbindung an Kalender- und Videodienste<\/h2>\n<p>Kalender und Aufgaben lassen sich laut Entwickler nun direkt mit Diensten wie Google, Microsoft, iCloud oder Todoist verbinden. Auch Videokonferenzdienste wie Zoom sollen sich ohne zus\u00e4tzliche Zwischenschritte einbinden lassen.<\/p>\n<p><a href=\"https:\/\/images.ifun.de\/wp-content\/uploads\/2026\/04\/calendar-366-einstellungen.jpg\"><img loading=\"lazy\" decoding=\"async\" src=\"https:\/\/images.ifun.de\/wp-content\/uploads\/2026\/04\/calendar-366-einstellungen-700x453.jpg\" alt=\"Calendar 366 Einstellungen\" width=\"700\" height=\"453\" class=\"alignnone size-large wp-image-278825\" srcset=\"https:\/\/images.ifun.de\/wp-content\/uploads\/2026\/04\/calendar-366-einstellungen-700x453.jpg 700w, https:\/\/images.ifun.de\/wp-content\/uploads\/2026\/04\/calendar-366-einstellungen-500x323.jpg 500w, https:\/\/images.ifun.de\/wp-content\/uploads\/2026\/04\/calendar-366-einstellungen-768x496.jpg 768w, https:\/\/images.ifun.de\/wp-content\/uploads\/2026\/04\/calendar-366-einstellungen.jpg 1400w\" sizes=\"auto, (max-width: 700px) 100vw, 700px\" \/><\/a><\/p>\n<p>Ziel der Neuentwicklung sei es auch gewesen, die Nutzung auf allen unterst\u00fctzten Ger\u00e4ten fl\u00fcssiger und \u00fcbersichtlicher zu gestalten. Calendar 366 ist neben dem Mac auch f\u00fcr iPhone und iPad verf\u00fcgbar.<\/p>\n<h2>Erweiterte Widgets und neue Watch-App<\/h2>\n<p>In diesem Zusammenhang wurde auch die Unterst\u00fctzung f\u00fcr Widgets ausgebaut. Hier stehen neue Varianten f\u00fcr den Desktop, den Home- und Sperrbildschirm sowie f\u00fcr die Apple Watch zur Verf\u00fcgung. Parallel hat der Entwickler eine \u00fcberarbeitete App f\u00fcr die Apple Watch ver\u00f6ffentlicht, die unter anderem eine Monatsansicht, Aufgabenverwaltung und Navigationsfunktionen direkt am Handgelenk bietet.<\/p>\n<p>Auf Basisfunktionen beschr\u00e4nkt l\u00e4sst sich Calendar 366 in Version 3 kostenlos verwenden. F\u00fcr den vollen Funktionsumfang bezahlt man entweder 19,99 Euro pro Jahr oder erwirbt die App einmalig f\u00fcr 49,99 Euro.<img loading=\"lazy\" decoding=\"async\" src=\"https:\/\/vg07.met.vgwort.de\/na\/25a215b2f96341f896a3af62d9ffe3d2\" width=\"1\" height=\"1\" no-lazy class=\"tracking\"><\/p>\n<!-- WP-Appbox (Version: 4.5.12 \/\/ Store: appstore \/\/ ID: 6502818600) -->\t<!-- app-link -->\n\t<div id=\"article-single-app-preview\">\n\t\t<div id=\"article-single-app-preview-header\">\n\t\t\t<span class=\"title\">Laden im App Store<\/span>\n\t\t<\/div>\n\t\t<div id=\"article-single-app-preview-content\">\n\t\t\t<div id=\"article-single-app-preview-img\"><img loading=\"lazy\" decoding=\"async\" src=\"\/\/is1-ssl.mzstatic.com\/image\/thumb\/PurpleSource221\/v4\/85\/ee\/59\/85ee5980-0d8c-dc5e-12ae-a6c330dff8e9\/Placeholder.mill\/200x200bb-75.png\" alt=\"Calendar 366: Termine & Tasks\"  height=\"72\" width=\"72\" class=\"asl-icon-img\" \/><\/div>\n\t\t\t<div id=\"article-single-app-preview-desc\">\n\t\t\t\t<span class=\"name\">Calendar 366: Termine & Tasks<\/span><br \/>\n\t\t\t\t<span class=\"seller\">Entwickler: <a target=\"_blank\" rel=\"nofollow\" href=\"https:\/\/apps.apple.com\/de\/developer\/vincent-miethe\/id928053823\">Vincent Miethe<\/a><\/span>\n\t\t\t<\/div>\n\t\t\t<a target=\"_blank\" rel=\"nofollow\" href=\"https:\/\/apps.apple.com\/de\/app\/calendar-366-termine-tasks\/id6502818600\"><div id=\"article-single-app-preview-download\">Preis: Kostenlos<sup>+<\/sup><br \/>\n\t\t\t<span class=\"size\">Laden<\/span><\/div><\/a>\n\t\t<\/div>\n\t\t<!-- <div id=\"article-single-app-preview-footer\"><\/div>\t-->\n\t<\/div>\n\t<!-- app-link\/ende --><!-- \/WP-Appbox -->\n","protected":false},"excerpt":{"rendered":"<a href=\"https:\/\/www.ifun.de\/calendar-366-wird-zur-vollwertigen-mac-app-278823\/\"><img width=\"150\" height=\"150\" src=\"https:\/\/images.ifun.de\/wp-content\/uploads\/2026\/04\/calendar-366-feature-150x150.jpg\" class=\"alignright tfe wp-post-image\" alt=\"Calendar 366 Feature\" decoding=\"async\" loading=\"lazy\" \/><\/a><p>Die Mac-Anwendung Calendar 366 wurde grundlegend \u00fcberarbeitet. Der Entwickler hat die Vorversionen seiner App \u00fcber Bord geworfen und bietet nun erstmals eine vollwertige Kalender-App f\u00fcr den Mac an, die sich auch im Vollformat nutzen l\u00e4sst. Bislang war Calendar 366 lediglich als Men\u00fcleistenkalender f\u00fcr den Mac bekannt. Erstmals vollwertige Mac-App Mit Version 3 von Calendar 366 [&hellip;]<\/p>\n","protected":false},"author":2,"featured_media":278826,"comment_status":"open","ping_status":"closed","sticky":false,"template":"","format":"standard","meta":{"_acf_changed":false,"footnotes":""},"categories":[5],"tags":[4737,151,6321],"class_list":["post-278823","post","type-post","status-publish","format-standard","has-post-thumbnail","hentry","category-apps","tag-apps","tag-kalender","tag-mac"],"acf":[],"aioseo_notices":[],"featured_image":["https:\/\/images.ifun.de\/wp-content\/uploads\/2026\/04\/calendar-366-feature.jpg"],"subheadline":["Neue Funktionen und Preismodell"],"rest_api_enabler":{"featured_image":"https:\/\/images.ifun.de\/wp-content\/uploads\/2026\/04\/calendar-366-feature.jpg","subheadline":"Neue Funktionen und Preismodell"},"_links":{"self":[{"href":"https:\/\/www.ifun.de\/apiv2\/wp\/v2\/posts\/278823","targetHints":{"allow":["GET"]}}],"collection":[{"href":"https:\/\/www.ifun.de\/apiv2\/wp\/v2\/posts"}],"about":[{"href":"https:\/\/www.ifun.de\/apiv2\/wp\/v2\/types\/post"}],"author":[{"embeddable":true,"href":"https:\/\/www.ifun.de\/apiv2\/wp\/v2\/users\/2"}],"replies":[{"embeddable":true,"href":"https:\/\/www.ifun.de\/apiv2\/wp\/v2\/comments?post=278823"}],"version-history":[{"count":2,"href":"https:\/\/www.ifun.de\/apiv2\/wp\/v2\/posts\/278823\/revisions"}],"predecessor-version":[{"id":278829,"href":"https:\/\/www.ifun.de\/apiv2\/wp\/v2\/posts\/278823\/revisions\/278829"}],"wp:featuredmedia":[{"embeddable":true,"href":"https:\/\/www.ifun.de\/apiv2\/wp\/v2\/media\/278826"}],"wp:attachment":[{"href":"https:\/\/www.ifun.de\/apiv2\/wp\/v2\/media?parent=278823"}],"wp:term":[{"taxonomy":"category","embeddable":true,"href":"https:\/\/www.ifun.de\/apiv2\/wp\/v2\/categories?post=278823"},{"taxonomy":"post_tag","embeddable":true,"href":"https:\/\/www.ifun.de\/apiv2\/wp\/v2\/tags?post=278823"}],"curies":[{"name":"wp","href":"https:\/\/api.w.org\/{rel}","templated":true}]}}