{"id":278769,"date":"2026-04-28T16:58:56","date_gmt":"2026-04-28T14:58:56","guid":{"rendered":"https:\/\/www.ifun.de\/?p=278769"},"modified":"2026-04-28T16:58:56","modified_gmt":"2026-04-28T14:58:56","slug":"apple-nennt-termin-fuer-die-neue-staffel-von-ted-lasso","status":"publish","type":"post","link":"https:\/\/www.ifun.de\/apple-nennt-termin-fuer-die-neue-staffel-von-ted-lasso-278769\/","title":{"rendered":"Apple nennt Termin f\u00fcr die neue Staffel von \u201eTed Lasso\u201c"},"content":{"rendered":"<p>Apple hat den Starttermin f\u00fcr die vierte Staffel der Erfolgsserie \u201eTed Lasso\u201c bekanntgegeben. Die Ausstrahlung auf Apple TV soll am 5. August 2026 mit der ersten Folge beginnen. Weitere Episoden folgen w\u00f6chentlich bis zum 7. Oktober.<\/p>\n<p>Einen gro\u00dfen Ausblick auf den Inhalt der neuen Folgen gab es bereits. In der vierten Staffel steht ein neues Team im Mittelpunkt. Der Titelheld \u00fcbernimmt die Leitung einer Frauenmannschaft in einer unteren Liga, was sich laut der Ank\u00fcndigung als eine besonders anspruchsvolle Aufgabe darstellt. Im Verlauf der Staffel gehen Trainerstab und Team demnach Risiken ein, die sie zuvor nicht in Betracht gezogen h\u00e4tten.<\/p>\n<p><div class=\"responsive-video\"><iframe src=\"https:\/\/www.iphone-ticker.de\/yt\/index.html?v=PxZg4SfIURg\" allow=\"autoplay; fullscreen; picture-in-picture; encrypted-media\" referrerpolicy=\"strict-origin-when-cross-origin\" allowfullscreen><\/iframe><\/div><\/p>\n<p>Auch in der vierten Staffel bleiben der Serie nicht nur Jason Sudeikis als Ted Lasso, sondern mit Hannah Waddingham, Brendan Hunt, Juno Temple und Brett Goldstein weitere Hauptdarsteller der bisherigen Teile erhalten. Neu sind unter anderem Tanya Reynolds und Jude Mack mit im Boot.<\/p>\n<h2>\u201eThe Savant\u201c und \u201eKrank Berlin\u201c weiter in der Warteschleife<\/h2>\n<p>Auf konkrete Starttermine warten derweil weiterhin die Serie \u201eThe Savant\u201c mit Jessica Chastain beim Apple TV und \u201eKrank Berlin\u201c im Free-TV.<\/p>\n<p>\u201eThe Savant\u201c wurde im vergangenen Jahr kurz vor dem Serienstart auf Eis gelegt. Dem Vernehmen nach hat Apple dies aus R\u00fccksicht auf den Mord an dem eng mit der US-Regierung verbundenen Aktivisten Charlie Kirk getan. Die Hauptdarstellerin Jessica Chastain hat diese Entscheidung <a href=\"https:\/\/www.ifun.de\/apple-tv-hauptdarstellerin-von-the-savant-kritisiert-absage-265696\/\" title=\"Apple TV+: Hauptdarstellerin von \u201eThe Savant\u201c kritisiert Absage\">\u00f6ffentlich kritisiert<\/a>. Zwischenzeitlich hat Chastain <a href=\"https:\/\/x.com\/marcmalkin\/status\/2045699289452785779\">mitgeteilt<\/a>, dass Apple die Serie definitiv noch zeigen wird.<\/p>\n<p><a href=\"https:\/\/images.ifun.de\/wp-content\/uploads\/2025\/09\/The_Savant_Photo_010301.jpg.photo_modal_show_home_large_2x-scaled.jpg\"><img loading=\"lazy\" decoding=\"async\" src=\"https:\/\/images.ifun.de\/wp-content\/uploads\/2025\/09\/The_Savant_Photo_010301.jpg.photo_modal_show_home_large_2x-700x394.jpg\" alt=\"The Savant Photo 010301.jpg.photo Modal Show Home Large 2x\" width=\"700\" height=\"394\" class=\"alignnone size-large wp-image-265621\" srcset=\"https:\/\/images.ifun.de\/wp-content\/uploads\/2025\/09\/The_Savant_Photo_010301.jpg.photo_modal_show_home_large_2x-700x394.jpg 700w, https:\/\/images.ifun.de\/wp-content\/uploads\/2025\/09\/The_Savant_Photo_010301.jpg.photo_modal_show_home_large_2x-500x281.jpg 500w, https:\/\/images.ifun.de\/wp-content\/uploads\/2025\/09\/The_Savant_Photo_010301.jpg.photo_modal_show_home_large_2x-768x432.jpg 768w, https:\/\/images.ifun.de\/wp-content\/uploads\/2025\/09\/The_Savant_Photo_010301.jpg.photo_modal_show_home_large_2x-1536x864.jpg 1536w, https:\/\/images.ifun.de\/wp-content\/uploads\/2025\/09\/The_Savant_Photo_010301.jpg.photo_modal_show_home_large_2x-2048x1152.jpg 2048w\" sizes=\"auto, (max-width: 700px) 100vw, 700px\" \/><\/a><\/p>\n<p>\u201e<a href=\"https:\/\/www.ifun.de\/krank-berlin-zdf-serie-seit-einem-jahr-hinter-der-paywall-273756\/\" title=\"\u201eKrank Berlin\u201c: ZDF-Serie seit einem Jahr hinter der Paywall\">Krank Berlin<\/a>\u201c l\u00e4uft derweil schon seit gut einem Jahr auf Apple TV, ist jedoch immer noch nicht im deutschen Fernsehen zu sehen. \u201cDie Serie wurde durch das ZDF und damit aus Geb\u00fchrengeldern mitfinanziert. Der Sender wollte bislang allerdings weder konkrete Angaben zur H\u00f6he seiner Beteiligung machen noch einen konkreten Termin f\u00fcr den Start der Serie im Free-TV nennen. Einzig die Tatsache, dass sich der Sender auch an der zweiten Staffel der Apple-TV-Serie beteiligt, wurde bislang best\u00e4tigt.<img loading=\"lazy\" decoding=\"async\" src=\"https:\/\/vg07.met.vgwort.de\/na\/020f3d6a1b3e4f829442a4316143b2e2\" width=\"1\" height=\"1\" no-lazy class=\"tracking\"><\/p>\n","protected":false},"excerpt":{"rendered":"<a href=\"https:\/\/www.ifun.de\/apple-nennt-termin-fuer-die-neue-staffel-von-ted-lasso-278769\/\"><img width=\"150\" height=\"150\" src=\"https:\/\/images.ifun.de\/wp-content\/uploads\/2026\/04\/ted-lasso-4-feature-150x150.jpg\" class=\"alignright tfe wp-post-image\" alt=\"Ted Lasso 4 Feature\" decoding=\"async\" loading=\"lazy\" \/><\/a><p>Apple hat den Starttermin f\u00fcr die vierte Staffel der Erfolgsserie \u201eTed Lasso\u201c bekanntgegeben. Die Ausstrahlung auf Apple TV soll am 5. August 2026 mit der ersten Folge beginnen. Weitere Episoden folgen w\u00f6chentlich bis zum 7. Oktober. Einen gro\u00dfen Ausblick auf den Inhalt der neuen Folgen gab es bereits. In der vierten Staffel steht ein neues [&hellip;]<\/p>\n","protected":false},"author":2,"featured_media":278771,"comment_status":"open","ping_status":"closed","sticky":false,"template":"","format":"standard","meta":{"_acf_changed":false,"footnotes":""},"categories":[4],"tags":[26,60],"class_list":["post-278769","post","type-post","status-publish","format-standard","has-post-thumbnail","hentry","category-appletv","tag-apple-tv","tag-streaming"],"acf":[],"aioseo_notices":[],"featured_image":["https:\/\/images.ifun.de\/wp-content\/uploads\/2026\/04\/ted-lasso-4-feature.jpg"],"subheadline":["\u201eThe Savant\u201c und \u201eKrank Berlin\u201c warten weiter"],"rest_api_enabler":{"featured_image":"https:\/\/images.ifun.de\/wp-content\/uploads\/2026\/04\/ted-lasso-4-feature.jpg","subheadline":"\u201eThe Savant\u201c und \u201eKrank Berlin\u201c warten weiter"},"_links":{"self":[{"href":"https:\/\/www.ifun.de\/apiv2\/wp\/v2\/posts\/278769","targetHints":{"allow":["GET"]}}],"collection":[{"href":"https:\/\/www.ifun.de\/apiv2\/wp\/v2\/posts"}],"about":[{"href":"https:\/\/www.ifun.de\/apiv2\/wp\/v2\/types\/post"}],"author":[{"embeddable":true,"href":"https:\/\/www.ifun.de\/apiv2\/wp\/v2\/users\/2"}],"replies":[{"embeddable":true,"href":"https:\/\/www.ifun.de\/apiv2\/wp\/v2\/comments?post=278769"}],"version-history":[{"count":2,"href":"https:\/\/www.ifun.de\/apiv2\/wp\/v2\/posts\/278769\/revisions"}],"predecessor-version":[{"id":278773,"href":"https:\/\/www.ifun.de\/apiv2\/wp\/v2\/posts\/278769\/revisions\/278773"}],"wp:featuredmedia":[{"embeddable":true,"href":"https:\/\/www.ifun.de\/apiv2\/wp\/v2\/media\/278771"}],"wp:attachment":[{"href":"https:\/\/www.ifun.de\/apiv2\/wp\/v2\/media?parent=278769"}],"wp:term":[{"taxonomy":"category","embeddable":true,"href":"https:\/\/www.ifun.de\/apiv2\/wp\/v2\/categories?post=278769"},{"taxonomy":"post_tag","embeddable":true,"href":"https:\/\/www.ifun.de\/apiv2\/wp\/v2\/tags?post=278769"}],"curies":[{"name":"wp","href":"https:\/\/api.w.org\/{rel}","templated":true}]}}