{"id":278759,"date":"2026-04-28T15:08:40","date_gmt":"2026-04-28T13:08:40","guid":{"rendered":"https:\/\/www.ifun.de\/?p=278759"},"modified":"2026-04-28T15:15:09","modified_gmt":"2026-04-28T13:15:09","slug":"usb-c-pflicht-gilt-ab-sofort-auch-fuer-notebooks-in-der-eu","status":"publish","type":"post","link":"https:\/\/www.ifun.de\/usb-c-pflicht-gilt-ab-sofort-auch-fuer-notebooks-in-der-eu-278759\/","title":{"rendered":"USB-C-Pflicht gilt jetzt auch f\u00fcr in der EU verkaufte Notebooks"},"content":{"rendered":"<p>Bei Smartphones und anderen Mobilger\u00e4ten wie Kopfh\u00f6rern, E-Book-Readern, Digitalkameras oder tragbaren Lautsprechern hat sich USB-C als Ladeanschluss l\u00e4ngst etabliert. Bereits <a href=\"https:\/\/www.iphone-ticker.de\/einheitliche-ladekabel-usb-c-pflicht-vom-bundestag-beschlossen-231722\/\">seit 2024<\/a> greift bei diesen Ger\u00e4ten der von der EU beschlossene Standard f\u00fcr einheitliche Ladekabel. Von heute an wird die Liste der betroffenen Ger\u00e4te um die Kategorie Notebooks erweitert. Fortan m\u00fcssen alle Laptop-Modelle, die innerhalb der Europ\u00e4ischen Union verkauft werden, \u00fcber einen USB-C-Anschluss geladen beziehungsweise mit Strom versorgt werden k\u00f6nnen.<\/p>\n<p>Bereits die Umstellung bei kleineren Mobilger\u00e4ten hat gezeigt, dass eine Standardisierung der Ladeanschl\u00fcsse f\u00fcr Verbraucher Vorteile bringt. In der \u00dcbergangsphase kann es zwar vereinzelt noch zu Verwirrung kommen, auf lange Sicht werden sich jedoch alle Ger\u00e4te aus den unter die Richtlinie fallenden Kategorien einheitlich \u00fcber USB-C laden lassen. Herstellerspezifische Alleing\u00e4nge wie Apples Lightning-Anschluss geh\u00f6ren somit der Vergangenheit an.<\/p>\n<p><a href=\"https:\/\/images.ifun.de\/wp-content\/uploads\/2026\/01\/usb-c-kabel.jpg\"><img loading=\"lazy\" decoding=\"async\" src=\"https:\/\/images.ifun.de\/wp-content\/uploads\/2026\/01\/usb-c-kabel-700x466.jpg\" alt=\"Usb C Kabel\" width=\"700\" height=\"466\" class=\"alignnone size-large wp-image-273374\" srcset=\"https:\/\/images.ifun.de\/wp-content\/uploads\/2026\/01\/usb-c-kabel-700x466.jpg 700w, https:\/\/images.ifun.de\/wp-content\/uploads\/2026\/01\/usb-c-kabel-500x333.jpg 500w, https:\/\/images.ifun.de\/wp-content\/uploads\/2026\/01\/usb-c-kabel-768x512.jpg 768w, https:\/\/images.ifun.de\/wp-content\/uploads\/2026\/01\/usb-c-kabel.jpg 800w\" sizes=\"auto, (max-width: 700px) 100vw, 700px\" \/><\/a><\/p>\n<p>Bei den MacBooks hat Apple die Vorgaben der EU bereits umgesetzt. Teils lassen sich die Ger\u00e4te zwar auch komfortabel und schnell \u00fcber ein mitgeliefertes MagSafe-Kabel laden, ungeachtet davon k\u00f6nnen jedoch stets auch die USB-C-Anschl\u00fcsse zum Aufladen verwendet werden.<\/p>\n<h2>Netzteile m\u00fcssen k\u00fcnftig separat gekauft werden<\/h2>\n<p>In diesem Zusammenhang greift ab heute noch eine weitere Vorgabe, die Anbieter dazu zwingt, die Ger\u00e4te auch ohne Netzteil anzubieten. Apple hat aus diesem Grund entschieden, in den L\u00e4ndern der Europ\u00e4ischen Union <a href=\"https:\/\/www.ifun.de\/macbook-pro-ohne-netzteil-apple-bereitet-sich-auf-neue-eu-richtlinie-vor-267285\/\" title=\"MacBook Pro ohne Netzteil: Apple bereitet sich auf neue EU-Richtlinie vor\">generell kein Ladeger\u00e4t mehr beizulegen<\/a>. \u00c4rgerlich f\u00fcr EU-B\u00fcrger ist hier, dass dies nicht mit einem Preisnachlass verbunden ist. In anderen L\u00e4ndern ist das ben\u00f6tigte Ladeger\u00e4t f\u00fcr Apple-Kunden weiterhin ohne Aufpreis im Lieferumfang enthalten.<\/p>\n<p>Bei H\u00e4ndlern wie Amazon findet sich teilweise die M\u00f6glichkeit, bei der Bestellung eines Notebooks kostenpflichtig ein Netzteil hinzuzuf\u00fcgen. Wir raten jedoch generell dazu, sich ein wenig umzusehen und gezielt ein Ladeger\u00e4t zu kaufen, das nicht nur das Notebook l\u00e4dt, sondern auch ausreichend Leistung und Anschl\u00fcsse zur Verf\u00fcgung hat, um nebenbei mal eben das iPhone oder andere Ger\u00e4te aufzuladen.<img loading=\"lazy\" decoding=\"async\" src=\"https:\/\/vg07.met.vgwort.de\/na\/e00764cb0a504962b0d8e7d336caf855\" width=\"1\" height=\"1\" no-lazy class=\"tracking\"><\/p>\n","protected":false},"excerpt":{"rendered":"<a href=\"https:\/\/www.ifun.de\/usb-c-pflicht-gilt-ab-sofort-auch-fuer-notebooks-in-der-eu-278759\/\"><img width=\"150\" height=\"150\" src=\"https:\/\/images.ifun.de\/wp-content\/uploads\/2026\/04\/ladegeate-feature-150x150.jpg\" class=\"alignright tfe wp-post-image\" alt=\"Ladegeate Feature\" decoding=\"async\" loading=\"lazy\" \/><\/a><p>Bei Smartphones und anderen Mobilger\u00e4ten wie Kopfh\u00f6rern, E-Book-Readern, Digitalkameras oder tragbaren Lautsprechern hat sich USB-C als Ladeanschluss l\u00e4ngst etabliert. Bereits seit 2024 greift bei diesen Ger\u00e4ten der von der EU beschlossene Standard f\u00fcr einheitliche Ladekabel. Von heute an wird die Liste der betroffenen Ger\u00e4te um die Kategorie Notebooks erweitert. Fortan m\u00fcssen alle Laptop-Modelle, die innerhalb [&hellip;]<\/p>\n","protected":false},"author":2,"featured_media":278761,"comment_status":"open","ping_status":"closed","sticky":false,"template":"","format":"standard","meta":{"_acf_changed":false,"footnotes":""},"categories":[16],"tags":[],"class_list":["post-278759","post","type-post","status-publish","format-standard","has-post-thumbnail","hentry","category-mac"],"acf":[],"aioseo_notices":[],"featured_image":["https:\/\/images.ifun.de\/wp-content\/uploads\/2026\/04\/ladegeate-feature.jpg"],"subheadline":["Stichtag f\u00fcr neue Netzteil-Regeln"],"rest_api_enabler":{"featured_image":"https:\/\/images.ifun.de\/wp-content\/uploads\/2026\/04\/ladegeate-feature.jpg","subheadline":"Stichtag f\u00fcr neue Netzteil-Regeln"},"_links":{"self":[{"href":"https:\/\/www.ifun.de\/apiv2\/wp\/v2\/posts\/278759","targetHints":{"allow":["GET"]}}],"collection":[{"href":"https:\/\/www.ifun.de\/apiv2\/wp\/v2\/posts"}],"about":[{"href":"https:\/\/www.ifun.de\/apiv2\/wp\/v2\/types\/post"}],"author":[{"embeddable":true,"href":"https:\/\/www.ifun.de\/apiv2\/wp\/v2\/users\/2"}],"replies":[{"embeddable":true,"href":"https:\/\/www.ifun.de\/apiv2\/wp\/v2\/comments?post=278759"}],"version-history":[{"count":4,"href":"https:\/\/www.ifun.de\/apiv2\/wp\/v2\/posts\/278759\/revisions"}],"predecessor-version":[{"id":278768,"href":"https:\/\/www.ifun.de\/apiv2\/wp\/v2\/posts\/278759\/revisions\/278768"}],"wp:featuredmedia":[{"embeddable":true,"href":"https:\/\/www.ifun.de\/apiv2\/wp\/v2\/media\/278761"}],"wp:attachment":[{"href":"https:\/\/www.ifun.de\/apiv2\/wp\/v2\/media?parent=278759"}],"wp:term":[{"taxonomy":"category","embeddable":true,"href":"https:\/\/www.ifun.de\/apiv2\/wp\/v2\/categories?post=278759"},{"taxonomy":"post_tag","embeddable":true,"href":"https:\/\/www.ifun.de\/apiv2\/wp\/v2\/tags?post=278759"}],"curies":[{"name":"wp","href":"https:\/\/api.w.org\/{rel}","templated":true}]}}