{"id":278740,"date":"2026-04-28T11:39:07","date_gmt":"2026-04-28T09:39:07","guid":{"rendered":"https:\/\/www.ifun.de\/?p=278740"},"modified":"2026-04-28T11:39:07","modified_gmt":"2026-04-28T09:39:07","slug":"gerade-noch-ein-macbook-lufthansa-streicht-gratis-handgepaeck","status":"publish","type":"post","link":"https:\/\/www.ifun.de\/gerade-noch-ein-macbook-lufthansa-streicht-gratis-handgepaeck-278740\/","title":{"rendered":"Gerade noch ein MacBook: Lufthansa streicht Gratis-Handgep\u00e4ck"},"content":{"rendered":"<p>Die Lufthansa Group <a href=\"https:\/\/newsroom.lufthansagroup.com\/lufthansa-group-erweitert-tarifportfolio-mehr-wahlmoeglichkeiten-auf-kurz--und-mittelstrecke\/\">erweitert ihr Tarifmodell<\/a> auf Kurz- und Mittelstrecken und f\u00fchrt einen neuen Einstiegstarif ein. F\u00fcr Buchungen ab dem 28. April und Reisen ab dem 19. Mai wird schrittweise der sogenannte Economy Basic-Tarif eingef\u00fchrt. Er gilt zun\u00e4chst auf ausgew\u00e4hlten Strecken und soll sp\u00e4ter auf weitere Verbindungen ausgeweitet werden.<\/p>\n<p><a href=\"https:\/\/images.ifun.de\/wp-content\/uploads\/2026\/04\/lufthansa-gepaeck-2500.jpg\"><img loading=\"lazy\" decoding=\"async\" src=\"https:\/\/images.ifun.de\/wp-content\/uploads\/2026\/04\/lufthansa-gepaeck-2500-500x333.jpg\" alt=\"Lufthansa Gepaeck 2500\" width=\"500\" height=\"333\" class=\"aligncenter size-medium wp-image-278746\" srcset=\"https:\/\/images.ifun.de\/wp-content\/uploads\/2026\/04\/lufthansa-gepaeck-2500-500x333.jpg 500w, https:\/\/images.ifun.de\/wp-content\/uploads\/2026\/04\/lufthansa-gepaeck-2500-700x466.jpg 700w, https:\/\/images.ifun.de\/wp-content\/uploads\/2026\/04\/lufthansa-gepaeck-2500-768x512.jpg 768w, https:\/\/images.ifun.de\/wp-content\/uploads\/2026\/04\/lufthansa-gepaeck-2500-1536x1024.jpg 1536w, https:\/\/images.ifun.de\/wp-content\/uploads\/2026\/04\/lufthansa-gepaeck-2500-2048x1365.jpg 2048w\" sizes=\"auto, (max-width: 500px) 100vw, 500px\" \/><\/a><\/p>\n<h2>Neuer Einstiegstarif mit reduziertem Gep\u00e4ck<\/h2>\n<p>Im neuen Basic-Tarif ist nur noch ein pers\u00f6nlicher Gegenstand im Preis enthalten. Dazu z\u00e4hlen etwa eine Laptoptasche oder ein kleiner Rucksack. Die erlaubten Ma\u00dfe liegen bei maximal 40 \u00d7 30 \u00d7 15 Zentimetern. Klassische Handgep\u00e4ckskoffer, wie sie bislang im g\u00fcnstigsten Tarif ohne Aufpreis mitgef\u00fchrt werden konnten, sind nicht mehr enthalten.<\/p>\n<p>Passagiere, die zus\u00e4tzliches Gep\u00e4ck mitnehmen m\u00f6chten, m\u00fcssen dieses k\u00fcnftig separat buchen. Die Preise f\u00fcr zus\u00e4tzliches Handgep\u00e4ck beginne bei rund 15 Euro. Alternativ k\u00f6nnen Reisende auch auf teurere Tarife ausweichen, in denen gr\u00f6\u00dfere Gep\u00e4ckst\u00fccke weiterhin enthalten sind.<\/p>\n<p><a href=\"https:\/\/images.ifun.de\/wp-content\/uploads\/2026\/04\/macbook-pro-masse.png\"><img loading=\"lazy\" decoding=\"async\" class=\"aligncenter size-large wp-image-278741\" src=\"https:\/\/images.ifun.de\/wp-content\/uploads\/2026\/04\/macbook-pro-masse-700x469.png\" alt=\"Macbook Pro Masse\" width=\"700\" height=\"469\" srcset=\"https:\/\/images.ifun.de\/wp-content\/uploads\/2026\/04\/macbook-pro-masse-700x469.png 700w, https:\/\/images.ifun.de\/wp-content\/uploads\/2026\/04\/macbook-pro-masse-500x335.png 500w, https:\/\/images.ifun.de\/wp-content\/uploads\/2026\/04\/macbook-pro-masse-768x515.png 768w, https:\/\/images.ifun.de\/wp-content\/uploads\/2026\/04\/macbook-pro-masse.png 1250w\" sizes=\"auto, (max-width: 700px) 100vw, 700px\" \/><\/a><\/p>\n<h6>Knapp unter den neuen Ma\u00dfen: Das MacBook Pro 16&#8243;<\/h6>\n<p>Bislang war es im Economy Light-Tarif \u00fcblich, einen Kabinenkoffer mit den Ma\u00dfen 55 \u00d7 40 \u00d7 23 Zentimeter und einem Gewicht von bis zu acht Kilogramm mitzunehmen. Diese Regelung entf\u00e4llt im neuen Einstiegstarif.<\/p>\n<h2>Anpassung an Markt und Nachfrage<\/h2>\n<p>Die Lufthansa begr\u00fcndet die \u00c4nderung mit ver\u00e4nderten Buchungsgewohnheiten. Insbesondere Reisende auf kurzen Strecken w\u00fcrden zunehmend Tarife ohne umfangreiche Zusatzleistungen nachfragen. Der neue Tarif soll diesen Bedarf abdecken und eine g\u00fcnstigere Einstiegsm\u00f6glichkeit bieten.<\/p>\n<ul>\n<li><strong>Gep\u00e4ckermittlung mit AirTags:<\/strong> <a href=\"https:\/\/www.ifun.de\/lufthansa-unterstuetzt-jetzt-gepaeckermittlung-mithilfe-von-airtags-248070\/\">Lufthansa integriert Objektsuche<\/a><\/li>\n<\/ul>\n<p>Mit dem Schritt orientiert sich die Lufthansa an Entwicklungen im europ\u00e4ischen Luftverkehr. Vergleichbare Modelle werden bereits von Fluggesellschaften wie Air France sowie von Anbietern im Niedrigpreissegment genutzt. Dazu z\u00e4hlen unter anderem Ryanair und easyJet.<\/p>\n<p><a href=\"https:\/\/images.ifun.de\/wp-content\/uploads\/2026\/04\/lufthansa-uniform.jpg\"><img loading=\"lazy\" decoding=\"async\" class=\"aligncenter size-large wp-image-278743\" src=\"https:\/\/images.ifun.de\/wp-content\/uploads\/2026\/04\/lufthansa-uniform-700x525.jpg\" alt=\"Lufthansa Uniform\" width=\"700\" height=\"525\" srcset=\"https:\/\/images.ifun.de\/wp-content\/uploads\/2026\/04\/lufthansa-uniform-700x525.jpg 700w, https:\/\/images.ifun.de\/wp-content\/uploads\/2026\/04\/lufthansa-uniform-500x375.jpg 500w, https:\/\/images.ifun.de\/wp-content\/uploads\/2026\/04\/lufthansa-uniform-768x576.jpg 768w, https:\/\/images.ifun.de\/wp-content\/uploads\/2026\/04\/lufthansa-uniform-1536x1151.jpg 1536w, https:\/\/images.ifun.de\/wp-content\/uploads\/2026\/04\/lufthansa-uniform-2048x1535.jpg 2048w\" sizes=\"auto, (max-width: 700px) 100vw, 700px\" \/><\/a><\/p>\n<p>Verbrauchersch\u00fctzer <a href=\"https:\/\/www.beuc.eu\/factsheets\/unfair-fees-and-policies-air-travel\">kritisieren diese Entwicklung seit l\u00e4ngerem<\/a> und fordern klarere Mindeststandards f\u00fcr das Handgep\u00e4ck. Sie vertreten die Ansicht, dass neben einem pers\u00f6nlichen Gegenstand auch ein kleiner Kabinenkoffer ohne Zusatzkosten m\u00f6glich sein sollte.<\/p>\n<ul>\n<li><strong>Airlines versch\u00e4rfen Regeln:<\/strong> <a href=\"https:\/\/www.iphone-ticker.de\/immer-mehr-powerbank-zwischenfaelle-airlines-verschaerfen-regeln-275992\/\">Immer mehr Powerbank-Zwischenf\u00e4lle<\/a><\/li>\n<\/ul>\n<p>Parallel zur Einf\u00fchrung des neuen Einstiegstarifs wird auch der bestehende Light-Tarif angepasst. K\u00fcnftig sollen Umbuchungen gegen Geb\u00fchr m\u00f6glich sein. Insgesamt umfasst das Economy-Angebot der Lufthansa Group damit vier abgestufte Tarifoptionen.<\/p>\n<p><img loading=\"lazy\" decoding=\"async\" src=\"https:\/\/vg05.met.vgwort.de\/na\/c0c2e1af91914690b2298ec6f9ea3adb\" width=\"1\" height=\"1\"  no-lazy class=\"tracking\"><\/p>\n","protected":false},"excerpt":{"rendered":"<a href=\"https:\/\/www.ifun.de\/gerade-noch-ein-macbook-lufthansa-streicht-gratis-handgepaeck-278740\/\"><img width=\"150\" height=\"150\" src=\"https:\/\/images.ifun.de\/wp-content\/uploads\/2026\/04\/lufthansa-airlines-feature-150x150.jpg\" class=\"alignright tfe wp-post-image\" alt=\"Lufthansa Airlines Feature\" decoding=\"async\" loading=\"lazy\" \/><\/a><p>Die Lufthansa Group erweitert ihr Tarifmodell auf Kurz- und Mittelstrecken und f\u00fchrt einen neuen Einstiegstarif ein. F\u00fcr Buchungen ab dem 28. April und Reisen ab dem 19. Mai wird schrittweise der sogenannte Economy Basic-Tarif eingef\u00fchrt. Er gilt zun\u00e4chst auf ausgew\u00e4hlten Strecken und soll sp\u00e4ter auf weitere Verbindungen ausgeweitet werden. Neuer Einstiegstarif mit reduziertem Gep\u00e4ck Im [&hellip;]<\/p>\n","protected":false},"author":1,"featured_media":278744,"comment_status":"open","ping_status":"closed","sticky":false,"template":"","format":"standard","meta":{"_acf_changed":false,"footnotes":""},"categories":[22],"tags":[3604,115,7152,5963],"class_list":["post-278740","post","type-post","status-publish","format-standard","has-post-thumbnail","hentry","category-zubehor","tag-fliegen","tag-geld","tag-gepaeck","tag-lufthansa"],"acf":[],"aioseo_notices":[],"featured_image":["https:\/\/images.ifun.de\/wp-content\/uploads\/2026\/04\/lufthansa-airlines-feature.jpg"],"subheadline":["Neuer Einstiegstarif mit reduziertem Gep\u00e4ck"],"rest_api_enabler":{"featured_image":"https:\/\/images.ifun.de\/wp-content\/uploads\/2026\/04\/lufthansa-airlines-feature.jpg","subheadline":"Neuer Einstiegstarif mit reduziertem Gep\u00e4ck"},"_links":{"self":[{"href":"https:\/\/www.ifun.de\/apiv2\/wp\/v2\/posts\/278740","targetHints":{"allow":["GET"]}}],"collection":[{"href":"https:\/\/www.ifun.de\/apiv2\/wp\/v2\/posts"}],"about":[{"href":"https:\/\/www.ifun.de\/apiv2\/wp\/v2\/types\/post"}],"author":[{"embeddable":true,"href":"https:\/\/www.ifun.de\/apiv2\/wp\/v2\/users\/1"}],"replies":[{"embeddable":true,"href":"https:\/\/www.ifun.de\/apiv2\/wp\/v2\/comments?post=278740"}],"version-history":[{"count":2,"href":"https:\/\/www.ifun.de\/apiv2\/wp\/v2\/posts\/278740\/revisions"}],"predecessor-version":[{"id":278748,"href":"https:\/\/www.ifun.de\/apiv2\/wp\/v2\/posts\/278740\/revisions\/278748"}],"wp:featuredmedia":[{"embeddable":true,"href":"https:\/\/www.ifun.de\/apiv2\/wp\/v2\/media\/278744"}],"wp:attachment":[{"href":"https:\/\/www.ifun.de\/apiv2\/wp\/v2\/media?parent=278740"}],"wp:term":[{"taxonomy":"category","embeddable":true,"href":"https:\/\/www.ifun.de\/apiv2\/wp\/v2\/categories?post=278740"},{"taxonomy":"post_tag","embeddable":true,"href":"https:\/\/www.ifun.de\/apiv2\/wp\/v2\/tags?post=278740"}],"curies":[{"name":"wp","href":"https:\/\/api.w.org\/{rel}","templated":true}]}}