{"id":278727,"date":"2026-04-28T09:34:57","date_gmt":"2026-04-28T07:34:57","guid":{"rendered":"https:\/\/www.ifun.de\/?p=278727"},"modified":"2026-04-28T09:39:34","modified_gmt":"2026-04-28T07:39:34","slug":"ugreen-finetrack-pro-solar-wo-ist-tracker-mit-solarversorgung","status":"publish","type":"post","link":"https:\/\/www.ifun.de\/ugreen-finetrack-pro-solar-wo-ist-tracker-mit-solarversorgung-278727\/","title":{"rendered":"UGREEN FineTrack Pro Solar: &#8222;Wo ist?&#8220;-Tracker mit Solarversorgung"},"content":{"rendered":"<p>Mit dem <a href=\"https:\/\/www.ifun.de\/amzn\/B0G34KFT1V\">FineTrack Pro Solar<\/a> erweitert UGREEN seine Reihe an Bluetooth-Trackern um ein Modell mit integrierter Solarzelle. Der neue Tracker richtet sich an Apple-Nutzer und wird in das bestehende \u201eWo ist?\u201c-Netzwerk eingebunden. Dadurch l\u00e4sst sich der Standort verlorener Gegenst\u00e4nde \u00fcber nahe Apple-Ger\u00e4te anonym erfassen und \u00fcbermitteln.<\/p>\n<p><a href=\"https:\/\/images.ifun.de\/wp-content\/uploads\/2026\/04\/ugreen-finder-pro.png\"><img loading=\"lazy\" decoding=\"async\" class=\"aligncenter size-medium wp-image-278728\" src=\"https:\/\/images.ifun.de\/wp-content\/uploads\/2026\/04\/ugreen-finder-pro-500x500.png\" alt=\"Ugreen Finder Pro\" width=\"500\" height=\"500\" srcset=\"https:\/\/images.ifun.de\/wp-content\/uploads\/2026\/04\/ugreen-finder-pro-500x500.png 500w, https:\/\/images.ifun.de\/wp-content\/uploads\/2026\/04\/ugreen-finder-pro-700x700.png 700w, https:\/\/images.ifun.de\/wp-content\/uploads\/2026\/04\/ugreen-finder-pro-150x150.png 150w, https:\/\/images.ifun.de\/wp-content\/uploads\/2026\/04\/ugreen-finder-pro-768x768.png 768w, https:\/\/images.ifun.de\/wp-content\/uploads\/2026\/04\/ugreen-finder-pro.png 949w\" sizes=\"auto, (max-width: 500px) 100vw, 500px\" \/><\/a><\/p>\n<p>Im Unterschied zu <a href=\"https:\/\/www.iphone-ticker.de\/neu-von-ugreen-slim-tracker-gan-netzteile-und-magnet-stativ-273861\/\">den bisherigen Modellen<\/a> kombiniert die neue Variante einen internen Akku mit einem kleinen Solarpanel. Dieses soll den Energiebedarf im Alltag teilweise decken und so die Laufzeit verl\u00e4ngern.<\/p>\n<p>Der Hersteller sagt eine Akku-Stromversorgung von zwei Jahren zu und spricht von einer dauerhaften Solar-Stromversorgung unter g\u00fcnstigen Bedingungen. Erg\u00e4nzt wird dies durch eine klassische Bluetooth-Ortung mit Signalton sowie eine Verlassenswarnung, die Nutzer informiert, wenn ein Gegenstand zur\u00fcckgelassen wurde.<\/p>\n<p><a href=\"https:\/\/images.ifun.de\/wp-content\/uploads\/2026\/04\/ugreen-find-my-apple.jpg\"><img loading=\"lazy\" decoding=\"async\" class=\"aligncenter size-large wp-image-278730\" src=\"https:\/\/images.ifun.de\/wp-content\/uploads\/2026\/04\/ugreen-find-my-apple-700x700.jpg\" alt=\"Ugreen Find My Apple\" width=\"700\" height=\"700\" srcset=\"https:\/\/images.ifun.de\/wp-content\/uploads\/2026\/04\/ugreen-find-my-apple-700x700.jpg 700w, https:\/\/images.ifun.de\/wp-content\/uploads\/2026\/04\/ugreen-find-my-apple-500x500.jpg 500w, https:\/\/images.ifun.de\/wp-content\/uploads\/2026\/04\/ugreen-find-my-apple-150x150.jpg 150w, https:\/\/images.ifun.de\/wp-content\/uploads\/2026\/04\/ugreen-find-my-apple-768x768.jpg 768w, https:\/\/images.ifun.de\/wp-content\/uploads\/2026\/04\/ugreen-find-my-apple.jpg 1500w\" sizes=\"auto, (max-width: 700px) 100vw, 700px\" \/><\/a><\/p>\n<p>Der FineTrack Pro Solar ist nach IP68 gegen Wasser und Staub gesch\u00fctzt und wird mit einem Trageband ausgeliefert. Damit eignet sich das Ger\u00e4t neben Schl\u00fcsseln auch f\u00fcr Gep\u00e4ck oder Outdoor-Eins\u00e4tze. Die Auslieferung soll ab dem 6. Mai erfolgen, der <a href=\"https:\/\/www.ifun.de\/amzn\/B0G34KFT1V\">Preis liegt bei 19,99 Euro<\/a>.<\/p>\n<script>\r\n  function open_amazon(link) {\r\n    if (navigator.userAgent.indexOf(\"Firefox\") != -1) {\r\n      window.open(link, '_blank');\r\n    } else {\r\n      var tag = document.createElement('a');\r\n      tag.setAttribute('href', link);\r\n      tag.innerHTML = \"amzn\";\r\n      tag.click();\r\n    }\r\n  }\r\n<\/script>\r\n    <div id=\"article-single-amazon-preview\" onclick=\"return open_amazon('https:\/\/www.amazon.de\/dp\/B0G34KFT1V?tag=musicweb02&linkCode=ogi&th=1&psc=1');\">\n  <div id=\"article-single-amazon-preview-header\">\n    <span class=\"title\">Produkthinweis<\/span>\n      <\/div>\n  <div id=\"article-single-amazon-preview-content\">\n    <div id=\"article-single-amazon-preview-img\" style=\"background: url('https:\/\/m.media-amazon.com\/images\/I\/31MWBkgVBFL.jpg') center center no-repeat; background-size: cover;\"><\/div>\n    <div id=\"article-single-amazon-preview-desc\">\n      <span class=\"bezeichnung\"><a href=\"https:\/\/www.amazon.de\/dp\/B0G34KFT1V?tag=musicweb02&linkCode=ogi&th=1&psc=1\" style=\"text-decoration: none; border-bottom: 0px; box-shadow: none;\">UGREEN FineTrack Pro Solar Finder, Bluetooth Tracker kompatibel mit Apple Find My (nur iOS), Smart Tag f\u00fcr Schl\u00fcssel...<\/a><\/span>\n      <span class=\"preis--aktuell\">19,99 EUR<\/span>\n      <span class=\"preis--alt\"><\/span>\n    <\/div>\n  <\/div>\n<\/div>\n<h2>Vom Schl\u00fcsselanh\u00e4nger bis zur MagSafe-Karte<\/h2>\n<p>Mit der Solar-Version erg\u00e4nzt UGREEN eine bereits breit aufgestellte Produktfamilie. Der <a href=\"https:\/\/www.ifun.de\/amzn\/B0FBWDZH2M\">klassische FineTrack f\u00fcr iOS<\/a> wird im Viererpack zu St\u00fcckpreisen von 6,50 Euro angeboten und setzt auf USB-C-Ladung mit Laufzeiten von bis zu einem Jahr. Erg\u00e4nzend gibt es mit <a href=\"https:\/\/www.ifun.de\/amzn\/B0FRLWSGPW\">dem FineTrack Duo<\/a> ein Modell, das neben iOS auch Android unterst\u00fctzt.<\/p>\n<p><a href=\"https:\/\/images.ifun.de\/wp-content\/uploads\/2026\/04\/finetrack-lineup.png\"><img loading=\"lazy\" decoding=\"async\" class=\"aligncenter size-large wp-image-278731\" src=\"https:\/\/images.ifun.de\/wp-content\/uploads\/2026\/04\/finetrack-lineup-700x177.png\" alt=\"Finetrack Lineup\" width=\"700\" height=\"177\" srcset=\"https:\/\/images.ifun.de\/wp-content\/uploads\/2026\/04\/finetrack-lineup-700x177.png 700w, https:\/\/images.ifun.de\/wp-content\/uploads\/2026\/04\/finetrack-lineup-500x127.png 500w, https:\/\/images.ifun.de\/wp-content\/uploads\/2026\/04\/finetrack-lineup-768x195.png 768w, https:\/\/images.ifun.de\/wp-content\/uploads\/2026\/04\/finetrack-lineup-1536x389.png 1536w, https:\/\/images.ifun.de\/wp-content\/uploads\/2026\/04\/finetrack-lineup.png 2000w\" sizes=\"auto, (max-width: 700px) 100vw, 700px\" \/><\/a><\/p>\n<p>F\u00fcr flachere Einsatzbereiche bietet der Hersteller die FineTrack-Slim-Reihe an. Die Tracker im Kartenformat lassen sich in Geldb\u00f6rsen verstauen und sind <a href=\"https:\/\/www.ifun.de\/amzn\/B0D5415Q27\">wahlweise kabelgebunden<\/a> oder <a href=\"https:\/\/www.ifun.de\/amzn\/B0FH51HVDT\">kabellos aufladbar<\/a>. Die kompakte <a href=\"https:\/\/www.ifun.de\/amzn\/B0F6LF6WGY\">FineTrack Mini<\/a> richtet sich dagegen an Nutzer, die ein m\u00f6glichst kleines Geh\u00e4use im klassischen Schl\u00fcsselanh\u00e4nger-Format bevorzugen.<\/p>\n<p>Die neue Solar-Variante positioniert sich innerhalb dieses Portfolios als Option f\u00fcr l\u00e4ngere Eins\u00e4tze ohne regelm\u00e4\u00dfiges Nachladen. Gerade bei h\u00e4ufig genutzten Outdoor-Gegenst\u00e4nden kann dies den Wartungsaufwand reduzieren, sofern ausreichend Licht zur Verf\u00fcgung steht.<\/p>\n<script>\r\n  function open_amazon(link) {\r\n    if (navigator.userAgent.indexOf(\"Firefox\") != -1) {\r\n      window.open(link, '_blank');\r\n    } else {\r\n      var tag = document.createElement('a');\r\n      tag.setAttribute('href', link);\r\n      tag.innerHTML = \"amzn\";\r\n      tag.click();\r\n    }\r\n  }\r\n<\/script>\r\n    <div id=\"article-single-amazon-preview\" onclick=\"return open_amazon('https:\/\/www.amazon.de\/dp\/B0FBWDZH2M?tag=musicweb02&linkCode=ogi&th=1&psc=1');\">\n  <div id=\"article-single-amazon-preview-header\">\n    <span class=\"title\">Produkthinweis<\/span>\n      <\/div>\n  <div id=\"article-single-amazon-preview-content\">\n    <div id=\"article-single-amazon-preview-img\" style=\"background: url('https:\/\/m.media-amazon.com\/images\/I\/41mhyOhb1+L.jpg') center center no-repeat; background-size: cover;\"><\/div>\n    <div id=\"article-single-amazon-preview-desc\">\n      <span class=\"bezeichnung\"><a href=\"https:\/\/www.amazon.de\/dp\/B0FBWDZH2M?tag=musicweb02&linkCode=ogi&th=1&psc=1\" style=\"text-decoration: none; border-bottom: 0px; box-shadow: none;\">UGREEN Finetrack 4er Pack unterst\u00fctzt USB C Aufladen, Bluetooth Tracker kompatibel mit Apple Find My (nur iOS...<\/a><\/span>\n      <span class=\"preis--aktuell\">25,98 EUR<\/span>\n      <span class=\"preis--alt\">39,99 EUR<\/span>\n    <\/div>\n  <\/div>\n<\/div>\n<p><img loading=\"lazy\" decoding=\"async\" src=\"https:\/\/vg05.met.vgwort.de\/na\/8cf25c8e053c4f868a4ca0537945fee4\" width=\"1\" height=\"1\"  no-lazy class=\"tracking\"><\/p>\n","protected":false},"excerpt":{"rendered":"<a href=\"https:\/\/www.ifun.de\/ugreen-finetrack-pro-solar-wo-ist-tracker-mit-solarversorgung-278727\/\"><img width=\"150\" height=\"150\" src=\"https:\/\/images.ifun.de\/wp-content\/uploads\/2026\/04\/finetrack-lineup-150x150.png\" class=\"alignright tfe wp-post-image\" alt=\"Finetrack Lineup\" decoding=\"async\" loading=\"lazy\" \/><\/a><p>Mit dem FineTrack Pro Solar erweitert UGREEN seine Reihe an Bluetooth-Trackern um ein Modell mit integrierter Solarzelle. Der neue Tracker richtet sich an Apple-Nutzer und wird in das bestehende \u201eWo ist?\u201c-Netzwerk eingebunden. Dadurch l\u00e4sst sich der Standort verlorener Gegenst\u00e4nde \u00fcber nahe Apple-Ger\u00e4te anonym erfassen und \u00fcbermitteln. Im Unterschied zu den bisherigen Modellen kombiniert die neue [&hellip;]<\/p>\n","protected":false},"author":1,"featured_media":278731,"comment_status":"open","ping_status":"closed","sticky":false,"template":"","format":"standard","meta":{"_acf_changed":false,"footnotes":""},"categories":[22],"tags":[7151,496,4476,5307],"class_list":["post-278727","post","type-post","status-publish","format-standard","has-post-thumbnail","hentry","category-zubehor","tag-finetrack","tag-solar","tag-ugreen","tag-wo-ist"],"acf":[],"aioseo_notices":[],"featured_image":["https:\/\/images.ifun.de\/wp-content\/uploads\/2026\/04\/ugreen-wo-ist-solar.jpg"],"subheadline":["Sonnenenergie soll Laufzeiten verl\u00e4ngern"],"rest_api_enabler":{"featured_image":"https:\/\/images.ifun.de\/wp-content\/uploads\/2026\/04\/ugreen-wo-ist-solar.jpg","subheadline":"Sonnenenergie soll Laufzeiten verl\u00e4ngern"},"_links":{"self":[{"href":"https:\/\/www.ifun.de\/apiv2\/wp\/v2\/posts\/278727","targetHints":{"allow":["GET"]}}],"collection":[{"href":"https:\/\/www.ifun.de\/apiv2\/wp\/v2\/posts"}],"about":[{"href":"https:\/\/www.ifun.de\/apiv2\/wp\/v2\/types\/post"}],"author":[{"embeddable":true,"href":"https:\/\/www.ifun.de\/apiv2\/wp\/v2\/users\/1"}],"replies":[{"embeddable":true,"href":"https:\/\/www.ifun.de\/apiv2\/wp\/v2\/comments?post=278727"}],"version-history":[{"count":3,"href":"https:\/\/www.ifun.de\/apiv2\/wp\/v2\/posts\/278727\/revisions"}],"predecessor-version":[{"id":278737,"href":"https:\/\/www.ifun.de\/apiv2\/wp\/v2\/posts\/278727\/revisions\/278737"}],"wp:featuredmedia":[{"embeddable":true,"href":"https:\/\/www.ifun.de\/apiv2\/wp\/v2\/media\/278731"}],"wp:attachment":[{"href":"https:\/\/www.ifun.de\/apiv2\/wp\/v2\/media?parent=278727"}],"wp:term":[{"taxonomy":"category","embeddable":true,"href":"https:\/\/www.ifun.de\/apiv2\/wp\/v2\/categories?post=278727"},{"taxonomy":"post_tag","embeddable":true,"href":"https:\/\/www.ifun.de\/apiv2\/wp\/v2\/tags?post=278727"}],"curies":[{"name":"wp","href":"https:\/\/api.w.org\/{rel}","templated":true}]}}