{"id":278697,"date":"2026-04-27T17:55:50","date_gmt":"2026-04-27T15:55:50","guid":{"rendered":"https:\/\/www.ifun.de\/?p=278697"},"modified":"2026-04-27T17:55:50","modified_gmt":"2026-04-27T15:55:50","slug":"macbook-neo-apple-zeigt-making-of-des-launch-videos","status":"publish","type":"post","link":"https:\/\/www.ifun.de\/macbook-neo-apple-zeigt-making-of-des-launch-videos-278697\/","title":{"rendered":"MacBook Neo: Apple zeigt Making-of des Launch-Videos"},"content":{"rendered":"<p>Zur Vorstellung des neuen <a href=\"https:\/\/www.apple.com\/de\/macbook-neo\/\">MacBook Neo<\/a> hat Apple Anfang M\u00e4rz ein <a href=\"https:\/\/www.youtube.com\/watch?v=u3SIKAmPXY4\">auff\u00e4lliges Werbevideo<\/a> ver\u00f6ffentlicht. In einem jetzt ver\u00f6ffentlichten <a href=\"https:\/\/www.youtube.com\/watch?v=y4DnsCzJTRQ\">Blick hinter die Kulissen<\/a> zeigt das Unternehmen, wie ein gro\u00dfer Teil der Sequenzen entstanden ist.<\/p>\n<p><a href=\"https:\/\/images.ifun.de\/wp-content\/uploads\/2026\/04\/apple-effekte-macbook-neo.jpg\"><img loading=\"lazy\" decoding=\"async\" class=\"aligncenter size-medium wp-image-278698\" src=\"https:\/\/images.ifun.de\/wp-content\/uploads\/2026\/04\/apple-effekte-macbook-neo-500x393.jpg\" alt=\"Apple Effekte Macbook Neo\" width=\"500\" height=\"393\" srcset=\"https:\/\/images.ifun.de\/wp-content\/uploads\/2026\/04\/apple-effekte-macbook-neo-500x393.jpg 500w, https:\/\/images.ifun.de\/wp-content\/uploads\/2026\/04\/apple-effekte-macbook-neo-700x550.jpg 700w, https:\/\/images.ifun.de\/wp-content\/uploads\/2026\/04\/apple-effekte-macbook-neo-768x604.jpg 768w, https:\/\/images.ifun.de\/wp-content\/uploads\/2026\/04\/apple-effekte-macbook-neo.jpg 1079w\" sizes=\"auto, (max-width: 500px) 100vw, 500px\" \/><\/a><\/p>\n<h6>Ein Luftkissen f\u00fcr den weichen Trackpad-Effekt im Video<\/h6>\n<p>Statt ausschlie\u00dflich auf Computeranimationen zu setzen, kombinierten die Kreativteams reale Aufbauten mit digitaler Nachbearbeitung.<\/p>\n<p>Das Video betont einen analogen Ansatz und macht deutlich, dass viele Effekte von Hand umgesetzt wurden. So kamen unter anderem nachgebaute Eingabefl\u00e4chen, LED-Lichtstreifen und kleine Konfetti-Kanonen zum Einsatz.<\/p>\n<p><div class=\"responsive-video\"><iframe src=\"https:\/\/www.ifun.de\/yt\/index.html?v=y4DnsCzJTRQ\" allow=\"autoplay; fullscreen; picture-in-picture; encrypted-media\" referrerpolicy=\"strict-origin-when-cross-origin\" allowfullscreen><\/iframe><\/div><\/p>\n<p>Einzelne Szenen wurden als Stop-Motion-Sequenzen aufgenommen. Diese Technik erzeugt Bewegung durch das Aneinanderreihen vieler Einzelbilder. Erg\u00e4nzt wurden die Aufnahmen sp\u00e4ter durch 3D-Modelle und digitale Effekte, die das Material verfeinern, ohne den realen Ursprung zu \u00fcberdecken.<\/p>\n<h2>Handarbeit trifft auf digitale Nachbearbeitung<\/h2>\n<p>Apple setzt hier einmal mehr auf eine Kombination aus handgefertigten Elementen und moderner Postproduktion. Dieser Ansatz sorgt daf\u00fcr, dass der Clip trotz aufwendiger Effekte greifbar bleibt. In der Praxis bedeutet das, dass Apples Filmemacher reale Objekte filmen und erst anschlie\u00dfend digital erweitern oder anpassen. Auf diese Weise lassen sich visuelle Ideen umsetzen, ohne vollst\u00e4ndig auf k\u00fcnstlich erzeugte Szenen zur\u00fcckzugreifen.<\/p>\n<p><div class=\"responsive-video\"><iframe src=\"https:\/\/www.ifun.de\/yt\/index.html?v=V95nfAEXlZ4\" allow=\"autoplay; fullscreen; picture-in-picture; encrypted-media\" referrerpolicy=\"strict-origin-when-cross-origin\" allowfullscreen><\/iframe><\/div><\/p>\n<p>Ein \u00e4hnliches Konzept hatte Apple bereits bei der Umbenennung seines Videostreaming-Dienstes <a href=\"https:\/\/www.ifun.de\/aus-apple-tv-wird-apple-tv-f1-film-begleitet-rebranding-266935\/\">von Apple TV+ hin zum schlichten Apple TV<\/a> genutzt. Damals verzichtete das Unternehmen weitgehend auf klassisches 3D-Rendering und setzte stattdessen auf ein physisch aufgebautes Apple-Logo, das mit Lichtinstallationen inszeniert und anschlie\u00dfend filmisch verarbeitet wurde.<\/p>\n<h2>Das Neo geht weg wie geschnitten Brot<\/h2>\n<p>Der Preis des MacBook Neo und die Nachfrage nach Apples g\u00fcnstigstem Laptop haben sich \u00fcberraschend positiv entwickelt. Laut Apples (noch-)CEO Tim Cook verlief die erste Verkaufswoche besonders erfolgreich, vor allem bei neuen Mac-Nutzern.<\/p>\n<p>Eine signifikante Rolle d\u00fcrfte dabei auch der Preis spielen. Das Modell in Indigo mit 256 GB Speicher wird in Deutschland regul\u00e4r f\u00fcr 699 Euro angeboten, ist aktuell jedoch mit <a href=\"https:\/\/www.ifun.de\/macbook-neo-jetzt-bis-zu-100-euro-guenstiger-erhaeltlich-278651\/\">Preisnachl\u00e4sssen von bis zu 110 Euro<\/a> f\u00fcr nur noch 589 Euro erh\u00e4ltlich.<\/p>\n<script>\r\n  function open_amazon(link) {\r\n    if (navigator.userAgent.indexOf(\"Firefox\") != -1) {\r\n      window.open(link, '_blank');\r\n    } else {\r\n      var tag = document.createElement('a');\r\n      tag.setAttribute('href', link);\r\n      tag.innerHTML = \"amzn\";\r\n      tag.click();\r\n    }\r\n  }\r\n<\/script>\r\n    <div id=\"article-single-amazon-preview\" onclick=\"return open_amazon('https:\/\/www.amazon.de\/dp\/B0GR6877WY?tag=musicweb02&linkCode=ogi&th=1&psc=1');\">\n  <div id=\"article-single-amazon-preview-header\">\n    <span class=\"title\">Produkthinweis<\/span>\n      <\/div>\n  <div id=\"article-single-amazon-preview-content\">\n    <div id=\"article-single-amazon-preview-img\" style=\"background: url('https:\/\/m.media-amazon.com\/images\/I\/312gY9j2oiL.jpg') center center no-repeat; background-size: cover;\"><\/div>\n    <div id=\"article-single-amazon-preview-desc\">\n      <span class=\"bezeichnung\"><a href=\"https:\/\/www.amazon.de\/dp\/B0GR6877WY?tag=musicweb02&linkCode=ogi&th=1&psc=1\" style=\"text-decoration: none; border-bottom: 0px; box-shadow: none;\">Apple 13\" MacBook Neo Laptop mit A18 Pro Chip: Entwickelt f\u00fcr KI und Apple Intelligence, Liquid Retina Display, 8 GB...<\/a><\/span>\n      <span class=\"preis--aktuell\">589 EUR<\/span>\n      <span class=\"preis--alt\">699,00 EUR<\/span>\n    <\/div>\n  <\/div>\n<\/div>\n<p><img loading=\"lazy\" decoding=\"async\" src=\"https:\/\/vg05.met.vgwort.de\/na\/4bdadc23ff974ebbb3189ed57d6fa820\" width=\"1\" height=\"1\"  no-lazy class=\"tracking\"><\/p>\n","protected":false},"excerpt":{"rendered":"<a href=\"https:\/\/www.ifun.de\/macbook-neo-apple-zeigt-making-of-des-launch-videos-278697\/\"><img width=\"150\" height=\"150\" src=\"https:\/\/images.ifun.de\/wp-content\/uploads\/2026\/04\/apple-tv-crew-150x150.jpg\" class=\"alignright tfe wp-post-image\" alt=\"Apple Tv Crew\" decoding=\"async\" loading=\"lazy\" \/><\/a><p>Zur Vorstellung des neuen MacBook Neo hat Apple Anfang M\u00e4rz ein auff\u00e4lliges Werbevideo ver\u00f6ffentlicht. In einem jetzt ver\u00f6ffentlichten Blick hinter die Kulissen zeigt das Unternehmen, wie ein gro\u00dfer Teil der Sequenzen entstanden ist. Ein Luftkissen f\u00fcr den weichen Trackpad-Effekt im Video Statt ausschlie\u00dflich auf Computeranimationen zu setzen, kombinierten die Kreativteams reale Aufbauten mit digitaler Nachbearbeitung. [&hellip;]<\/p>\n","protected":false},"author":1,"featured_media":278699,"comment_status":"open","ping_status":"closed","sticky":false,"template":"","format":"standard","meta":{"_acf_changed":false,"footnotes":""},"categories":[3],"tags":[4736,7102,31,30],"class_list":["post-278697","post","type-post","status-publish","format-standard","has-post-thumbnail","hentry","category-apple","tag-apple","tag-macbook-neo","tag-video","tag-werbung"],"acf":[],"aioseo_notices":[],"featured_image":["https:\/\/images.ifun.de\/wp-content\/uploads\/2026\/04\/apple-tv-crew.jpg"],"subheadline":["Ein Blick hinter die handgemachten Kulissen"],"rest_api_enabler":{"featured_image":"https:\/\/images.ifun.de\/wp-content\/uploads\/2026\/04\/apple-tv-crew.jpg","subheadline":"Ein Blick hinter die handgemachten Kulissen"},"_links":{"self":[{"href":"https:\/\/www.ifun.de\/apiv2\/wp\/v2\/posts\/278697","targetHints":{"allow":["GET"]}}],"collection":[{"href":"https:\/\/www.ifun.de\/apiv2\/wp\/v2\/posts"}],"about":[{"href":"https:\/\/www.ifun.de\/apiv2\/wp\/v2\/types\/post"}],"author":[{"embeddable":true,"href":"https:\/\/www.ifun.de\/apiv2\/wp\/v2\/users\/1"}],"replies":[{"embeddable":true,"href":"https:\/\/www.ifun.de\/apiv2\/wp\/v2\/comments?post=278697"}],"version-history":[{"count":1,"href":"https:\/\/www.ifun.de\/apiv2\/wp\/v2\/posts\/278697\/revisions"}],"predecessor-version":[{"id":278701,"href":"https:\/\/www.ifun.de\/apiv2\/wp\/v2\/posts\/278697\/revisions\/278701"}],"wp:featuredmedia":[{"embeddable":true,"href":"https:\/\/www.ifun.de\/apiv2\/wp\/v2\/media\/278699"}],"wp:attachment":[{"href":"https:\/\/www.ifun.de\/apiv2\/wp\/v2\/media?parent=278697"}],"wp:term":[{"taxonomy":"category","embeddable":true,"href":"https:\/\/www.ifun.de\/apiv2\/wp\/v2\/categories?post=278697"},{"taxonomy":"post_tag","embeddable":true,"href":"https:\/\/www.ifun.de\/apiv2\/wp\/v2\/tags?post=278697"}],"curies":[{"name":"wp","href":"https:\/\/api.w.org\/{rel}","templated":true}]}}