{"id":278692,"date":"2026-04-27T16:20:31","date_gmt":"2026-04-27T14:20:31","guid":{"rendered":"https:\/\/www.ifun.de\/?p=278692"},"modified":"2026-04-27T16:20:44","modified_gmt":"2026-04-27T14:20:44","slug":"p3-pro-und-t1-pro-laifen-senkt-preise-der-unibody-rasierer","status":"publish","type":"post","link":"https:\/\/www.ifun.de\/p3-pro-und-t1-pro-laifen-senkt-preise-der-unibody-rasierer-278692\/","title":{"rendered":"P3 Pro und T1 Pro: Laifen senkt Preise der Unibody-Rasierer"},"content":{"rendered":"<p><a href=\"https:\/\/de.laifentech.com\/\">Laifen<\/a> ist vielen Nutzern vor allem durch <a href=\"https:\/\/www.iphone-ticker.de\/laifen-wave-pro-ausprobiert-unser-favorit-unter-den-app-zahnbuersten-275646\/\">seine elektrischen Zahnb\u00fcrsten bekannt<\/a>, die \u00fcber eine durchdachte App-Abindung verf\u00fcgen und mit ihrer reduzierten Gestaltung auffallen. Der Hersteller greift dabei bewusst eine Formensprache auf, die an Apples Produkte erinnert und setzt auch in seinen Marketing-Materialen auf Apples Hardware.<\/p>\n<p><a href=\"https:\/\/images.ifun.de\/wp-content\/uploads\/2025\/09\/laife-rasierer-square.png\"><img loading=\"lazy\" decoding=\"async\" class=\"aligncenter size-medium wp-image-264983\" src=\"https:\/\/images.ifun.de\/wp-content\/uploads\/2025\/09\/laife-rasierer-square-500x465.png\" alt=\"Laife Rasierer Square\" width=\"500\" height=\"465\" srcset=\"https:\/\/images.ifun.de\/wp-content\/uploads\/2025\/09\/laife-rasierer-square-500x465.png 500w, https:\/\/images.ifun.de\/wp-content\/uploads\/2025\/09\/laife-rasierer-square-700x651.png 700w, https:\/\/images.ifun.de\/wp-content\/uploads\/2025\/09\/laife-rasierer-square-768x715.png 768w, https:\/\/images.ifun.de\/wp-content\/uploads\/2025\/09\/laife-rasierer-square.png 1010w\" sizes=\"auto, (max-width: 500px) 100vw, 500px\" \/><\/a><\/p>\n<h6>Links der schlanke T1 Pro, rechts der bauchige P3 Pro<\/h6>\n<p>Die gestalterische Linie der elektrischen Zahnb\u00fcrsten wurde auch bei den im vergangenen Herbst vorgestellten Rasierern Laifens fortgef\u00fchrt, die ohne zus\u00e4tzliche App-Anbindung auskommen und sich ausschlie\u00dflich auf ihre Kernfunktion konzentrieren.<\/p>\n<ul>\n<li><strong>Laifen P3 Pro und T1 Pro:<\/strong> <a href=\"https:\/\/www.ifun.de\/?p=264971\">Unsere Eindr\u00fccke der neuen Elektrorasierer<\/a><\/li>\n<\/ul>\n<p>Die grauen Elektrorasierer <a href=\"https:\/\/www.ifun.de\/amzn\/B0FKN11FSR\">P3 Pro<\/a> und <a href=\"https:\/\/www.ifun.de\/amzn\/B0FKN66V5C\">T1 Pro<\/a> von Laifen sind aktuell erstmals g\u00fcnstiger erh\u00e4ltlich. Nachdem die Ger\u00e4te im vergangenen Herbst zum regul\u00e4ren Preis eingef\u00fchrt wurden, sinken nun die Preise einzelner Varianten. Das graue Modell des <a href=\"https:\/\/www.ifun.de\/amzn\/B0FKN11FSR\">P3 Pro wird derzeit f\u00fcr rund 153 Euro<\/a> angeboten statt der urspr\u00fcnglichen 199 Euro. Auch der kompaktere T1 Pro ist reduziert und liegt aktuell <a href=\"https:\/\/www.ifun.de\/amzn\/B0FKN66V5C\">bei etwa 127 Euro gegen\u00fcber zuvor 149 Euro<\/a>.<\/p>\n<p><a href=\"https:\/\/images.ifun.de\/wp-content\/uploads\/2025\/09\/Laifen_P3-Pro_Lifestyle_5-2500.jpg\"><img loading=\"lazy\" decoding=\"async\" class=\"aligncenter size-large wp-image-264984\" src=\"https:\/\/images.ifun.de\/wp-content\/uploads\/2025\/09\/Laifen_P3-Pro_Lifestyle_5-2500-700x466.jpg\" alt=\"Laifen P3 Pro Lifestyle 5 2500\" width=\"700\" height=\"466\" srcset=\"https:\/\/images.ifun.de\/wp-content\/uploads\/2025\/09\/Laifen_P3-Pro_Lifestyle_5-2500-700x466.jpg 700w, https:\/\/images.ifun.de\/wp-content\/uploads\/2025\/09\/Laifen_P3-Pro_Lifestyle_5-2500-500x333.jpg 500w, https:\/\/images.ifun.de\/wp-content\/uploads\/2025\/09\/Laifen_P3-Pro_Lifestyle_5-2500-768x512.jpg 768w, https:\/\/images.ifun.de\/wp-content\/uploads\/2025\/09\/Laifen_P3-Pro_Lifestyle_5-2500-1536x1024.jpg 1536w, https:\/\/images.ifun.de\/wp-content\/uploads\/2025\/09\/Laifen_P3-Pro_Lifestyle_5-2500-2048x1365.jpg 2048w\" sizes=\"auto, (max-width: 700px) 100vw, 700px\" \/><\/a><\/p>\n<h6>Wie bei Apple: Die Ger\u00e4te kommen Unibody-Geh\u00e4use aus Aluminium<\/h6>\n<h2>Seit Verkaufsstart alle zwei Tage im Einsatz<\/h2>\n<p>Im vergangenen Herbst hatten wir den P3 Pro erstmals ausprobiert und sind (selbst \u00fcberrascht) direkt von der Nass- zur Trockenrasur konvertiert. Nach rund 20 Jahren regelm\u00e4\u00dfiger Nassrasur fiel der Umstieg zun\u00e4chst ungewohnt aus. Im Alltag hat sich das Ger\u00e4t jedoch schnell etabliert. Seit der Vorstellung greifen wir im Abstand von ein bis zwei Tagen zum P3 Pro und verzichten seitdem vollst\u00e4ndig auf klassische Nassrasierer. Der Hauptgrund: Hautreizungen, wie sie zuvor gelegentlich aufgetreten sind, sind dabei bislang ausgeblieben.<\/p>\n<p><a href=\"https:\/\/images.ifun.de\/wp-content\/uploads\/2025\/09\/p3-Pro-1.jpg\"><img loading=\"lazy\" decoding=\"async\" class=\"aligncenter size-large wp-image-264988\" src=\"https:\/\/images.ifun.de\/wp-content\/uploads\/2025\/09\/p3-Pro-1-700x287.jpg\" alt=\"P3 Pro\" width=\"700\" height=\"287\" srcset=\"https:\/\/images.ifun.de\/wp-content\/uploads\/2025\/09\/p3-Pro-1-700x287.jpg 700w, https:\/\/images.ifun.de\/wp-content\/uploads\/2025\/09\/p3-Pro-1-500x205.jpg 500w, https:\/\/images.ifun.de\/wp-content\/uploads\/2025\/09\/p3-Pro-1-768x315.jpg 768w, https:\/\/images.ifun.de\/wp-content\/uploads\/2025\/09\/p3-Pro-1.jpg 1464w\" sizes=\"auto, (max-width: 700px) 100vw, 700px\" \/><\/a><\/p>\n<p>Mit zunehmender Nutzungsdauer zeigt sich inzwischen jedoch, dass die Schneidleistung langsam nachl\u00e4sst. Laut Hersteller sollen die Klingen etwa ein Jahr lang genutzt werden k\u00f6nnen.<\/p>\n<p>Ein erster Blick auf die verf\u00fcgbaren Ersatzklingen zeigt, dass beim Austausch nicht nur die Schneideelemente ersetzt werden. Auch ein Teil des Aluminiumrahmens ist fest mit den Klingen verbunden. Dadurch liegt der Preis f\u00fcr ein <a href=\"https:\/\/www.ifun.de\/amzn\/B0FVXDL83B\">Ersatzset beim P3 Pro aktuell bei rund 44 Euro<\/a>, was vergleichsweise preisintensiv ist.<\/p>\n<p><a href=\"https:\/\/images.ifun.de\/wp-content\/uploads\/2025\/09\/Laifen_P3-Pro_Lifestyle-scaled.jpg\"><img loading=\"lazy\" decoding=\"async\" class=\"aligncenter size-large wp-image-264987\" src=\"https:\/\/images.ifun.de\/wp-content\/uploads\/2025\/09\/Laifen_P3-Pro_Lifestyle-700x555.jpg\" alt=\"Laifen P3 Pro Lifestyle\" width=\"700\" height=\"555\" srcset=\"https:\/\/images.ifun.de\/wp-content\/uploads\/2025\/09\/Laifen_P3-Pro_Lifestyle-700x555.jpg 700w, https:\/\/images.ifun.de\/wp-content\/uploads\/2025\/09\/Laifen_P3-Pro_Lifestyle-500x397.jpg 500w, https:\/\/images.ifun.de\/wp-content\/uploads\/2025\/09\/Laifen_P3-Pro_Lifestyle-768x609.jpg 768w, https:\/\/images.ifun.de\/wp-content\/uploads\/2025\/09\/Laifen_P3-Pro_Lifestyle-1536x1219.jpg 1536w, https:\/\/images.ifun.de\/wp-content\/uploads\/2025\/09\/Laifen_P3-Pro_Lifestyle-2048x1625.jpg 2048w\" sizes=\"auto, (max-width: 700px) 100vw, 700px\" \/><\/a><\/p>\n<p>Der kleinere T1 Pro bleibt weiterhin auf Detailarbeiten ausgelegt und richtet sich eher an Nutzer, die Konturen pflegen oder bereits vorhandene Bartformen nacharbeiten m\u00f6chten.<\/p>\n<p>Die aktuellen Preisnachl\u00e4sse machen die beiden USB-C-Rasierer zug\u00e4nglicher, den P3 Pro k\u00f6nnen wir aus eigener Erfahrung w\u00e4rmstens empfehlen, mit dem T1 Pro haben wir noch zu wenig Praxis.<\/p>\n<script>\r\n  function open_amazon(link) {\r\n    if (navigator.userAgent.indexOf(\"Firefox\") != -1) {\r\n      window.open(link, '_blank');\r\n    } else {\r\n      var tag = document.createElement('a');\r\n      tag.setAttribute('href', link);\r\n      tag.innerHTML = \"amzn\";\r\n      tag.click();\r\n    }\r\n  }\r\n<\/script>\r\n    <div id=\"article-single-amazon-preview\" onclick=\"return open_amazon('https:\/\/www.amazon.de\/dp\/B0FKN11FSR?tag=musicweb02&linkCode=ogi&th=1&psc=1');\">\n  <div id=\"article-single-amazon-preview-header\">\n    <span class=\"title\">Produkthinweis<\/span>\n      <\/div>\n  <div id=\"article-single-amazon-preview-content\">\n    <div id=\"article-single-amazon-preview-img\" style=\"background: url('https:\/\/m.media-amazon.com\/images\/I\/312JaVgb0zL.jpg') center center no-repeat; background-size: cover;\"><\/div>\n    <div id=\"article-single-amazon-preview-desc\">\n      <span class=\"bezeichnung\"><a href=\"https:\/\/www.amazon.de\/dp\/B0FKN11FSR?tag=musicweb02&linkCode=ogi&th=1&psc=1\" style=\"text-decoration: none; border-bottom: 0px; box-shadow: none;\">Laifen P3 Pro Rasierer Herren, Elektrorasierer mit Hochgeschwindigkeitsmotoren 12.000 Schnitte\/min, 100 Minuten...<\/a><\/span>\n      <span class=\"preis--aktuell\">153,39 EUR<\/span>\n      <span class=\"preis--alt\">199,99 EUR<\/span>\n    <\/div>\n  <\/div>\n<\/div>\n<p><div class=\"responsive-video\"><iframe src=\"https:\/\/www.ifun.de\/yt\/index.html?v=hjLzXZcHn54\" allow=\"autoplay; fullscreen; picture-in-picture; encrypted-media\" referrerpolicy=\"strict-origin-when-cross-origin\" allowfullscreen><\/iframe><\/div><\/p>\n<p><img loading=\"lazy\" decoding=\"async\" src=\"https:\/\/vg05.met.vgwort.de\/na\/1ef285835f9c49b38ec5a96b84e7728f\" width=\"1\" height=\"1\"  no-lazy class=\"tracking\"><\/p>\n","protected":false},"excerpt":{"rendered":"<a href=\"https:\/\/www.ifun.de\/p3-pro-und-t1-pro-laifen-senkt-preise-der-unibody-rasierer-278692\/\"><img decoding=\"async\" width=\"150\" src=\"https:\/\/images.ifun.de\/wp-content\/uploads\/2025\/09\/laife-rasierer-square-500x465.png\" class=\"alignright wp-post-image tfe\" alt=\"Laife Rasierer Square\" title=\"\" \/><\/a><p>Laifen ist vielen Nutzern vor allem durch seine elektrischen Zahnb\u00fcrsten bekannt, die \u00fcber eine durchdachte App-Abindung verf\u00fcgen und mit ihrer reduzierten Gestaltung auffallen. Der Hersteller greift dabei bewusst eine Formensprache auf, die an Apples Produkte erinnert und setzt auch in seinen Marketing-Materialen auf Apples Hardware. Links der schlanke T1 Pro, rechts der bauchige P3 Pro [&hellip;]<\/p>\n","protected":false},"author":1,"featured_media":0,"comment_status":"open","ping_status":"closed","sticky":false,"template":"","format":"standard","meta":{"_acf_changed":false,"footnotes":""},"categories":[22],"tags":[6830,6938,2650,4591],"class_list":["post-278692","post","type-post","status-publish","format-standard","hentry","category-zubehor","tag-laifen","tag-rasierer","tag-usb-c","tag-zubehoer"],"acf":[],"aioseo_notices":[],"featured_image":["https:\/\/images.ifun.de\/wp-content\/uploads\/2025\/09\/laifen-mac-rasierer-feature.jpg"],"subheadline":["Wenn Apple Rasierer bauen w\u00fcrde"],"rest_api_enabler":{"featured_image":"https:\/\/images.ifun.de\/wp-content\/uploads\/2025\/09\/laifen-mac-rasierer-feature.jpg","subheadline":"Wenn Apple Rasierer bauen w\u00fcrde"},"_links":{"self":[{"href":"https:\/\/www.ifun.de\/apiv2\/wp\/v2\/posts\/278692","targetHints":{"allow":["GET"]}}],"collection":[{"href":"https:\/\/www.ifun.de\/apiv2\/wp\/v2\/posts"}],"about":[{"href":"https:\/\/www.ifun.de\/apiv2\/wp\/v2\/types\/post"}],"author":[{"embeddable":true,"href":"https:\/\/www.ifun.de\/apiv2\/wp\/v2\/users\/1"}],"replies":[{"embeddable":true,"href":"https:\/\/www.ifun.de\/apiv2\/wp\/v2\/comments?post=278692"}],"version-history":[{"count":2,"href":"https:\/\/www.ifun.de\/apiv2\/wp\/v2\/posts\/278692\/revisions"}],"predecessor-version":[{"id":278696,"href":"https:\/\/www.ifun.de\/apiv2\/wp\/v2\/posts\/278692\/revisions\/278696"}],"wp:attachment":[{"href":"https:\/\/www.ifun.de\/apiv2\/wp\/v2\/media?parent=278692"}],"wp:term":[{"taxonomy":"category","embeddable":true,"href":"https:\/\/www.ifun.de\/apiv2\/wp\/v2\/categories?post=278692"},{"taxonomy":"post_tag","embeddable":true,"href":"https:\/\/www.ifun.de\/apiv2\/wp\/v2\/tags?post=278692"}],"curies":[{"name":"wp","href":"https:\/\/api.w.org\/{rel}","templated":true}]}}