{"id":278668,"date":"2026-04-27T12:19:31","date_gmt":"2026-04-27T10:19:31","guid":{"rendered":"https:\/\/www.ifun.de\/?p=278668"},"modified":"2026-04-27T12:19:31","modified_gmt":"2026-04-27T10:19:31","slug":"apple-verknuepft-chefwechsel-mit-start-in-neue-produktkategorie","status":"publish","type":"post","link":"https:\/\/www.ifun.de\/apple-verknuepft-chefwechsel-mit-start-in-neue-produktkategorie-278668\/","title":{"rendered":"Apple verkn\u00fcpft Chefwechsel mit Start in neue Produktkategorie"},"content":{"rendered":"<p>Schon als der Apple-Chef Tim Cook vor einer Woche angek\u00fcndigt hat, dass er den Staffelstab im September an John Ternus weitergeben wird, haben wir darauf <a href=\"https:\/\/www.iphone-ticker.de\/iphone-18-buehnenpremiere-fuer-den-neuen-apple-chef-276561\/\" title=\"iPhone 18: B\u00fchnenpremiere f\u00fcr den neuen Apple-Chef\">hingewiesen<\/a>, dass dieser Termin sicher mit Bedacht gew\u00e4hlt wurde. Beim Wirtschaftsnachrichtendienst <a href=\"https:\/\/www.bloomberg.com\/account\/newsletters\/power-on\">Bloomberg<\/a> finden sich nun weitere Details dazu. Apple will im September mit einer klappbaren Variante des iPhones in eine neue Produktkategorie vorsto\u00dfen und der dann neue Unternehmenschef soll in diesem Zusammenhang eine sichtbare Rolle als neuer Unternehmenschef \u00fcbernehmen und langfristig mit dem von Apple erhofften Erfolg verkn\u00fcpft werden.<\/p>\n<p><a href=\"https:\/\/images.ifun.de\/wp-content\/uploads\/2024\/05\/john-ternus-event.jpg\"><img loading=\"lazy\" decoding=\"async\" src=\"https:\/\/images.ifun.de\/wp-content\/uploads\/2024\/05\/john-ternus-event-700x395.jpg\" alt=\"John Ternus Event\" width=\"700\" height=\"395\" class=\"alignnone size-large wp-image-232344\" srcset=\"https:\/\/images.ifun.de\/wp-content\/uploads\/2024\/05\/john-ternus-event-700x395.jpg 700w, https:\/\/images.ifun.de\/wp-content\/uploads\/2024\/05\/john-ternus-event-500x282.jpg 500w, https:\/\/images.ifun.de\/wp-content\/uploads\/2024\/05\/john-ternus-event-768x433.jpg 768w, https:\/\/images.ifun.de\/wp-content\/uploads\/2024\/05\/john-ternus-event-1536x866.jpg 1536w, https:\/\/images.ifun.de\/wp-content\/uploads\/2024\/05\/john-ternus-event.jpg 1591w\" sizes=\"auto, (max-width: 700px) 100vw, 700px\" \/><\/a><\/p>\n<h6>Ternus in einem Event-Video von Apple<\/h6>\n<h2>Neue Produktkategorie zum Einstand<\/h2>\n<p>Bloomberg beruft sich dabei auf Quellen innerhalb des Unternehmens, denen zufolge das faltbare iPhone zu den wichtigsten Produktentwicklungen der vergangenen Jahre z\u00e4hlt. Es wird erwartet, dass sich das Ger\u00e4t durch eine hohe Verarbeitungsqualit\u00e4t von der Konkurrenz absetzt, die schon mehrere Jahre auf diesem Markt aktiv ist. So soll Apple besonderen Wert auf Stabilit\u00e4t, Rechenleistung und eine m\u00f6glichst unauff\u00e4llige Displayfalte legen. Auch das Format, das <a href=\"https:\/\/www.iphone-ticker.de\/apples-falt-iphone-im-detail-wir-haben-cad-zeichnungen-bekommen-270043\/\" title=\"iPhone Fold Abmessungen\">im aufgeklappten Zustand an das iPad mini erinnert<\/a>, gilt innerhalb des Unternehmens als zentrales Verkaufsargument.<\/p>\n<p>John Ternus verantwortete bislang die Hardware-Entwicklung bei Apple und war unter anderem ma\u00dfgeblich an der Weiterentwicklung des iPad-Portfolios beteiligt. Er gilt als Vertreter eines technisch gepr\u00e4gten F\u00fchrungsstils, bei dem Zuverl\u00e4ssigkeit, Leistung und Energieeffizienz im Mittelpunkt stehen.<\/p>\n<h2>Weihnachtsquartal als Erfolgsmesser<\/h2>\n<p>Der Termin Anfang September hat auch wirtschaftliche Bedeutung. Im Anschluss an den F\u00fchrungswechsel und die iPhone-Vorstellung steht mit dem Weihnachtsquartal der wichtigste Zeitraum im Apple-Gesch\u00e4ftsjahr an. Marktbeobachter erwarten in diesem Jahr nicht nur die hier ohnehin stets sehr hohen Ums\u00e4tze, sondern gehen davon aus, dass der Konzern seine bisherigen H\u00f6chstwerte \u00fcbertreffen kann.<img loading=\"lazy\" decoding=\"async\" src=\"https:\/\/vg07.met.vgwort.de\/na\/18f04583dca04141a74d25549283911e\" width=\"1\" height=\"1\" no-lazy class=\"tracking\"><\/p>\n","protected":false},"excerpt":{"rendered":"<a href=\"https:\/\/www.ifun.de\/apple-verknuepft-chefwechsel-mit-start-in-neue-produktkategorie-278668\/\"><img decoding=\"async\" width=\"150\" src=\"https:\/\/images.ifun.de\/wp-content\/uploads\/2024\/05\/john-ternus-event-700x395.jpg\" class=\"alignright wp-post-image tfe\" alt=\"John Ternus Event\" title=\"\" \/><\/a><p>Schon als der Apple-Chef Tim Cook vor einer Woche angek\u00fcndigt hat, dass er den Staffelstab im September an John Ternus weitergeben wird, haben wir darauf hingewiesen, dass dieser Termin sicher mit Bedacht gew\u00e4hlt wurde. Beim Wirtschaftsnachrichtendienst Bloomberg finden sich nun weitere Details dazu. Apple will im September mit einer klappbaren Variante des iPhones in eine [&hellip;]<\/p>\n","protected":false},"author":2,"featured_media":0,"comment_status":"open","ping_status":"closed","sticky":false,"template":"","format":"standard","meta":{"_acf_changed":false,"footnotes":""},"categories":[3],"tags":[4736,5338,614],"class_list":["post-278668","post","type-post","status-publish","format-standard","hentry","category-apple","tag-apple","tag-john-ternus","tag-tim-cook"],"acf":[],"aioseo_notices":[],"featured_image":["https:\/\/images.ifun.de\/wp-content\/uploads\/2026\/01\/john-ternus-feature-1.jpg"],"subheadline":["Ternus soll bleibenden Eindruck hinterlassen"],"rest_api_enabler":{"featured_image":"https:\/\/images.ifun.de\/wp-content\/uploads\/2026\/01\/john-ternus-feature-1.jpg","subheadline":"Ternus soll bleibenden Eindruck hinterlassen"},"_links":{"self":[{"href":"https:\/\/www.ifun.de\/apiv2\/wp\/v2\/posts\/278668","targetHints":{"allow":["GET"]}}],"collection":[{"href":"https:\/\/www.ifun.de\/apiv2\/wp\/v2\/posts"}],"about":[{"href":"https:\/\/www.ifun.de\/apiv2\/wp\/v2\/types\/post"}],"author":[{"embeddable":true,"href":"https:\/\/www.ifun.de\/apiv2\/wp\/v2\/users\/2"}],"replies":[{"embeddable":true,"href":"https:\/\/www.ifun.de\/apiv2\/wp\/v2\/comments?post=278668"}],"version-history":[{"count":3,"href":"https:\/\/www.ifun.de\/apiv2\/wp\/v2\/posts\/278668\/revisions"}],"predecessor-version":[{"id":278672,"href":"https:\/\/www.ifun.de\/apiv2\/wp\/v2\/posts\/278668\/revisions\/278672"}],"wp:attachment":[{"href":"https:\/\/www.ifun.de\/apiv2\/wp\/v2\/media?parent=278668"}],"wp:term":[{"taxonomy":"category","embeddable":true,"href":"https:\/\/www.ifun.de\/apiv2\/wp\/v2\/categories?post=278668"},{"taxonomy":"post_tag","embeddable":true,"href":"https:\/\/www.ifun.de\/apiv2\/wp\/v2\/tags?post=278668"}],"curies":[{"name":"wp","href":"https:\/\/api.w.org\/{rel}","templated":true}]}}