{"id":27859,"date":"2012-07-27T09:58:39","date_gmt":"2012-07-27T07:58:39","guid":{"rendered":"http:\/\/www.ifun.de\/?p=27859"},"modified":"2012-07-27T09:59:21","modified_gmt":"2012-07-27T07:59:21","slug":"ipad-prototyp-ipod-fotos","status":"publish","type":"post","link":"https:\/\/www.ifun.de\/ipad-prototyp-ipod-fotos-27859\/","title":{"rendered":"Alte Entw\u00fcrfe: Sollte das iPad urspr\u00fcnglich &#8222;iPod&#8220; hei\u00dfen?"},"content":{"rendered":"<p>Ihr erinnert euch an die k\u00fcrzlich im Rahmen der juristischen Streitigkeiten zwischen Apple und Samsung aufgetauchten Bilder von <a href=\"http:\/\/www.ifun.de\/ipad-protoyp-035-fotos-27557\/\">iPad-Prototypen<\/a>? Die US-Webseite <a href=\"http:\/\/www.theverge.com\">The Verge<\/a> hat neben diversen alten <a href=\"http:\/\/www.iphone-ticker.de\/iphone-prototyp-fotos-36441\/\">iPhone-Vorl\u00e4ufern<\/a> auch weitere, bisher nicht bekannte iPad-Prototypen aufgest\u00f6bert.<\/p>\n<p><img loading=\"lazy\" decoding=\"async\" src=\"http:\/\/images.ifun.de\/wp-content\/uploads\/2012\/07\/ipad-prototypen.jpg\" alt=\"\" title=\"ipad-prototypen\" width=\"464\" height=\"149\" class=\"alignnone size-full wp-image-27860\" srcset=\"https:\/\/images.ifun.de\/wp-content\/uploads\/2012\/07\/ipad-prototypen.jpg 464w, https:\/\/images.ifun.de\/wp-content\/uploads\/2012\/07\/ipad-prototypen-300x96.jpg 300w\" sizes=\"auto, (max-width: 464px) 100vw, 464px\" \/><\/p>\n<p>Auff\u00e4llig ist hier, dass Apple offenbar mit dem Gedanken gespielt hat, das Tablet unter der Bezeichnung \u201eiPod\u201c auf den Markt zu bringen. Auf einer der Aufnahmen ist die R\u00fcckseite eines Ger\u00e4ts mit entsprechender Beschriftung klar erkennbar.<\/p>\n<p>Ebenfalls interessant: Apple hat dar\u00fcber nachgedacht, einen St\u00e4nder f\u00fcr das Tablet zu integrieren. Das \u201eiPod-Modell\u201c zeigt eine Aussparung, die wohl f\u00fcr einen integrierten Klappst\u00e4nder vorgesehen war, ein anderer Prototyp ist mit einem Standfu\u00df auf der R\u00fcckseite abgebildet. <a href=\"http:\/\/www.theverge.com\/2012\/7\/26\/3191999\/apple-ipad-prototype-pictures\">Hier geht&#8217;s zur Galerieseite mit allen neuen Fotos<\/a>.<\/p>\n","protected":false},"excerpt":{"rendered":"<a href=\"https:\/\/www.ifun.de\/ipad-prototyp-ipod-fotos-27859\/\"><img width=\"150\" height=\"48\" src=\"https:\/\/images.ifun.de\/wp-content\/uploads\/2012\/07\/ipad-prototypen.jpg\" class=\"alignright tfe wp-post-image\" alt=\"\" decoding=\"async\" loading=\"lazy\" srcset=\"https:\/\/images.ifun.de\/wp-content\/uploads\/2012\/07\/ipad-prototypen.jpg 464w, https:\/\/images.ifun.de\/wp-content\/uploads\/2012\/07\/ipad-prototypen-300x96.jpg 300w\" sizes=\"auto, (max-width: 150px) 100vw, 150px\" \/><\/a><p>Ihr erinnert euch an die k\u00fcrzlich im Rahmen der juristischen Streitigkeiten zwischen Apple und Samsung aufgetauchten Bilder von iPad-Prototypen? Die US-Webseite The Verge hat neben diversen alten iPhone-Vorl\u00e4ufern auch weitere, bisher nicht bekannte iPad-Prototypen aufgest\u00f6bert. Auff\u00e4llig ist hier, dass Apple offenbar mit dem Gedanken gespielt hat, das Tablet unter der Bezeichnung \u201eiPod\u201c auf den Markt [&hellip;]<\/p>\n","protected":false},"author":2,"featured_media":27860,"comment_status":"open","ping_status":"closed","sticky":false,"template":"","format":"standard","meta":{"_acf_changed":false,"footnotes":""},"categories":[10],"tags":[100,4740,4742,588,249],"class_list":["post-27859","post","type-post","status-publish","format-standard","has-post-thumbnail","hentry","category-ipad","tag-foto","tag-ipad","tag-ipod","tag-prototyp","tag-stander"],"acf":[],"aioseo_notices":[],"rest_api_enabler":[],"_links":{"self":[{"href":"https:\/\/www.ifun.de\/apiv2\/wp\/v2\/posts\/27859","targetHints":{"allow":["GET"]}}],"collection":[{"href":"https:\/\/www.ifun.de\/apiv2\/wp\/v2\/posts"}],"about":[{"href":"https:\/\/www.ifun.de\/apiv2\/wp\/v2\/types\/post"}],"author":[{"embeddable":true,"href":"https:\/\/www.ifun.de\/apiv2\/wp\/v2\/users\/2"}],"replies":[{"embeddable":true,"href":"https:\/\/www.ifun.de\/apiv2\/wp\/v2\/comments?post=27859"}],"version-history":[{"count":4,"href":"https:\/\/www.ifun.de\/apiv2\/wp\/v2\/posts\/27859\/revisions"}],"predecessor-version":[{"id":27864,"href":"https:\/\/www.ifun.de\/apiv2\/wp\/v2\/posts\/27859\/revisions\/27864"}],"wp:featuredmedia":[{"embeddable":true,"href":"https:\/\/www.ifun.de\/apiv2\/wp\/v2\/media\/27860"}],"wp:attachment":[{"href":"https:\/\/www.ifun.de\/apiv2\/wp\/v2\/media?parent=27859"}],"wp:term":[{"taxonomy":"category","embeddable":true,"href":"https:\/\/www.ifun.de\/apiv2\/wp\/v2\/categories?post=27859"},{"taxonomy":"post_tag","embeddable":true,"href":"https:\/\/www.ifun.de\/apiv2\/wp\/v2\/tags?post=27859"}],"curies":[{"name":"wp","href":"https:\/\/api.w.org\/{rel}","templated":true}]}}