{"id":276372,"date":"2026-03-17T14:41:23","date_gmt":"2026-03-17T13:41:23","guid":{"rendered":"https:\/\/www.ifun.de\/?p=276372"},"modified":"2026-03-17T15:02:40","modified_gmt":"2026-03-17T14:02:40","slug":"parallels-bestaetigt-kompatibilitaet-mit-macbook-neo","status":"publish","type":"post","link":"https:\/\/www.ifun.de\/parallels-bestaetigt-kompatibilitaet-mit-macbook-neo-276372\/","title":{"rendered":"Parallels Desktop mit MacBook Neo kompatibel"},"content":{"rendered":"<p>Nachdem <a href=\"https:\/\/www.parallels.com\/de\/products\/desktop\/\">Parallels<\/a> zun\u00e4chst vor <a href=\"https:\/\/www.ifun.de\/macbook-neo-parallels-warnt-vor-moeglicher-einschraenkung-275685\/\" title=\"MacBook Neo: Parallels warnt vor m\u00f6glicher Einschr\u00e4nkung\">m\u00f6glichen Einschr\u00e4nkungen<\/a> im Zusammenspiel mit dem MacBook Neo gewarnt hatte, gibt das Unternehmen nun Entwarnung. Das neueste Apple-Notebook und der darin verbaute Prozessor vom Typ A18 Pro werden von der Virtualisierungsl\u00f6sung offiziell unterst\u00fctzt. Parallels hat die Ergebnisse seiner zu Kompatibilit\u00e4t und Leistung durchgef\u00fchrten Testreihen in einem <a href=\"https:\/\/kb.parallels.com\/de\/131100\">Supportartikel<\/a> zusammengefasst.<\/p>\n<p>Parallels Desktop l\u00e4sst sich auf dem MacBook Neo ausf\u00fchren, obwohl Apple hier keinen Desktop-Prozessor der M-Serie verwendet. Die Installation von Windows ist mithilfe einer f\u00fcr diesen Prozessortyp angepassten <a href=\"https:\/\/kb.parallels.com\/en\/128914\">Arm-Version von Windows 11<\/a> in einer virtuellen Umgebung m\u00f6glich. Auf diese Weise lassen sich die meisten klassischen Windows-Programme betreiben, obwohl sie urspr\u00fcnglich meist f\u00fcr x86-Prozessoren entwickelt wurden.<\/p>\n<p><a href=\"https:\/\/images.ifun.de\/wp-content\/uploads\/2026\/03\/parallels-26-systemvorausssetzungen.png\"><img loading=\"lazy\" decoding=\"async\" src=\"https:\/\/images.ifun.de\/wp-content\/uploads\/2026\/03\/parallels-26-systemvorausssetzungen-700x481.png\" alt=\"Parallels 26 Systemvorausssetzungen\" width=\"700\" height=\"481\" class=\"alignnone size-large wp-image-276375\" srcset=\"https:\/\/images.ifun.de\/wp-content\/uploads\/2026\/03\/parallels-26-systemvorausssetzungen-700x481.png 700w, https:\/\/images.ifun.de\/wp-content\/uploads\/2026\/03\/parallels-26-systemvorausssetzungen-500x343.png 500w, https:\/\/images.ifun.de\/wp-content\/uploads\/2026\/03\/parallels-26-systemvorausssetzungen-768x527.png 768w, https:\/\/images.ifun.de\/wp-content\/uploads\/2026\/03\/parallels-26-systemvorausssetzungen.png 1400w\" sizes=\"auto, (max-width: 700px) 100vw, 700px\" \/><\/a><\/p>\n<p>F\u00fcr allt\u00e4gliche Aufgaben wie B\u00fcroarbeit, E-Mail, Kalender oder browserbasierte Anwendungen ist die Kombination aus MacBook Neo und Parallels Desktop den Parallels-Entwicklern zufolge gut geeignet. Auch einfache Entwicklungs- oder Testumgebungen sowie g\u00e4ngige Unternehmenssoftware k\u00f6nnten problemlos genutzt werden.<\/p>\n<h2>Einschr\u00e4nkungen bei anspruchsvollen Anwendungen<\/h2>\n<p>Bei anspruchsvolleren Anwendungen zeigen sich laut den Testergebnissen jedoch Einschr\u00e4nkungen. Programme aus den Bereichen CAD und 3D-Rendering oder grafikintensive Windows-Software w\u00fcrde man f\u00fcr diese Konfiguration nicht empfehlen. Auch Anwendungen, die stark auf mehrere Prozessorkerne setzen, laufen deutlich langsamer.<\/p>\n<p>Das sollte nicht \u00fcberraschen. So ist das MacBook Neo mit seinen sechs Prozessorkernen und acht Gigabyte gemeinsam genutztem Arbeitsspeicher f\u00fcr solche Anwendungen nicht gerade \u00fcppig ausgestattet. Zudem arbeitet das Ger\u00e4t ohne aktive K\u00fchlung. Bei l\u00e4nger anhaltender hoher Belastung kann der Prozessor seine Taktfrequenz reduzieren, um die Temperaturgrenzen einzuhalten.<\/p>\n<p><a href=\"https:\/\/images.ifun.de\/wp-content\/uploads\/2026\/03\/parallels-desktop-mac-2026.jpg\"><img loading=\"lazy\" decoding=\"async\" src=\"https:\/\/images.ifun.de\/wp-content\/uploads\/2026\/03\/parallels-desktop-mac-2026-700x509.jpg\" alt=\"Parallels Desktop Mac 2026\" width=\"700\" height=\"509\" class=\"alignnone size-large wp-image-276374\" srcset=\"https:\/\/images.ifun.de\/wp-content\/uploads\/2026\/03\/parallels-desktop-mac-2026-700x509.jpg 700w, https:\/\/images.ifun.de\/wp-content\/uploads\/2026\/03\/parallels-desktop-mac-2026-500x364.jpg 500w, https:\/\/images.ifun.de\/wp-content\/uploads\/2026\/03\/parallels-desktop-mac-2026-768x559.jpg 768w, https:\/\/images.ifun.de\/wp-content\/uploads\/2026\/03\/parallels-desktop-mac-2026-1536x1118.jpg 1536w, https:\/\/images.ifun.de\/wp-content\/uploads\/2026\/03\/parallels-desktop-mac-2026.jpg 1924w\" sizes=\"auto, (max-width: 700px) 100vw, 700px\" \/><\/a><\/p>\n<h2>Vergleich mit einem Windows-Notebook<\/h2>\n<p>Parallels hat das MacBook Neo im Rahmen seiner Tests mit einem Windows-Notebook von Dell verglichen, das einen Intel-Core-Ultra-Prozessor und 16 Gigabyte Arbeitsspeicher nutzt. Die Einzelkernleistung von Windows lag dabei auf dem MacBook Neo rund 20 Prozent h\u00f6her als auf dem Vergleichsger\u00e4t.<\/p>\n<p>Bei typischen B\u00fcroanwendungen liege die Gesamtleistung jedoch rund 20 Prozent unter der eines Dell-Notebooks, auf dem Windows nativ l\u00e4uft. In der Praxis bleibe das System dennoch reaktionsf\u00e4hig. Deutlicher fallen die Unterschiede bei parallelen Rechenaufgaben und Grafiktests aus. Die Mehrkernleistung lag laut den Messungen rund 40 Prozent unter der des Vergleichssystems, die Grafikleistung etwa 50 Prozent.<\/p>\n<h2>Arbeitsspeicher als entscheidender Faktor<\/h2>\n<p>Parallels empfiehlt f\u00fcr den Betrieb von macOS und Windows gleichzeitig mindestens acht Gigabyte Arbeitsspeicher. Diese Ausstattung stelle jedoch die untere Grenze dar. F\u00fcr fl\u00fcssigeres Arbeiten seien 16 Gigabyte oder mehr sinnvoll.<\/p>\n<p>Wer regelm\u00e4\u00dfig anspruchsvolle Windows-Programme nutzt, sollte daher eher zu leistungsst\u00e4rkeren Mac-Modellen greifen. Parallels empfiehlt Ger\u00e4te mit mindestens 16 Gigabyte gemeinsam genutztem Arbeitsspeicher.<img loading=\"lazy\" decoding=\"async\" src=\"https:\/\/vg01.met.vgwort.de\/na\/aad453310fe94b978035b3ff1180e00f\" width=\"1\" height=\"1\" no-lazy class=\"tracking\"><\/p>\n","protected":false},"excerpt":{"rendered":"<a href=\"https:\/\/www.ifun.de\/parallels-bestaetigt-kompatibilitaet-mit-macbook-neo-276372\/\"><img width=\"150\" height=\"150\" src=\"https:\/\/images.ifun.de\/wp-content\/uploads\/2026\/03\/parallels-26-systemvorausssetzungen-150x150.png\" class=\"alignright tfe wp-post-image\" alt=\"Parallels 26 Systemvorausssetzungen\" decoding=\"async\" loading=\"lazy\" \/><\/a><p>Nachdem Parallels zun\u00e4chst vor m\u00f6glichen Einschr\u00e4nkungen im Zusammenspiel mit dem MacBook Neo gewarnt hatte, gibt das Unternehmen nun Entwarnung. Das neueste Apple-Notebook und der darin verbaute Prozessor vom Typ A18 Pro werden von der Virtualisierungsl\u00f6sung offiziell unterst\u00fctzt. Parallels hat die Ergebnisse seiner zu Kompatibilit\u00e4t und Leistung durchgef\u00fchrten Testreihen in einem Supportartikel zusammengefasst. Parallels Desktop l\u00e4sst [&hellip;]<\/p>\n","protected":false},"author":2,"featured_media":276375,"comment_status":"open","ping_status":"closed","sticky":false,"template":"","format":"standard","meta":{"_acf_changed":false,"footnotes":""},"categories":[1],"tags":[7102,3005,6324],"class_list":["post-276372","post","type-post","status-publish","format-standard","has-post-thumbnail","hentry","category-news","tag-macbook-neo","tag-parallels-desktop","tag-windows"],"acf":[],"aioseo_notices":[],"featured_image":["https:\/\/images.ifun.de\/wp-content\/uploads\/2025\/08\/parallels-desktop-feature.jpg"],"subheadline":["Einschr\u00e4nkungen bei anspruchsvollen Anwendungen"],"rest_api_enabler":{"featured_image":"https:\/\/images.ifun.de\/wp-content\/uploads\/2025\/08\/parallels-desktop-feature.jpg","subheadline":"Einschr\u00e4nkungen bei anspruchsvollen Anwendungen"},"_links":{"self":[{"href":"https:\/\/www.ifun.de\/apiv2\/wp\/v2\/posts\/276372","targetHints":{"allow":["GET"]}}],"collection":[{"href":"https:\/\/www.ifun.de\/apiv2\/wp\/v2\/posts"}],"about":[{"href":"https:\/\/www.ifun.de\/apiv2\/wp\/v2\/types\/post"}],"author":[{"embeddable":true,"href":"https:\/\/www.ifun.de\/apiv2\/wp\/v2\/users\/2"}],"replies":[{"embeddable":true,"href":"https:\/\/www.ifun.de\/apiv2\/wp\/v2\/comments?post=276372"}],"version-history":[{"count":4,"href":"https:\/\/www.ifun.de\/apiv2\/wp\/v2\/posts\/276372\/revisions"}],"predecessor-version":[{"id":276381,"href":"https:\/\/www.ifun.de\/apiv2\/wp\/v2\/posts\/276372\/revisions\/276381"}],"wp:featuredmedia":[{"embeddable":true,"href":"https:\/\/www.ifun.de\/apiv2\/wp\/v2\/media\/276375"}],"wp:attachment":[{"href":"https:\/\/www.ifun.de\/apiv2\/wp\/v2\/media?parent=276372"}],"wp:term":[{"taxonomy":"category","embeddable":true,"href":"https:\/\/www.ifun.de\/apiv2\/wp\/v2\/categories?post=276372"},{"taxonomy":"post_tag","embeddable":true,"href":"https:\/\/www.ifun.de\/apiv2\/wp\/v2\/tags?post=276372"}],"curies":[{"name":"wp","href":"https:\/\/api.w.org\/{rel}","templated":true}]}}