{"id":276128,"date":"2026-03-12T14:55:37","date_gmt":"2026-03-12T13:55:37","guid":{"rendered":"https:\/\/www.ifun.de\/?p=276128"},"modified":"2026-03-12T14:57:32","modified_gmt":"2026-03-12T13:57:32","slug":"apple-kuendigt-jubilaeumsaktionen-zum-50-geburtstag-an","status":"publish","type":"post","link":"https:\/\/www.ifun.de\/apple-kuendigt-jubilaeumsaktionen-zum-50-geburtstag-an-276128\/","title":{"rendered":"Apple k\u00fcndigt Jubil\u00e4umsaktionen zum 50. Geburtstag an"},"content":{"rendered":"<p>Inzwischen <a href=\"https:\/\/www.ifun.de\/50-jahre-apple-ehemalige-mitarbeiter-blicken-zurueck-276093\/\">wird es sich herumgesprochen haben<\/a>: Apple wird in diesem Jahr 50 Jahre alt. Aus Anlass des runden Jubil\u00e4ums hat das <a href=\"https:\/\/www.apple.com\/newsroom\/2026\/03\/apple-to-celebrate-50-years-of-thinking-different\">Unternehmen heute angek\u00fcndigt<\/a>, in den kommenden Wochen verschiedene Aktionen und Beitr\u00e4ge zu ver\u00f6ffentlichen, die sich mit der eigenen Geschichte und der Entwicklung seiner Produkte besch\u00e4ftigen.<\/p>\n<p>Der Jahrestag f\u00e4llt auf den 1. April und erinnert an die Gr\u00fcndung des Unternehmens im Jahr 1976.<\/p>\n<blockquote class=\"twitter-tweet\" data-conversation=\"none\" data-cards=\"hidden\">\n<p lang=\"en\" dir=\"ltr\">April 1st marks 50 years of Apple. Thank you to everyone who\u2019s been a part of our journey. <a href=\"https:\/\/t.co\/ZeB68ok859\">https:\/\/t.co\/ZeB68ok859<\/a><a href=\"https:\/\/twitter.com\/hashtag\/Apple50\">#Apple50<\/a> <a href=\"https:\/\/t.co\/7cXA0rnM9X\">pic.twitter.com\/7cXA0rnM9X<\/a><\/p>\n<p>&mdash; Tim Cook (@tim_cook) <a href=\"https:\/\/twitter.com\/tim_cook\/status\/2032079194923155547\">March 12, 2026<\/a><\/p><\/blockquote>\n<p> <script async src=\"https:\/\/platform.twitter.com\/widgets.js\" charset=\"utf-8\"><\/script><\/p>\n<p>Apple nutzt das Jubil\u00e4um, um auf f\u00fcnf Jahrzehnte technologischer Entwicklung zur\u00fcckzublicken. In dieser Zeit hat sich das Unternehmen vom Hersteller fr\u00fcher Heimcomputer zu einem Anbieter von Smartphones, Computern, Wearables und digitalen Diensten entwickelt. Ger\u00e4te wie das iPhone, das iPad oder die Apple Watch geh\u00f6ren heute ebenso zum Portfolio wie Kopfh\u00f6rer und die gro\u00dfe Mac-Familie. Parallel dazu hat Apple mit Diensten wie dem App Store, Apple Music, Apple Pay oder iCloud ein eigenes \u00d6kosystem aufgebaut.<\/p>\n<h2>Tim Cook verfasst offenen Brief<\/h2>\n<p>Zum Jubil\u00e4um hat Apple-Chef Tim Cook <a href=\"https:\/\/www.apple.com\/50-years-of-thinking-different\/\">einen offenen Brief ver\u00f6ffentlicht<\/a>. Darin erinnert er an die Anf\u00e4nge des Unternehmens und beschreibt die urspr\u00fcngliche Idee, Computer zu einem pers\u00f6nlichen Werkzeug zu machen. Diese Vorstellung sei in den 1970er Jahren ungew\u00f6hnlich gewesen, habe jedoch die weitere Entwicklung der Branche mit gepr\u00e4gt.<\/p>\n<p><a href=\"https:\/\/images.ifun.de\/wp-content\/uploads\/2026\/03\/tim-cook-offener-brief-scaled.jpg\"><img loading=\"lazy\" decoding=\"async\" src=\"https:\/\/images.ifun.de\/wp-content\/uploads\/2026\/03\/tim-cook-offener-brief-700x700.jpg\" alt=\"Tim Cook Offener Brief\" width=\"700\" height=\"700\" class=\"aligncenter size-large wp-image-276133\" srcset=\"https:\/\/images.ifun.de\/wp-content\/uploads\/2026\/03\/tim-cook-offener-brief-700x700.jpg 700w, https:\/\/images.ifun.de\/wp-content\/uploads\/2026\/03\/tim-cook-offener-brief-500x500.jpg 500w, https:\/\/images.ifun.de\/wp-content\/uploads\/2026\/03\/tim-cook-offener-brief-150x150.jpg 150w, https:\/\/images.ifun.de\/wp-content\/uploads\/2026\/03\/tim-cook-offener-brief-768x768.jpg 768w, https:\/\/images.ifun.de\/wp-content\/uploads\/2026\/03\/tim-cook-offener-brief-1536x1536.jpg 1536w, https:\/\/images.ifun.de\/wp-content\/uploads\/2026\/03\/tim-cook-offener-brief-2048x2048.jpg 2048w\" sizes=\"auto, (max-width: 700px) 100vw, 700px\" \/><\/a><\/p>\n<p>In seinem Schreiben richtet Cook den Fokus vor allem auf die Menschen, die Apples Ger\u00e4te und Plattformen nutzen. Viele Anwendungen entst\u00fcnden erst durch die Kreativit\u00e4t der Nutzer, die mit den Ger\u00e4ten arbeiten, lernen oder eigene Projekte umsetzen. Der Brief w\u00fcrdigt au\u00dferdem Entwickler, Mitarbeiter und Partner, die zur Entwicklung der Produkte beigetragen haben.<\/p>\n<h2>R\u00fcckblick und Ausblick auf kommende Entwicklungen<\/h2>\n<p>Im Rahmen der Jubil\u00e4umsaktivit\u00e4ten will Apple sowohl die eigene Geschichte als auch aktuelle Entwicklungen in den Fokus r\u00fccken. Dabei geht es unter anderem um neue Softwarefunktionen rund um Apple Intelligence sowie um zuk\u00fcnftige Hardware und Dienste.<\/p>\n<p>Zugleich verweist das Unternehmen auf langfristige Themen wie Datenschutz, Barrierefreiheit und Umweltaspekte, die weiterhin eine Rolle bei der Entwicklung neuer Produkte spielen sollen. Das 50-j\u00e4hrige Bestehen dient Apple damit als Anlass f\u00fcr einen R\u00fcckblick auf die Unternehmensgeschichte und f\u00fcr einen Ausblick auf kommende Projekte.<\/p>\n<p><img loading=\"lazy\" decoding=\"async\" src=\"https:\/\/vg07.met.vgwort.de\/na\/8b72347ab65b4bb68fcae706f76bcbe8\" width=\"1\" height=\"1\"  no-lazy class=\"tracking\"><\/p>\n","protected":false},"excerpt":{"rendered":"<a href=\"https:\/\/www.ifun.de\/apple-kuendigt-jubilaeumsaktionen-zum-50-geburtstag-an-276128\/\"><img width=\"150\" height=\"150\" src=\"https:\/\/images.ifun.de\/wp-content\/uploads\/2026\/03\/50-years-think-different-feature-150x150.jpg\" class=\"alignright tfe wp-post-image\" alt=\"50 Years Think Different Feature\" decoding=\"async\" loading=\"lazy\" \/><\/a><p>Inzwischen wird es sich herumgesprochen haben: Apple wird in diesem Jahr 50 Jahre alt. Aus Anlass des runden Jubil\u00e4ums hat das Unternehmen heute angek\u00fcndigt, in den kommenden Wochen verschiedene Aktionen und Beitr\u00e4ge zu ver\u00f6ffentlichen, die sich mit der eigenen Geschichte und der Entwicklung seiner Produkte besch\u00e4ftigen. Der Jahrestag f\u00e4llt auf den 1. April und erinnert [&hellip;]<\/p>\n","protected":false},"author":1,"featured_media":276129,"comment_status":"open","ping_status":"closed","sticky":false,"template":"","format":"standard","meta":{"_acf_changed":false,"footnotes":""},"categories":[3],"tags":[4736,709],"class_list":["post-276128","post","type-post","status-publish","format-standard","has-post-thumbnail","hentry","category-apple","tag-apple","tag-jubilaum"],"acf":[],"aioseo_notices":[],"featured_image":["https:\/\/images.ifun.de\/wp-content\/uploads\/2026\/03\/50-years-think-different-feature.jpg"],"subheadline":["Tim Cook verfasst offenen Brief"],"rest_api_enabler":{"featured_image":"https:\/\/images.ifun.de\/wp-content\/uploads\/2026\/03\/50-years-think-different-feature.jpg","subheadline":"Tim Cook verfasst offenen Brief"},"_links":{"self":[{"href":"https:\/\/www.ifun.de\/apiv2\/wp\/v2\/posts\/276128","targetHints":{"allow":["GET"]}}],"collection":[{"href":"https:\/\/www.ifun.de\/apiv2\/wp\/v2\/posts"}],"about":[{"href":"https:\/\/www.ifun.de\/apiv2\/wp\/v2\/types\/post"}],"author":[{"embeddable":true,"href":"https:\/\/www.ifun.de\/apiv2\/wp\/v2\/users\/1"}],"replies":[{"embeddable":true,"href":"https:\/\/www.ifun.de\/apiv2\/wp\/v2\/comments?post=276128"}],"version-history":[{"count":3,"href":"https:\/\/www.ifun.de\/apiv2\/wp\/v2\/posts\/276128\/revisions"}],"predecessor-version":[{"id":276135,"href":"https:\/\/www.ifun.de\/apiv2\/wp\/v2\/posts\/276128\/revisions\/276135"}],"wp:featuredmedia":[{"embeddable":true,"href":"https:\/\/www.ifun.de\/apiv2\/wp\/v2\/media\/276129"}],"wp:attachment":[{"href":"https:\/\/www.ifun.de\/apiv2\/wp\/v2\/media?parent=276128"}],"wp:term":[{"taxonomy":"category","embeddable":true,"href":"https:\/\/www.ifun.de\/apiv2\/wp\/v2\/categories?post=276128"},{"taxonomy":"post_tag","embeddable":true,"href":"https:\/\/www.ifun.de\/apiv2\/wp\/v2\/tags?post=276128"}],"curies":[{"name":"wp","href":"https:\/\/api.w.org\/{rel}","templated":true}]}}