{"id":276093,"date":"2026-03-12T08:55:58","date_gmt":"2026-03-12T07:55:58","guid":{"rendered":"https:\/\/www.ifun.de\/?p=276093"},"modified":"2026-03-19T06:33:33","modified_gmt":"2026-03-19T05:33:33","slug":"50-jahre-apple-ehemalige-mitarbeiter-blicken-zurueck","status":"publish","type":"post","link":"https:\/\/www.ifun.de\/50-jahre-apple-ehemalige-mitarbeiter-blicken-zurueck-276093\/","title":{"rendered":"50 Jahre Apple: Ehemalige Mitarbeiter blicken zur\u00fcck"},"content":{"rendered":"<p>Wir haben diese Woche bereits \u00fcber das anl\u00e4sslich des anstehenden Apple-Jubil\u00e4ums erschienene Buch \u201e<a href=\"https:\/\/www.ifun.de\/apple-the-first-50-years-erzaehlt-die-firmengeschichte-275929\/\" title=\"\u201eApple: The First 50 Years\u201c erz\u00e4hlt die Firmengeschichte\">Apple: The First 50 Years<\/a>\u201c berichtet. Am 1. April wird das Unternehmen ein halbes Jahrhundert alt. Das im kalifornischen Mountain View ans\u00e4ssige <a href=\"https:\/\/computerhistory.org\/\">Computer History Museum<\/a> hat aus diesem Anlass eine Reihe von Sonderveranstaltungen geplant.<\/p>\n<p>Den Auftakt hat eine Gespr\u00e4chsrunde mit fr\u00fcheren F\u00fchrungskr\u00e4ften und langj\u00e4hrigen Mitarbeitern von Apple gemacht, die verschiedene Phasen der Firmengeschichte mitgepr\u00e4gt haben. Die Veranstaltung wurde vom Autor des neuen Apple-Buchs David Pogue moderiert.<\/p>\n<h2>Willst du f\u00fcr immer Zuckerwasser verkaufen?<\/h2>\n<p>Gespr\u00e4chspartner waren unter anderem der zeitweise als Apple-Chef t\u00e4tige, ehemalige Pepsi-Manager John Sculley, der langj\u00e4hrige Mitarbeiter Chris Espinosa, Apples ehemaliger Hardware-Manager Jon Rubinstein und der fr\u00fchere Softwarechef Avie Tevanian. Zudem waren ein paar \u00dcberraschungsg\u00e4ste mit von der Partie, darunter der heute weitgehend unbekannte dritte Apple-Gr\u00fcnder Ron Wayne, der seine Anteile am Unternehmen, die heute Milliarden wert w\u00e4ren, nach nur zehn Tagen wieder abgegeben hat.<\/p>\n<p><div class=\"responsive-video\"><iframe src=\"https:\/\/www.iphone-ticker.de\/yt\/index.html?v=w8wt0LBCjXM&#038;t=530\" allow=\"autoplay; fullscreen; picture-in-picture; encrypted-media\" referrerpolicy=\"strict-origin-when-cross-origin\" allowfullscreen><\/iframe><\/div><\/p>\n<p>Die Aufzeichnung der Veranstaltung k\u00f6nnt ihr oben sehen. Wer sich f\u00fcr die Geschichte Apples interessiert, darf sich auf teils bislang kaum bekannte Hintergrundinformationen und ein paar nette Anekdoten freuen. Unter anderem best\u00e4tigt Sculley, dass Steve Jobs ihn tats\u00e4chlich mit den Worten \u201eWillst du f\u00fcr immer Zuckerwasser verkaufen?\u201c zu Apple geholt hat.<\/p>\n<h2>\u201eStadtf\u00fchrung\u201c zu alten Apple-Orten<\/h2>\n<p>Unten haben wir noch ein weiteres Video f\u00fcr euch angeh\u00e4ngt. Darin kann man mehrere Mitarbeiter aus den Anfangszeiten von Apple bei einem Rundgang durch Cupertino begleiten. Das Unternehmen konnte dem steigenden Platzbedarf in seinen ersten Jahren nur dadurch gerecht werden, dass B\u00fcros, Produktionsst\u00e4tten und Lagerfl\u00e4chen \u00fcber nahezu das gesamte Stadtgebiet verteilt wurden.<\/p>\n<p><div class=\"responsive-video\"><iframe src=\"https:\/\/www.iphone-ticker.de\/yt\/index.html?v=sbCVETsmtoM\" allow=\"autoplay; fullscreen; picture-in-picture; encrypted-media\" referrerpolicy=\"strict-origin-when-cross-origin\" allowfullscreen><\/iframe><\/div><br \/>\n<img loading=\"lazy\" decoding=\"async\" src=\"https:\/\/vg01.met.vgwort.de\/na\/0812f0bd766c4a36bac51eb4c3056e53\" width=\"1\" height=\"1\" no-lazy class=\"tracking\"><br \/>\n<h8>Titelbild: Computer History Museum<\/h8><\/p>\n","protected":false},"excerpt":{"rendered":"<a href=\"https:\/\/www.ifun.de\/50-jahre-apple-ehemalige-mitarbeiter-blicken-zurueck-276093\/\"><img width=\"150\" height=\"150\" src=\"https:\/\/images.ifun.de\/wp-content\/uploads\/2026\/03\/apple-50-bild-chm-feature-150x150.jpg\" class=\"alignright tfe wp-post-image\" alt=\"Apple 50 Bild Chm Feature\" decoding=\"async\" loading=\"lazy\" \/><\/a><p>Wir haben diese Woche bereits \u00fcber das anl\u00e4sslich des anstehenden Apple-Jubil\u00e4ums erschienene Buch \u201eApple: The First 50 Years\u201c berichtet. Am 1. April wird das Unternehmen ein halbes Jahrhundert alt. Das im kalifornischen Mountain View ans\u00e4ssige Computer History Museum hat aus diesem Anlass eine Reihe von Sonderveranstaltungen geplant. Den Auftakt hat eine Gespr\u00e4chsrunde mit fr\u00fcheren F\u00fchrungskr\u00e4ften [&hellip;]<\/p>\n","protected":false},"author":2,"featured_media":276096,"comment_status":"open","ping_status":"closed","sticky":false,"template":"","format":"standard","meta":{"_acf_changed":false,"footnotes":""},"categories":[3,1783],"tags":[4736,709],"class_list":["post-276093","post","type-post","status-publish","format-standard","has-post-thumbnail","hentry","category-apple","category-feature","tag-apple","tag-jubilaum"],"acf":[],"aioseo_notices":[],"featured_image":["https:\/\/images.ifun.de\/wp-content\/uploads\/2026\/03\/apple-50-bild-chm-feature.jpg"],"subheadline":["Gespr\u00e4chsrunde und Ortsbegehung"],"rest_api_enabler":{"featured_image":"https:\/\/images.ifun.de\/wp-content\/uploads\/2026\/03\/apple-50-bild-chm-feature.jpg","subheadline":"Gespr\u00e4chsrunde und Ortsbegehung"},"_links":{"self":[{"href":"https:\/\/www.ifun.de\/apiv2\/wp\/v2\/posts\/276093","targetHints":{"allow":["GET"]}}],"collection":[{"href":"https:\/\/www.ifun.de\/apiv2\/wp\/v2\/posts"}],"about":[{"href":"https:\/\/www.ifun.de\/apiv2\/wp\/v2\/types\/post"}],"author":[{"embeddable":true,"href":"https:\/\/www.ifun.de\/apiv2\/wp\/v2\/users\/2"}],"replies":[{"embeddable":true,"href":"https:\/\/www.ifun.de\/apiv2\/wp\/v2\/comments?post=276093"}],"version-history":[{"count":4,"href":"https:\/\/www.ifun.de\/apiv2\/wp\/v2\/posts\/276093\/revisions"}],"predecessor-version":[{"id":276099,"href":"https:\/\/www.ifun.de\/apiv2\/wp\/v2\/posts\/276093\/revisions\/276099"}],"wp:featuredmedia":[{"embeddable":true,"href":"https:\/\/www.ifun.de\/apiv2\/wp\/v2\/media\/276096"}],"wp:attachment":[{"href":"https:\/\/www.ifun.de\/apiv2\/wp\/v2\/media?parent=276093"}],"wp:term":[{"taxonomy":"category","embeddable":true,"href":"https:\/\/www.ifun.de\/apiv2\/wp\/v2\/categories?post=276093"},{"taxonomy":"post_tag","embeddable":true,"href":"https:\/\/www.ifun.de\/apiv2\/wp\/v2\/tags?post=276093"}],"curies":[{"name":"wp","href":"https:\/\/api.w.org\/{rel}","templated":true}]}}