{"id":276061,"date":"2026-03-11T14:26:21","date_gmt":"2026-03-11T13:26:21","guid":{"rendered":"https:\/\/www.ifun.de\/?p=276061"},"modified":"2026-03-17T20:01:58","modified_gmt":"2026-03-17T19:01:58","slug":"kurswechsel-bei-sonos-zurueck-zu-bewaehrter-qualitaet","status":"publish","type":"post","link":"https:\/\/www.ifun.de\/kurswechsel-bei-sonos-zurueck-zu-bewaehrter-qualitaet-276061\/","title":{"rendered":"Kurswechsel bei Sonos: Zur\u00fcck zu bew\u00e4hrter Qualit\u00e4t?"},"content":{"rendered":"<p>Mit den Modellen <a href=\"https:\/\/www.ifun.de\/sonos-play-und-sonos-era-100-sl-offiziell-vorgestellt-275944\/\" title=\"Sonos Play und Sonos Era 100 SL offiziell vorgestellt\">Play und Era 100 SL<\/a> hat Sonos nicht nur neue Lautsprecher vorgestellt, sondern will auch ein St\u00fcck weit zur Normalit\u00e4t zur\u00fcckkehren. In den letzten zwei Jahren ging es bei Sonos vor allem darum, die durch ein desastr\u00f6ses App-Update geschaffenen Probleme zu beseitigen und das Vertrauen seiner Kunden zur\u00fcckzugewinnen.<\/p>\n<p>Besonders hart waren (und sind zum Teil noch) die \u00e4ltesten und treuesten Kunden von Sonos von den hausgemachten Problemen betroffen. Insbesondere \u00e4ltere Lautsprechermodelle des Herstellers haben durch technische Umstellungen ihre Zuverl\u00e4ssigkeit verloren.<\/p>\n<p><a href=\"https:\/\/images.ifun.de\/wp-content\/uploads\/2026\/03\/tom-conrad-sonos.jpg\"><img loading=\"lazy\" decoding=\"async\" src=\"https:\/\/images.ifun.de\/wp-content\/uploads\/2026\/03\/tom-conrad-sonos-700x473.jpg\" alt=\"Tom Conrad Sonos\" width=\"700\" height=\"473\" class=\"alignnone size-large wp-image-276064\" srcset=\"https:\/\/images.ifun.de\/wp-content\/uploads\/2026\/03\/tom-conrad-sonos-700x473.jpg 700w, https:\/\/images.ifun.de\/wp-content\/uploads\/2026\/03\/tom-conrad-sonos-500x338.jpg 500w, https:\/\/images.ifun.de\/wp-content\/uploads\/2026\/03\/tom-conrad-sonos-768x519.jpg 768w, https:\/\/images.ifun.de\/wp-content\/uploads\/2026\/03\/tom-conrad-sonos.jpg 1400w\" sizes=\"auto, (max-width: 700px) 100vw, 700px\" \/><\/a><\/p>\n<p>Im Rahmen der Bem\u00fchungen, den angerichteten Schaden zu begrenzen, hat Sonos auch Teile seines F\u00fchrungsstabs ausgetauscht. Das Unternehmen wird jetzt von Tom Conrad geleitet. Die neuen Lautsprecher sind nicht nur die erste Neuvorstellung im Endkundensegment, seit Conrad \u00fcbernommen hat, sondern zugleich auch die ersten neuen Lautsprecher in diesem Bereich seit Beginn der Probleme rund um die neue App.<\/p>\n<h2>Streaming-Box wurde gestrichen<\/h2>\n<p>Unter der Leitung von Conrad wurde auch die Arbeit an einer Streaming-Box eingestellt, die Sonos als Konkurrenz zu Apple TV auf den Markt bringen wollte. Im <a href=\"https:\/\/www.bloomberg.com\/news\/features\/2026-03-10\/sonos-new-speaker-heralds-revival-under-ceo-tom-conrad-after-app-fiasco\">Interview<\/a> mit Bloomberg best\u00e4tigt der Unternehmenschef nicht nur, dass Sonos tats\u00e4chlich an diesem Produkt gearbeitet hat, es habe sogar schon einen geplanten Ver\u00f6ffentlichungstermin gegeben, jedoch nicht ausreichend Personal, um die Entwicklung rechtzeitig abzuschlie\u00dfen.<\/p>\n<p>K\u00fcnftig wolle man sich bei Sonos stattdessen wieder st\u00e4rker auf das Zusammenspiel der Ger\u00e4te konzentrieren. Die Softwareentwicklung soll dabei eine zentrale Rolle spielen, um Stabilit\u00e4t und Zuverl\u00e4ssigkeit zu verbessern. Laut Conrad hat Sonos im vergangenen Jahr rund 50 Softwareupdates ver\u00f6ffentlicht. Die Plattform laufe inzwischen stabiler, Probleme wie aus dem Netzwerk verschwindende Lautsprecher oder Verz\u00f6gerungen bei einfachen Befehlen seien deutlich seltener geworden.<img loading=\"lazy\" decoding=\"async\" src=\"https:\/\/vg09.met.vgwort.de\/na\/fed6315e10e449ebb3e28b38071fd86a\" width=\"1\" height=\"1\" no-lazy class=\"tracking\"><\/p>\n","protected":false},"excerpt":{"rendered":"<a href=\"https:\/\/www.ifun.de\/kurswechsel-bei-sonos-zurueck-zu-bewaehrter-qualitaet-276061\/\"><img width=\"150\" height=\"150\" src=\"https:\/\/images.ifun.de\/wp-content\/uploads\/2026\/03\/tom-conrad-sonos-150x150.jpg\" class=\"alignright tfe wp-post-image\" alt=\"Tom Conrad Sonos\" decoding=\"async\" loading=\"lazy\" \/><\/a><p>Mit den Modellen Play und Era 100 SL hat Sonos nicht nur neue Lautsprecher vorgestellt, sondern will auch ein St\u00fcck weit zur Normalit\u00e4t zur\u00fcckkehren. In den letzten zwei Jahren ging es bei Sonos vor allem darum, die durch ein desastr\u00f6ses App-Update geschaffenen Probleme zu beseitigen und das Vertrauen seiner Kunden zur\u00fcckzugewinnen. Besonders hart waren (und [&hellip;]<\/p>\n","protected":false},"author":2,"featured_media":276064,"comment_status":"open","ping_status":"closed","sticky":false,"template":"","format":"standard","meta":{"_acf_changed":false,"footnotes":""},"categories":[1,1783],"tags":[1068],"class_list":["post-276061","post","type-post","status-publish","format-standard","has-post-thumbnail","hentry","category-news","category-feature","tag-sonos"],"acf":[],"aioseo_notices":[],"featured_image":["https:\/\/images.ifun.de\/wp-content\/uploads\/2026\/03\/sonos-feature.jpg"],"subheadline":["Apple-TV-Konkurrenz gestrichen"],"rest_api_enabler":{"featured_image":"https:\/\/images.ifun.de\/wp-content\/uploads\/2026\/03\/sonos-feature.jpg","subheadline":"Apple-TV-Konkurrenz gestrichen"},"_links":{"self":[{"href":"https:\/\/www.ifun.de\/apiv2\/wp\/v2\/posts\/276061","targetHints":{"allow":["GET"]}}],"collection":[{"href":"https:\/\/www.ifun.de\/apiv2\/wp\/v2\/posts"}],"about":[{"href":"https:\/\/www.ifun.de\/apiv2\/wp\/v2\/types\/post"}],"author":[{"embeddable":true,"href":"https:\/\/www.ifun.de\/apiv2\/wp\/v2\/users\/2"}],"replies":[{"embeddable":true,"href":"https:\/\/www.ifun.de\/apiv2\/wp\/v2\/comments?post=276061"}],"version-history":[{"count":5,"href":"https:\/\/www.ifun.de\/apiv2\/wp\/v2\/posts\/276061\/revisions"}],"predecessor-version":[{"id":276071,"href":"https:\/\/www.ifun.de\/apiv2\/wp\/v2\/posts\/276061\/revisions\/276071"}],"wp:featuredmedia":[{"embeddable":true,"href":"https:\/\/www.ifun.de\/apiv2\/wp\/v2\/media\/276064"}],"wp:attachment":[{"href":"https:\/\/www.ifun.de\/apiv2\/wp\/v2\/media?parent=276061"}],"wp:term":[{"taxonomy":"category","embeddable":true,"href":"https:\/\/www.ifun.de\/apiv2\/wp\/v2\/categories?post=276061"},{"taxonomy":"post_tag","embeddable":true,"href":"https:\/\/www.ifun.de\/apiv2\/wp\/v2\/tags?post=276061"}],"curies":[{"name":"wp","href":"https:\/\/api.w.org\/{rel}","templated":true}]}}