{"id":276019,"date":"2026-03-11T07:49:34","date_gmt":"2026-03-11T06:49:34","guid":{"rendered":"https:\/\/www.ifun.de\/?p=276019"},"modified":"2026-03-17T20:01:26","modified_gmt":"2026-03-17T19:01:26","slug":"framebook-bastler-baut-schwarzes-macbook-von-2006-neu-auf","status":"publish","type":"post","link":"https:\/\/www.ifun.de\/framebook-bastler-baut-schwarzes-macbook-von-2006-neu-auf-276019\/","title":{"rendered":"FrameBook: Bastler baut schwarzes MacBook von 2006 neu auf"},"content":{"rendered":"<p>Das Technikblog edoo.gg dokumentiert <a href=\"https:\/\/fb.edoo.gg\/\">ein ungew\u00f6hnliches Bastelprojekt<\/a>, in dessen Verlauf ein <a href=\"https:\/\/everymac.com\/systems\/apple\/macbook\/specs\/macbook-core-2-duo-2.0-black-13-specs.html\">MacBook aus dem Jahr 2006<\/a> vollst\u00e4ndig neu aufgebaut wurde. Das Ger\u00e4t hat zwar sein urspr\u00fcngliches Geh\u00e4use behalten, arbeitet intern jedoch wieder mit aktueller Hardware.<\/p>\n<p><a href=\"https:\/\/images.ifun.de\/wp-content\/uploads\/2026\/03\/framebook-detail.jpg\"><img loading=\"lazy\" decoding=\"async\" class=\"aligncenter size-medium wp-image-276021\" src=\"https:\/\/images.ifun.de\/wp-content\/uploads\/2026\/03\/framebook-detail-500x346.jpg\" alt=\"Framebook Detail\" width=\"500\" height=\"346\" srcset=\"https:\/\/images.ifun.de\/wp-content\/uploads\/2026\/03\/framebook-detail-500x346.jpg 500w, https:\/\/images.ifun.de\/wp-content\/uploads\/2026\/03\/framebook-detail-700x485.jpg 700w, https:\/\/images.ifun.de\/wp-content\/uploads\/2026\/03\/framebook-detail-768x532.jpg 768w, https:\/\/images.ifun.de\/wp-content\/uploads\/2026\/03\/framebook-detail-1536x1064.jpg 1536w, https:\/\/images.ifun.de\/wp-content\/uploads\/2026\/03\/framebook-detail.jpg 1624w\" sizes=\"auto, (max-width: 500px) 100vw, 500px\" \/><\/a><\/p>\n<h6>Mit 65 GB RAM und Intel Core i7 wieder einsatzbereit | Bilder: edoo.gg<\/h6>\n<p>Der Autor beschreibt den Umbau als pers\u00f6nliches Lernprojekt, das sich \u00fcber mehrere Monate erstreckte und verschiedene Disziplinen wie L\u00f6ten, 3D-Modellierung und Geh\u00e4usemodifikationen miteinander kombiniert hat.<\/p>\n<p>Ausgangspunkt war ein schwarzes <a href=\"https:\/\/everymac.com\/systems\/apple\/macbook\/specs\/macbook-core-2-duo-2.0-black-13-specs.html\">MacBook der Baureihe A1181<\/a>. Dieses Modell geh\u00f6rte zu den ersten Ger\u00e4ten, die Apple nach dem Wechsel auf Intel-Prozessoren ver\u00f6ffentlichte. Die Rechner gelten heute als technisch \u00fcberholt, sind jedoch wegen ihres Kunststoffgeh\u00e4uses in der seltenen schwarzen Variante weiterhin beliebt.<\/p>\n<h2>Alte H\u00fclle, neue Hardware<\/h2>\n<p>F\u00fcr den Umbau entfernte der Bastler zun\u00e4chst s\u00e4mtliche Originalkomponenten der gebrauchten MacBooks, die er als defekte Ger\u00e4te \u00fcber Online-Marktpl\u00e4tze beschafft hatte. \u00dcbrig blieb lediglich das Geh\u00e4use mit einigen Halterungen und Scharnieren.<\/p>\n<p><a href=\"https:\/\/images.ifun.de\/wp-content\/uploads\/2026\/03\/framebook-inside.jpg\"><img loading=\"lazy\" decoding=\"async\" class=\"aligncenter size-large wp-image-276022\" src=\"https:\/\/images.ifun.de\/wp-content\/uploads\/2026\/03\/framebook-inside-700x435.jpg\" alt=\"Framebook Inside\" width=\"700\" height=\"435\" srcset=\"https:\/\/images.ifun.de\/wp-content\/uploads\/2026\/03\/framebook-inside-700x435.jpg 700w, https:\/\/images.ifun.de\/wp-content\/uploads\/2026\/03\/framebook-inside-500x310.jpg 500w, https:\/\/images.ifun.de\/wp-content\/uploads\/2026\/03\/framebook-inside-768x477.jpg 768w, https:\/\/images.ifun.de\/wp-content\/uploads\/2026\/03\/framebook-inside-1536x954.jpg 1536w, https:\/\/images.ifun.de\/wp-content\/uploads\/2026\/03\/framebook-inside-2048x1271.jpg 2048w\" sizes=\"auto, (max-width: 700px) 100vw, 700px\" \/><\/a><\/p>\n<p>Im Inneren installierte er stattdessen die Hauptplatine eines modernen <a href=\"https:\/\/frame.work\/de\/en\">Framework Laptop 13<\/a> mit einem Intel Core i7-1280P. Dazu kamen 64 Gigabyte Arbeitsspeicher und ein neues Displaypanel. Laut Beschreibung musste nahezu jede Komponente individuell im Geh\u00e4use positioniert werden. Neue Abstandshalter entstanden mithilfe eines 3D-Druckers.<\/p>\n<p>Auch die Anschl\u00fcsse wurden neu organisiert. Da die urspr\u00fcnglichen Ports fest mit dem Apple-Mainboard verbunden waren, griff der Bastler <a href=\"https:\/\/www.ifun.de\/amzn\/B0BNZ5V1TF\">auf mehrere<\/a> <a href=\"https:\/\/www.ifun.de\/amzn\/B0D71ZPBK6\">USB-C-Hubs<\/a> zur\u00fcck. Diese wurden aus ihren Geh\u00e4usen ausgebaut und im Inneren des Laptops montiert. Speziell angefertigte Blenden sorgen daf\u00fcr, dass die Anschl\u00fcsse in den Seiten des MacBook-Geh\u00e4uses erreichbar bleiben.<\/p>\n<p><a href=\"https:\/\/images.ifun.de\/wp-content\/uploads\/2026\/03\/usb-hub-framebook.jpg\"><img loading=\"lazy\" decoding=\"async\" class=\"aligncenter size-large wp-image-276023\" src=\"https:\/\/images.ifun.de\/wp-content\/uploads\/2026\/03\/usb-hub-framebook-700x561.jpg\" alt=\"Usb Hub Framebook\" width=\"700\" height=\"561\" srcset=\"https:\/\/images.ifun.de\/wp-content\/uploads\/2026\/03\/usb-hub-framebook-700x561.jpg 700w, https:\/\/images.ifun.de\/wp-content\/uploads\/2026\/03\/usb-hub-framebook-500x401.jpg 500w, https:\/\/images.ifun.de\/wp-content\/uploads\/2026\/03\/usb-hub-framebook-768x616.jpg 768w, https:\/\/images.ifun.de\/wp-content\/uploads\/2026\/03\/usb-hub-framebook.jpg 1516w\" sizes=\"auto, (max-width: 700px) 100vw, 700px\" \/><\/a><\/p>\n<h2>Tastatur, Trackpad und Logo bleiben erhalten<\/h2>\n<p>Besonderes Augenmerk lag auf der originalen Apple-Tastatur und dem Trackpad. Durch eine kleine Modifikation der internen Platine lie\u00df sich beides \u00fcber eine USB-Verbindung an die neue Hardware anschlie\u00dfen.<\/p>\n<p>Auch das bekannte leuchtende Apple-Logo auf der R\u00fcckseite des Displays wurde beibehalten. Da das urspr\u00fcngliche MacBook die Hintergrundbeleuchtung des Displays daf\u00fcr nutzte, integrierte der Bastler eine separate LED hinter dem Logo. Diese wird \u00fcber eine interne USB-Verbindung mit Strom versorgt.<\/p>\n<p><a href=\"https:\/\/images.ifun.de\/wp-content\/uploads\/2026\/03\/framebook-led.jpg\"><img loading=\"lazy\" decoding=\"async\" class=\"aligncenter size-large wp-image-276024\" src=\"https:\/\/images.ifun.de\/wp-content\/uploads\/2026\/03\/framebook-led-700x393.jpg\" alt=\"Framebook Led\" width=\"700\" height=\"393\" srcset=\"https:\/\/images.ifun.de\/wp-content\/uploads\/2026\/03\/framebook-led-700x393.jpg 700w, https:\/\/images.ifun.de\/wp-content\/uploads\/2026\/03\/framebook-led-500x281.jpg 500w, https:\/\/images.ifun.de\/wp-content\/uploads\/2026\/03\/framebook-led-768x431.jpg 768w, https:\/\/images.ifun.de\/wp-content\/uploads\/2026\/03\/framebook-led-1536x863.jpg 1536w, https:\/\/images.ifun.de\/wp-content\/uploads\/2026\/03\/framebook-led-2048x1150.jpg 2048w\" sizes=\"auto, (max-width: 700px) 100vw, 700px\" \/><\/a><\/p>\n<p>Das Projekt nahm rund drei Monate in Anspruch. Neben der technischen Umsetzung stand f\u00fcr den Entwickler vor allem das Experimentieren im Vordergrund. Das Ergebnis tr\u00e4gt den Namen \u201eFrameBook\u201c und kombiniert das \u00e4u\u00dfere Erscheinungsbild eines fr\u00fchen MacBooks mit der Leistung moderner Framework Laptops. <a href=\"https:\/\/fb.edoo.gg\/\">Ein lesenswerter Beitrag<\/a>, finden wir.<\/p>\n<p><img loading=\"lazy\" decoding=\"async\" src=\"https:\/\/vg01.met.vgwort.de\/na\/226f6a9df0f14378a9aad35b196638ae\" width=\"1\" height=\"1\"  no-lazy class=\"tracking\"><\/p>\n","protected":false},"excerpt":{"rendered":"<a href=\"https:\/\/www.ifun.de\/framebook-bastler-baut-schwarzes-macbook-von-2006-neu-auf-276019\/\"><img width=\"150\" height=\"150\" src=\"https:\/\/images.ifun.de\/wp-content\/uploads\/2026\/03\/framebook-led-150x150.jpg\" class=\"alignright tfe wp-post-image\" alt=\"Framebook Led\" decoding=\"async\" loading=\"lazy\" \/><\/a><p>Das Technikblog edoo.gg dokumentiert ein ungew\u00f6hnliches Bastelprojekt, in dessen Verlauf ein MacBook aus dem Jahr 2006 vollst\u00e4ndig neu aufgebaut wurde. Das Ger\u00e4t hat zwar sein urspr\u00fcngliches Geh\u00e4use behalten, arbeitet intern jedoch wieder mit aktueller Hardware. Mit 65 GB RAM und Intel Core i7 wieder einsatzbereit | Bilder: edoo.gg Der Autor beschreibt den Umbau als pers\u00f6nliches [&hellip;]<\/p>\n","protected":false},"author":1,"featured_media":276024,"comment_status":"open","ping_status":"closed","sticky":false,"template":"","format":"standard","meta":{"_acf_changed":false,"footnotes":""},"categories":[16,1783],"tags":[4565,27,144],"class_list":["post-276019","post","type-post","status-publish","format-standard","has-post-thumbnail","hentry","category-mac","category-feature","tag-bastler","tag-hacks","tag-macbook"],"acf":[],"aioseo_notices":[],"featured_image":["https:\/\/images.ifun.de\/wp-content\/uploads\/2026\/03\/framebook.jpg"],"subheadline":["Tastatur, Trackpad und Logo bleiben erhalten"],"rest_api_enabler":{"featured_image":"https:\/\/images.ifun.de\/wp-content\/uploads\/2026\/03\/framebook.jpg","subheadline":"Tastatur, Trackpad und Logo bleiben erhalten"},"_links":{"self":[{"href":"https:\/\/www.ifun.de\/apiv2\/wp\/v2\/posts\/276019","targetHints":{"allow":["GET"]}}],"collection":[{"href":"https:\/\/www.ifun.de\/apiv2\/wp\/v2\/posts"}],"about":[{"href":"https:\/\/www.ifun.de\/apiv2\/wp\/v2\/types\/post"}],"author":[{"embeddable":true,"href":"https:\/\/www.ifun.de\/apiv2\/wp\/v2\/users\/1"}],"replies":[{"embeddable":true,"href":"https:\/\/www.ifun.de\/apiv2\/wp\/v2\/comments?post=276019"}],"version-history":[{"count":1,"href":"https:\/\/www.ifun.de\/apiv2\/wp\/v2\/posts\/276019\/revisions"}],"predecessor-version":[{"id":276025,"href":"https:\/\/www.ifun.de\/apiv2\/wp\/v2\/posts\/276019\/revisions\/276025"}],"wp:featuredmedia":[{"embeddable":true,"href":"https:\/\/www.ifun.de\/apiv2\/wp\/v2\/media\/276024"}],"wp:attachment":[{"href":"https:\/\/www.ifun.de\/apiv2\/wp\/v2\/media?parent=276019"}],"wp:term":[{"taxonomy":"category","embeddable":true,"href":"https:\/\/www.ifun.de\/apiv2\/wp\/v2\/categories?post=276019"},{"taxonomy":"post_tag","embeddable":true,"href":"https:\/\/www.ifun.de\/apiv2\/wp\/v2\/tags?post=276019"}],"curies":[{"name":"wp","href":"https:\/\/api.w.org\/{rel}","templated":true}]}}