{"id":275944,"date":"2026-03-10T14:30:16","date_gmt":"2026-03-10T13:30:16","guid":{"rendered":"https:\/\/www.ifun.de\/?p=275944"},"modified":"2026-03-17T07:26:46","modified_gmt":"2026-03-17T06:26:46","slug":"sonos-play-und-sonos-era-100-sl-offiziell-vorgestellt","status":"publish","type":"post","link":"https:\/\/www.ifun.de\/sonos-play-und-sonos-era-100-sl-offiziell-vorgestellt-275944\/","title":{"rendered":"Sonos Play und Sonos Era 100 SL offiziell vorgestellt"},"content":{"rendered":"<p><a href=\"https:\/\/www.sonos.com\/de-de\/\">Sonos<\/a> hat zwei neue Lautsprecher angek\u00fcndigt, die das bestehende Multiroom-System erweitern sollen. Neben dem mobilen Modell <a href=\"https:\/\/www.sonos.com\/de-de\/shop\/play\">Sonos Play<\/a> hat der Hersteller auch den <a href=\"https:\/\/www.sonos.com\/de-de\/shop\/era-100-sl\">Era 100 SL<\/a> vorgestellt. Beide Ger\u00e4te k\u00f6nnen ab heute vorbestellt werden. Der regul\u00e4re Verkaufsstart ist f\u00fcr den 31. M\u00e4rz vorgesehen.<\/p>\n<p><a href=\"https:\/\/images.ifun.de\/wp-content\/uploads\/2026\/03\/sonos-akku-familiy-2500.jpg\"><img loading=\"lazy\" decoding=\"async\" src=\"https:\/\/images.ifun.de\/wp-content\/uploads\/2026\/03\/sonos-akku-familiy-2500-500x408.jpg\" alt=\"Sonos Akku Familiy 2500\" width=\"500\" height=\"408\" class=\"aligncenter size-medium wp-image-275970\" srcset=\"https:\/\/images.ifun.de\/wp-content\/uploads\/2026\/03\/sonos-akku-familiy-2500-500x408.jpg 500w, https:\/\/images.ifun.de\/wp-content\/uploads\/2026\/03\/sonos-akku-familiy-2500-700x572.jpg 700w, https:\/\/images.ifun.de\/wp-content\/uploads\/2026\/03\/sonos-akku-familiy-2500-768x627.jpg 768w, https:\/\/images.ifun.de\/wp-content\/uploads\/2026\/03\/sonos-akku-familiy-2500-1536x1255.jpg 1536w, https:\/\/images.ifun.de\/wp-content\/uploads\/2026\/03\/sonos-akku-familiy-2500-2048x1673.jpg 2048w\" sizes=\"auto, (max-width: 500px) 100vw, 500px\" \/><\/a><\/p>\n<h6>Die tragbaren Sonos-Speaker: Der Move, der neue Play und der Roam<\/h6>\n<p>Den Sonos Play hatten wir <a href=\"https:\/\/www.ifun.de\/sonos-play-neuer-akku-lautsprecher-zwischen-roam-und-move-275355\/\">bereits Anfang M\u00e4rz<\/a> durch einen kurzfristigen Eintrag bei einem nordamerikanischen H\u00e4ndler gesichtet. Damals wurden erste technische Daten sowie eine Positionierung zwischen den Modellen <a href=\"https:\/\/www.ifun.de\/amzn\/B0D37ZDYLH\">Sonos Roam<\/a> und <a href=\"https:\/\/www.ifun.de\/amzn\/B0CHFP45Z4\">Sonos Move<\/a> bekannt. Mit der offiziellen Vorstellung best\u00e4tigt Sonos nun die Markteinf\u00fchrung und nennt zus\u00e4tzliche Funktionen.<\/p>\n<h2>Sonos Play mit Powerbank und Gruppenfunktion<\/h2>\n<p>Der Sonos Play ist als tragbarer Lautsprecher konzipiert, der sowohl im heimischen WLAN als auch unterwegs genutzt werden kann. Innerhalb des Sonos-Systems lassen sich mehrere Ger\u00e4te \u00fcber das Netzwerk zu Gruppen zusammenfassen oder als Stereo-Paar betreiben. Zus\u00e4tzlich steht Bluetooth f\u00fcr die direkte iPhone-Verbindung zur Verf\u00fcgung.<\/p>\n<p><a href=\"https:\/\/images.ifun.de\/wp-content\/uploads\/2026\/03\/Sonos-Play-Closet-2-scaled.jpg\"><img loading=\"lazy\" decoding=\"async\" class=\"aligncenter size-large wp-image-275945\" src=\"https:\/\/images.ifun.de\/wp-content\/uploads\/2026\/03\/Sonos-Play-Closet-2-700x489.jpg\" alt=\"Sonos Play Closet 2\" width=\"700\" height=\"489\" srcset=\"https:\/\/images.ifun.de\/wp-content\/uploads\/2026\/03\/Sonos-Play-Closet-2-700x489.jpg 700w, https:\/\/images.ifun.de\/wp-content\/uploads\/2026\/03\/Sonos-Play-Closet-2-500x349.jpg 500w, https:\/\/images.ifun.de\/wp-content\/uploads\/2026\/03\/Sonos-Play-Closet-2-768x536.jpg 768w, https:\/\/images.ifun.de\/wp-content\/uploads\/2026\/03\/Sonos-Play-Closet-2-1536x1073.jpg 1536w, https:\/\/images.ifun.de\/wp-content\/uploads\/2026\/03\/Sonos-Play-Closet-2-2048x1430.jpg 2048w\" sizes=\"auto, (max-width: 700px) 100vw, 700px\" \/><\/a><\/p>\n<p>Neu ist eine Funktion zur Gruppierung \u00fcber Bluetooth. Dabei k\u00f6nnen mehrere kompatible Lautsprecher direkt miteinander verbunden werden. Nutzer verbinden zun\u00e4chst einen Sonos Play mit dem Smartphone und k\u00f6nnen anschlie\u00dfend weitere Ger\u00e4te durch l\u00e4ngeres Dr\u00fccken der Wiedergabetaste synchronisieren. Unterst\u00fctzt werden neben weiteren Play-Modellen auch Lautsprecher vom Typ Move 2.<\/p>\n<p><a href=\"https:\/\/images.ifun.de\/wp-content\/uploads\/2026\/03\/Sonos-Play-White-With-Charging-Base-2500.jpg\"><img loading=\"lazy\" decoding=\"async\" class=\"aligncenter size-large wp-image-275946\" src=\"https:\/\/images.ifun.de\/wp-content\/uploads\/2026\/03\/Sonos-Play-White-With-Charging-Base-2500-700x466.jpg\" alt=\"Sonos Play White With Charging Base 2500\" width=\"700\" height=\"466\" srcset=\"https:\/\/images.ifun.de\/wp-content\/uploads\/2026\/03\/Sonos-Play-White-With-Charging-Base-2500-700x466.jpg 700w, https:\/\/images.ifun.de\/wp-content\/uploads\/2026\/03\/Sonos-Play-White-With-Charging-Base-2500-500x333.jpg 500w, https:\/\/images.ifun.de\/wp-content\/uploads\/2026\/03\/Sonos-Play-White-With-Charging-Base-2500-768x512.jpg 768w, https:\/\/images.ifun.de\/wp-content\/uploads\/2026\/03\/Sonos-Play-White-With-Charging-Base-2500-1536x1024.jpg 1536w, https:\/\/images.ifun.de\/wp-content\/uploads\/2026\/03\/Sonos-Play-White-With-Charging-Base-2500-2048x1365.jpg 2048w\" sizes=\"auto, (max-width: 700px) 100vw, 700px\" \/><\/a><\/p>\n<p>Der integrierte Akku soll eine Laufzeit von bis zu 24 Stunden erm\u00f6glichen. Das Geh\u00e4use ist nach IP67 gegen Staub und Wasser gesch\u00fctzt. Eine abnehmbare Trageschlaufe erleichtert den Transport. Geladen wird \u00fcber eine mitgelieferte Ladestation oder \u00fcber USB-C. <\/p>\n<p><a href=\"https:\/\/images.ifun.de\/wp-content\/uploads\/2026\/03\/sonos-play.specs_.jpg\"><img loading=\"lazy\" decoding=\"async\" src=\"https:\/\/images.ifun.de\/wp-content\/uploads\/2026\/03\/sonos-play.specs_-700x557.jpg\" alt=\"Sonos Play.specs\" width=\"700\" height=\"557\" class=\"aligncenter size-large wp-image-275973\" srcset=\"https:\/\/images.ifun.de\/wp-content\/uploads\/2026\/03\/sonos-play.specs_-700x557.jpg 700w, https:\/\/images.ifun.de\/wp-content\/uploads\/2026\/03\/sonos-play.specs_-500x398.jpg 500w, https:\/\/images.ifun.de\/wp-content\/uploads\/2026\/03\/sonos-play.specs_-768x611.jpg 768w, https:\/\/images.ifun.de\/wp-content\/uploads\/2026\/03\/sonos-play.specs_-1536x1223.jpg 1536w, https:\/\/images.ifun.de\/wp-content\/uploads\/2026\/03\/sonos-play.specs_.jpg 1540w\" sizes=\"auto, (max-width: 700px) 100vw, 700px\" \/><\/a><\/p>\n<p>Zus\u00e4tzlich kann der Lautsprecher als Powerbank genutzt werden, um beispielsweise ein iPhone zu laden. Die automatische Trueplay-Abstimmung passt den Klang an die jeweilige Umgebung an. Der Preis liegt bei 349 Euro. <\/p>\n<p><video autoplay loop playsinline muted poster=\"\" preload=\"auto\" controls=\"controls\" width=\"100%\" ><source src=\"https:\/\/images.ifun.de\/wp-content\/uploads\/2026\/03\/Sonos-Play.mp4\" \/><\/video><\/p>\n<h2>Era 100 SL ohne Mikrofone f\u00fcr einfachere Setups<\/h2>\n<p>Parallel dazu f\u00fchrt Sonos mit dem Era 100 SL eine vereinfachte Variante seines bestehenden Regallautsprechers ein. Das Modell verzichtet auf integrierte Mikrofone und damit auch auf Sprachsteuerung. Der Lautsprecher richtet sich damit an Nutzer, die eine klassische Wiedergabe ohne integrierte Assistenzfunktion bevorzugen.<\/p>\n<p><a href=\"https:\/\/images.ifun.de\/wp-content\/uploads\/2026\/03\/Sonos-Era-100-SL-Shelf.jpg\"><img loading=\"lazy\" decoding=\"async\" class=\"aligncenter size-large wp-image-275948\" src=\"https:\/\/images.ifun.de\/wp-content\/uploads\/2026\/03\/Sonos-Era-100-SL-Shelf-700x605.jpg\" alt=\"Sonos Era 100 SL Shelf\" width=\"700\" height=\"605\" srcset=\"https:\/\/images.ifun.de\/wp-content\/uploads\/2026\/03\/Sonos-Era-100-SL-Shelf-700x605.jpg 700w, https:\/\/images.ifun.de\/wp-content\/uploads\/2026\/03\/Sonos-Era-100-SL-Shelf-500x432.jpg 500w, https:\/\/images.ifun.de\/wp-content\/uploads\/2026\/03\/Sonos-Era-100-SL-Shelf-768x664.jpg 768w, https:\/\/images.ifun.de\/wp-content\/uploads\/2026\/03\/Sonos-Era-100-SL-Shelf-1536x1327.jpg 1536w, https:\/\/images.ifun.de\/wp-content\/uploads\/2026\/03\/Sonos-Era-100-SL-Shelf-2048x1769.jpg 2048w\" sizes=\"auto, (max-width: 700px) 100vw, 700px\" \/><\/a><\/p>\n<p>Der Era 100 SL l\u00e4sst sich einzeln betreiben, als Stereo-Paar koppeln oder als Teil eines Heimkino-Systems einsetzen. Wie andere Sonos-Lautsprecher unterst\u00fctzt auch dieses Modell Streamingdienste \u00fcber die Sonos-Applikation sowie Funktionen wie Apple AirPlay 2 und Spotify Connect.<\/p>\n<p><a href=\"https:\/\/images.ifun.de\/wp-content\/uploads\/2026\/03\/Sonos-Era-100-SL-Front-White.jpg\"><img loading=\"lazy\" decoding=\"async\" class=\"aligncenter size-large wp-image-275949\" src=\"https:\/\/images.ifun.de\/wp-content\/uploads\/2026\/03\/Sonos-Era-100-SL-Front-White-700x467.jpg\" alt=\"Sonos Era 100 SL Front White\" width=\"700\" height=\"467\" srcset=\"https:\/\/images.ifun.de\/wp-content\/uploads\/2026\/03\/Sonos-Era-100-SL-Front-White-700x467.jpg 700w, https:\/\/images.ifun.de\/wp-content\/uploads\/2026\/03\/Sonos-Era-100-SL-Front-White-500x333.jpg 500w, https:\/\/images.ifun.de\/wp-content\/uploads\/2026\/03\/Sonos-Era-100-SL-Front-White-768x512.jpg 768w, https:\/\/images.ifun.de\/wp-content\/uploads\/2026\/03\/Sonos-Era-100-SL-Front-White-1536x1024.jpg 1536w, https:\/\/images.ifun.de\/wp-content\/uploads\/2026\/03\/Sonos-Era-100-SL-Front-White-2048x1366.jpg 2048w\" sizes=\"auto, (max-width: 700px) 100vw, 700px\" \/><\/a><\/p>\n<p>Die neuen Lautsprecher erscheinen zu einem Zeitpunkt, an dem Sonos weiterhin an Verbesserungen seiner Plattform arbeitet. Nach der umstrittenen Umstellung der Sonos-Applikation vor zwei Jahren hat das Unternehmen <a href=\"https:\/\/www.iphone-ticker.de\/diesmal-vorsichtiger-sonos-will-app-erneut-umbauen-274019\/\">erst k\u00fcrzlich angek\u00fcndigt<\/a>, Stabilit\u00e4t und Bedienbarkeit des Systems weiter zu verbessern. Der Preis liegt bei 199 Euro. <\/p>\n<p><video poster=\"\" preload=\"auto\" controls=\"controls\" width=\"100%\" ><source src=\"https:\/\/images.ifun.de\/wp-content\/uploads\/2026\/03\/Sonos-Era-100-SL.mp4#t=0.01\" \/><\/video><\/p>\n<p><img loading=\"lazy\" decoding=\"async\" src=\"https:\/\/vg01.met.vgwort.de\/na\/5729a784a30b4208a7a27eb3e00f52a2\" width=\"1\" height=\"1\"  no-lazy class=\"tracking\"><\/p>\n","protected":false},"excerpt":{"rendered":"<a href=\"https:\/\/www.ifun.de\/sonos-play-und-sonos-era-100-sl-offiziell-vorgestellt-275944\/\"><img width=\"150\" height=\"150\" src=\"https:\/\/images.ifun.de\/wp-content\/uploads\/2026\/03\/sonos-fahrrad-playfeature-150x150.jpg\" class=\"alignright tfe wp-post-image\" alt=\"Sonos Fahrrad Playfeature\" decoding=\"async\" loading=\"lazy\" \/><\/a><p>Sonos hat zwei neue Lautsprecher angek\u00fcndigt, die das bestehende Multiroom-System erweitern sollen. Neben dem mobilen Modell Sonos Play hat der Hersteller auch den Era 100 SL vorgestellt. Beide Ger\u00e4te k\u00f6nnen ab heute vorbestellt werden. Der regul\u00e4re Verkaufsstart ist f\u00fcr den 31. M\u00e4rz vorgesehen. Die tragbaren Sonos-Speaker: Der Move, der neue Play und der Roam Den [&hellip;]<\/p>\n","protected":false},"author":1,"featured_media":275950,"comment_status":"open","ping_status":"closed","sticky":false,"template":"","format":"standard","meta":{"_acf_changed":false,"footnotes":""},"categories":[22,1783],"tags":[1068],"class_list":["post-275944","post","type-post","status-publish","format-standard","has-post-thumbnail","hentry","category-zubehor","category-feature","tag-sonos"],"acf":[],"aioseo_notices":[],"featured_image":["https:\/\/images.ifun.de\/wp-content\/uploads\/2026\/03\/sonos-fahrrad-playfeature.jpg"],"subheadline":["Vorbestellungen heute, ab 31. M\u00e4rz im Handel"],"rest_api_enabler":{"featured_image":"https:\/\/images.ifun.de\/wp-content\/uploads\/2026\/03\/sonos-fahrrad-playfeature.jpg","subheadline":"Vorbestellungen heute, ab 31. M\u00e4rz im Handel"},"_links":{"self":[{"href":"https:\/\/www.ifun.de\/apiv2\/wp\/v2\/posts\/275944","targetHints":{"allow":["GET"]}}],"collection":[{"href":"https:\/\/www.ifun.de\/apiv2\/wp\/v2\/posts"}],"about":[{"href":"https:\/\/www.ifun.de\/apiv2\/wp\/v2\/types\/post"}],"author":[{"embeddable":true,"href":"https:\/\/www.ifun.de\/apiv2\/wp\/v2\/users\/1"}],"replies":[{"embeddable":true,"href":"https:\/\/www.ifun.de\/apiv2\/wp\/v2\/comments?post=275944"}],"version-history":[{"count":5,"href":"https:\/\/www.ifun.de\/apiv2\/wp\/v2\/posts\/275944\/revisions"}],"predecessor-version":[{"id":275976,"href":"https:\/\/www.ifun.de\/apiv2\/wp\/v2\/posts\/275944\/revisions\/275976"}],"wp:featuredmedia":[{"embeddable":true,"href":"https:\/\/www.ifun.de\/apiv2\/wp\/v2\/media\/275950"}],"wp:attachment":[{"href":"https:\/\/www.ifun.de\/apiv2\/wp\/v2\/media?parent=275944"}],"wp:term":[{"taxonomy":"category","embeddable":true,"href":"https:\/\/www.ifun.de\/apiv2\/wp\/v2\/categories?post=275944"},{"taxonomy":"post_tag","embeddable":true,"href":"https:\/\/www.ifun.de\/apiv2\/wp\/v2\/tags?post=275944"}],"curies":[{"name":"wp","href":"https:\/\/api.w.org\/{rel}","templated":true}]}}