{"id":275868,"date":"2026-03-09T17:11:52","date_gmt":"2026-03-09T16:11:52","guid":{"rendered":"https:\/\/www.ifun.de\/?p=275868"},"modified":"2026-03-10T09:23:39","modified_gmt":"2026-03-10T08:23:39","slug":"fritzbox-5690-pro-matter-unterstuetzung-kommt-per-update","status":"publish","type":"post","link":"https:\/\/www.ifun.de\/fritzbox-5690-pro-matter-unterstuetzung-kommt-per-update-275868\/","title":{"rendered":"FRITZ!Box 5690 Pro: Matter-Unterst\u00fctzung kommt per Update"},"content":{"rendered":"<p>Die <a href=\"https:\/\/fritz.com\/products\/fritz-box-5690-pro-20003043\">FRITZ!Box 5690 Pro<\/a> soll im Nachhinein mit dem Smarthome-Standard Matter kompatibel werden. Der Berliner Hersteller FRITZ!, fr\u00fcher unter dem Namen AVM bekannt, will den Funktionsumfang des Routers per Update erweitern.<\/p>\n<p>Die Matter-Integration soll zun\u00e4chst im Rahmen eines \u00f6ffentlichen Beta-Tests bereitgestellt werden. Sp\u00e4ter wird die Funktion dann in die regul\u00e4re Software des Ger\u00e4ts integriert.<\/p>\n<h2>Beta-Test \u00fcber FRITZ! Labor<\/h2>\n<p>Die Beta-Tests bei FRITZ! laufen unter der Bezeichnung <a href=\"https:\/\/fritz.com\/pages\/fritz-labor\">FRITZ! Labor<\/a>. Die jeweiligen Vorabversionen der Router-Betriebssysteme k\u00f6nnen auf der zugeh\u00f6rigen Webseite geladen und manuell auf den Ger\u00e4ten installiert werden.<\/p>\n<p><a href=\"https:\/\/images.ifun.de\/wp-content\/uploads\/2026\/03\/fritzbox-5690-pro.png\"><img loading=\"lazy\" decoding=\"async\" src=\"https:\/\/images.ifun.de\/wp-content\/uploads\/2026\/03\/fritzbox-5690-pro-700x494.png\" alt=\"Fritzbox 5690 Pro\" width=\"700\" height=\"494\" class=\"alignnone size-large wp-image-275871\" srcset=\"https:\/\/images.ifun.de\/wp-content\/uploads\/2026\/03\/fritzbox-5690-pro-700x494.png 700w, https:\/\/images.ifun.de\/wp-content\/uploads\/2026\/03\/fritzbox-5690-pro-500x353.png 500w, https:\/\/images.ifun.de\/wp-content\/uploads\/2026\/03\/fritzbox-5690-pro-768x542.png 768w, https:\/\/images.ifun.de\/wp-content\/uploads\/2026\/03\/fritzbox-5690-pro.png 1400w\" sizes=\"auto, (max-width: 700px) 100vw, 700px\" \/><\/a><\/p>\n<p>FRITZ! zufolge soll in K\u00fcrze eine neue Labor-Version f\u00fcr die FRITZ!Box 5690 Pro bereitstehen, die das Ger\u00e4t dann erstmals um die Unterst\u00fctzung von Matter erweitert. Damit lassen sich die mit dem Router verbundenen Smarthome-Ger\u00e4te von FRITZ! sowie kompatible Smarthome-Ger\u00e4te anderer Hersteller in Systeme wie Apple Home, Google Home oder Amazon Alexa integrieren.<\/p>\n<h2>Neuer Heizk\u00f6rperthermostat FRITZ!Smart Thermo 303<\/h2>\n<p>FRITZ! hat dar\u00fcber hinaus mit dem FRITZ!Smart Thermo 303 einen Neuzugang in seinem Smarthome-Sortiment angek\u00fcndigt. Das Ger\u00e4t erg\u00e4nzt das bereits erh\u00e4ltliche Modell Thermo 302 und soll \u00fcber zus\u00e4tzliche Schutzmechanismen gegen Manipulation verf\u00fcgen.<\/p>\n<p><a href=\"https:\/\/images.ifun.de\/wp-content\/uploads\/2026\/03\/FRITZSmart_Thermo_303.jpg\"><img loading=\"lazy\" decoding=\"async\" src=\"https:\/\/images.ifun.de\/wp-content\/uploads\/2026\/03\/FRITZSmart_Thermo_303-700x443.jpg\" alt=\"FRITZSmart Thermo 303\" width=\"700\" height=\"443\" class=\"alignnone size-large wp-image-275870\" srcset=\"https:\/\/images.ifun.de\/wp-content\/uploads\/2026\/03\/FRITZSmart_Thermo_303-700x443.jpg 700w, https:\/\/images.ifun.de\/wp-content\/uploads\/2026\/03\/FRITZSmart_Thermo_303-500x316.jpg 500w, https:\/\/images.ifun.de\/wp-content\/uploads\/2026\/03\/FRITZSmart_Thermo_303-768x486.jpg 768w, https:\/\/images.ifun.de\/wp-content\/uploads\/2026\/03\/FRITZSmart_Thermo_303.jpg 1400w\" sizes=\"auto, (max-width: 700px) 100vw, 700px\" \/><\/a><\/p>\n<p>F\u00fcr die Heizungssteuerung steht in Verbindung mit dem neuen Thermostat ein Wochenzeitplan zur Verf\u00fcgung, der bis zu acht Schaltpunkte pro Tag erlaubt. Zus\u00e4tzlich kann eine individuelle Temperaturabweichung eingestellt werden. Der Temperaturverlauf der vergangenen 24 Stunden l\u00e4sst sich aufzeichnen und einsehen.<\/p>\n<p>Die Erkennung offener Fenster kann die Heizleistung vor\u00fcbergehend reduzieren, um Energie zu sparen. Die Funktion l\u00e4sst sich in der Empfindlichkeit anpassen oder alternativ \u00fcber einen T\u00fcr- oder Fensterkontakt ausl\u00f6sen.<\/p>\n<p>Weitere Details will FRITZ! zu einem sp\u00e4teren Zeitpunkt nennen, dann darf man auch Informationen zum Preis und dem Marktstart erwarten.<img loading=\"lazy\" decoding=\"async\" src=\"https:\/\/vg09.met.vgwort.de\/na\/335d7baf45c64f73b9e17bd2bd8b4817\" width=\"1\" height=\"1\" no-lazy class=\"tracking\"><\/p>\n","protected":false},"excerpt":{"rendered":"<a href=\"https:\/\/www.ifun.de\/fritzbox-5690-pro-matter-unterstuetzung-kommt-per-update-275868\/\"><img width=\"150\" height=\"150\" src=\"https:\/\/images.ifun.de\/wp-content\/uploads\/2026\/03\/fritzbox-5690-pro-feature-150x150.jpg\" class=\"alignright tfe wp-post-image\" alt=\"Fritzbox 5690 Pro Feature\" decoding=\"async\" loading=\"lazy\" \/><\/a><p>Die FRITZ!Box 5690 Pro soll im Nachhinein mit dem Smarthome-Standard Matter kompatibel werden. Der Berliner Hersteller FRITZ!, fr\u00fcher unter dem Namen AVM bekannt, will den Funktionsumfang des Routers per Update erweitern. Die Matter-Integration soll zun\u00e4chst im Rahmen eines \u00f6ffentlichen Beta-Tests bereitgestellt werden. Sp\u00e4ter wird die Funktion dann in die regul\u00e4re Software des Ger\u00e4ts integriert. Beta-Test [&hellip;]<\/p>\n","protected":false},"author":2,"featured_media":275872,"comment_status":"open","ping_status":"closed","sticky":false,"template":"","format":"standard","meta":{"_acf_changed":false,"footnotes":""},"categories":[1],"tags":[901,5386],"class_list":["post-275868","post","type-post","status-publish","format-standard","has-post-thumbnail","hentry","category-news","tag-fritz","tag-matter"],"acf":[],"aioseo_notices":[],"featured_image":["https:\/\/images.ifun.de\/wp-content\/uploads\/2026\/03\/fritzbox-5690-pro-feature.jpg"],"subheadline":["Vorab \u00fcber FRITZ!Labor verf\u00fcgbar"],"rest_api_enabler":{"featured_image":"https:\/\/images.ifun.de\/wp-content\/uploads\/2026\/03\/fritzbox-5690-pro-feature.jpg","subheadline":"Vorab \u00fcber FRITZ!Labor verf\u00fcgbar"},"_links":{"self":[{"href":"https:\/\/www.ifun.de\/apiv2\/wp\/v2\/posts\/275868","targetHints":{"allow":["GET"]}}],"collection":[{"href":"https:\/\/www.ifun.de\/apiv2\/wp\/v2\/posts"}],"about":[{"href":"https:\/\/www.ifun.de\/apiv2\/wp\/v2\/types\/post"}],"author":[{"embeddable":true,"href":"https:\/\/www.ifun.de\/apiv2\/wp\/v2\/users\/2"}],"replies":[{"embeddable":true,"href":"https:\/\/www.ifun.de\/apiv2\/wp\/v2\/comments?post=275868"}],"version-history":[{"count":4,"href":"https:\/\/www.ifun.de\/apiv2\/wp\/v2\/posts\/275868\/revisions"}],"predecessor-version":[{"id":275918,"href":"https:\/\/www.ifun.de\/apiv2\/wp\/v2\/posts\/275868\/revisions\/275918"}],"wp:featuredmedia":[{"embeddable":true,"href":"https:\/\/www.ifun.de\/apiv2\/wp\/v2\/media\/275872"}],"wp:attachment":[{"href":"https:\/\/www.ifun.de\/apiv2\/wp\/v2\/media?parent=275868"}],"wp:term":[{"taxonomy":"category","embeddable":true,"href":"https:\/\/www.ifun.de\/apiv2\/wp\/v2\/categories?post=275868"},{"taxonomy":"post_tag","embeddable":true,"href":"https:\/\/www.ifun.de\/apiv2\/wp\/v2\/tags?post=275868"}],"curies":[{"name":"wp","href":"https:\/\/api.w.org\/{rel}","templated":true}]}}