{"id":275850,"date":"2026-03-09T12:56:07","date_gmt":"2026-03-09T11:56:07","guid":{"rendered":"https:\/\/www.ifun.de\/?p=275850"},"modified":"2026-03-16T14:21:18","modified_gmt":"2026-03-16T13:21:18","slug":"bericht-apple-plant-imac-update-mit-neuen-farben","status":"publish","type":"post","link":"https:\/\/www.ifun.de\/bericht-apple-plant-imac-update-mit-neuen-farben-275850\/","title":{"rendered":"Bericht: Apple plant iMac-Update mit neuen Farben"},"content":{"rendered":"<p>Apple arbeitet an einer Aktualisierung des iMac. Nach der Vorstellung <a href=\"https:\/\/www.ifun.de\/macbook-neo-apples-einsteiger-macbook-ist-offiziell-das-steckt-drin-275568\/\">des neuen MacBook Neo<\/a> und der Aktualisierung von MacBook Air und Pro nimmt damit die restliche Mac-Produktpalette f\u00fcr das laufende Jahr weiter Form an.<\/p>\n<p><a href=\"https:\/\/images.ifun.de\/wp-content\/uploads\/2026\/03\/imac-2026.jpg\"><img loading=\"lazy\" decoding=\"async\" class=\"aligncenter size-medium wp-image-275852\" src=\"https:\/\/images.ifun.de\/wp-content\/uploads\/2026\/03\/imac-2026-500x500.jpg\" alt=\"Imac 2026\" width=\"500\" height=\"500\" srcset=\"https:\/\/images.ifun.de\/wp-content\/uploads\/2026\/03\/imac-2026-500x500.jpg 500w, https:\/\/images.ifun.de\/wp-content\/uploads\/2026\/03\/imac-2026-700x700.jpg 700w, https:\/\/images.ifun.de\/wp-content\/uploads\/2026\/03\/imac-2026-150x150.jpg 150w, https:\/\/images.ifun.de\/wp-content\/uploads\/2026\/03\/imac-2026-768x768.jpg 768w, https:\/\/images.ifun.de\/wp-content\/uploads\/2026\/03\/imac-2026.jpg 1290w\" sizes=\"auto, (max-width: 500px) 100vw, 500px\" \/><\/a><\/p>\n<p>Neben geplanten Updates f\u00fcr Mac Studio und Mac mini soll auch der All-in-One-Rechner sp\u00e4ter im Jahr noch seine \u00dcberarbeitung erhalten.<\/p>\n<h2>Neue Farben statt neuer Hardware<\/h2>\n<p>Am grundlegenden Design des iMac d\u00fcrfte sich dabei wenig \u00e4ndern. Wie der Wirtschaftsnachrichtendienst Bloomberg <a href=\"https:\/\/www.bloomberg.com\/news\/newsletters\/2026-03-08\/apple-to-expand-ultra-lines-after-599-macbook-neo-3d-printed-aluminum-imacs-mmhpa12d\">berichtet<\/a>, plant Apple vor allem eine \u00fcberarbeitete Farbpalette f\u00fcr das Ger\u00e4t. Konkrete Farbt\u00f6ne sind bislang nicht bekannt. Der Fokus liegt offenbar darauf, dem bestehenden Modell ein visuelles Update zu geben, ohne das Hanrdware-Design grunds\u00e4tzlich zu ver\u00e4ndern.<\/p>\n<p>Apple hatte den iMac bereits bei der Umstellung auf eigene Prozessoren st\u00e4rker als Lifestyle-Rechner positioniert. Mehrere Farbvarianten sollten das Ger\u00e4t sichtbarer im Alltag machen und zugleich an fr\u00fchere iMac-Generationen erinnern, bei denen farbige Geh\u00e4use ein zentrales Merkmal waren.<\/p>\n<p><a href=\"https:\/\/images.ifun.de\/wp-content\/uploads\/2024\/11\/imac-2024-bento-2000.jpg\"><img loading=\"lazy\" decoding=\"async\" class=\"aligncenter size-large wp-image-242783\" src=\"https:\/\/images.ifun.de\/wp-content\/uploads\/2024\/11\/imac-2024-bento-2000-700x394.jpg\" alt=\"Imac 2024 Bento 2000\" width=\"700\" height=\"394\" srcset=\"https:\/\/images.ifun.de\/wp-content\/uploads\/2024\/11\/imac-2024-bento-2000-700x394.jpg 700w, https:\/\/images.ifun.de\/wp-content\/uploads\/2024\/11\/imac-2024-bento-2000-500x281.jpg 500w, https:\/\/images.ifun.de\/wp-content\/uploads\/2024\/11\/imac-2024-bento-2000-768x432.jpg 768w, https:\/\/images.ifun.de\/wp-content\/uploads\/2024\/11\/imac-2024-bento-2000-1536x864.jpg 1536w, https:\/\/images.ifun.de\/wp-content\/uploads\/2024\/11\/imac-2024-bento-2000-2048x1152.jpg 2048w\" sizes=\"auto, (max-width: 700px) 100vw, 700px\" \/><\/a><\/p>\n<h6>So bewarb Apple die neuen iMac M4-Modell vor zwei Jahren<\/h6>\n<p>Parallel dazu bereitet Apple <a href=\"https:\/\/www.ifun.de\/satte-20-neuheiten-apple-plant-breite-produktoffensive-fuer-2026-273185\/\">weitere Aktualisierungen innerhalb der Mac-Familie<\/a> vor. Zun\u00e4chst werden neue Varianten des Mac Studio erwartet. Diese Modelle sollen weiterhin das aktuelle Geh\u00e4use verwenden und haupts\u00e4chlich interne Hardware-Updates erhalten. Danach k\u00f6nnten neue Versionen von iMac und Mac mini folgen.<\/p>\n<h2>Weitere Preisstufen in Vorbereitung<\/h2>\n<p>W\u00e4hrend Ger\u00e4te wie das <a href=\"https:\/\/www.ifun.de\/macbook-neo-apples-einsteiger-macbook-ist-offiziell-das-steckt-drin-275568\/\">k\u00fcrzlich vorgestellte MacBook Neo<\/a> den Einstiegspreis innerhalb der Mac-Reihe senken, arbeitet Apple gleichzeitig an neuen Angeboten im oberen Preissegment. Wie bereits berichtet, entstehen in <a href=\"https:\/\/www.iphone-ticker.de\/apple-setzt-staerker-auf-ultra-neue-geraete-im-oberen-preissegment-274195\/\">mehreren Produktlinien zus\u00e4tzliche Premiumvarianten<\/a>, die teilweise den Namenszusatz &#8222;Ultra&#8220; erhalten sollen.<\/p>\n<p><a href=\"https:\/\/images.ifun.de\/wp-content\/uploads\/2026\/03\/imac-apple-tv-apple-scaled.jpg\"><img loading=\"lazy\" decoding=\"async\" class=\"aligncenter size-large wp-image-275853\" src=\"https:\/\/images.ifun.de\/wp-content\/uploads\/2026\/03\/imac-apple-tv-apple-700x462.jpg\" alt=\"Imac Apple Tv Apple\" width=\"700\" height=\"462\" srcset=\"https:\/\/images.ifun.de\/wp-content\/uploads\/2026\/03\/imac-apple-tv-apple-700x462.jpg 700w, https:\/\/images.ifun.de\/wp-content\/uploads\/2026\/03\/imac-apple-tv-apple-500x330.jpg 500w, https:\/\/images.ifun.de\/wp-content\/uploads\/2026\/03\/imac-apple-tv-apple-768x507.jpg 768w, https:\/\/images.ifun.de\/wp-content\/uploads\/2026\/03\/imac-apple-tv-apple-1536x1013.jpg 1536w, https:\/\/images.ifun.de\/wp-content\/uploads\/2026\/03\/imac-apple-tv-apple-2048x1351.jpg 2048w\" sizes=\"auto, (max-width: 700px) 100vw, 700px\" \/><\/a><\/p>\n<p>Dieses Modell hat Apple bereits bei der Apple Watch etabliert. Neben den regul\u00e4ren Modellen und g\u00fcnstigeren Einstiegsger\u00e4ten entstehen parallel h\u00f6her positionierte Modelle, die zus\u00e4tzliche Funktionen oder leistungsst\u00e4rkere Komponenten bieten.<\/p>\n<ul>\n<li><strong>Apple setzt st\u00e4rker auf \u201eUltra\u201c:<\/strong> <a title=\"Apple setzt st\u00e4rker auf \u201eUltra\u201c: Neue Ger\u00e4te im oberen Preissegment\" href=\"https:\/\/www.iphone-ticker.de\/apple-setzt-staerker-auf-ultra-neue-geraete-im-oberen-preissegment-274195\/\">Neue Ger\u00e4te im oberen Preissegment<\/a><\/li>\n<\/ul>\n<p>Auch beim iMac k\u00f6nnte sich die Produktreihe langfristig in mehrere Ausstattungsstufen entwickeln. Neben Farbvarianten werden intern offenbar auch Modelle mit gr\u00f6\u00dferen Displays oder leistungsst\u00e4rkeren Prozessoren diskutiert.<\/p>\n<p><img loading=\"lazy\" decoding=\"async\" src=\"https:\/\/vg01.met.vgwort.de\/na\/1d887328e07d4834b716e4ba29b590b8\" width=\"1\" height=\"1\"  no-lazy class=\"tracking\"><\/p>\n","protected":false},"excerpt":{"rendered":"<a href=\"https:\/\/www.ifun.de\/bericht-apple-plant-imac-update-mit-neuen-farben-275850\/\"><img width=\"150\" height=\"150\" src=\"https:\/\/images.ifun.de\/wp-content\/uploads\/2026\/03\/imac-apple-tv-apple-150x150.jpg\" class=\"alignright tfe wp-post-image\" alt=\"Imac Apple Tv Apple\" decoding=\"async\" loading=\"lazy\" \/><\/a><p>Apple arbeitet an einer Aktualisierung des iMac. Nach der Vorstellung des neuen MacBook Neo und der Aktualisierung von MacBook Air und Pro nimmt damit die restliche Mac-Produktpalette f\u00fcr das laufende Jahr weiter Form an. Neben geplanten Updates f\u00fcr Mac Studio und Mac mini soll auch der All-in-One-Rechner sp\u00e4ter im Jahr noch seine \u00dcberarbeitung erhalten. Neue [&hellip;]<\/p>\n","protected":false},"author":1,"featured_media":275853,"comment_status":"open","ping_status":"closed","sticky":false,"template":"","format":"standard","meta":{"_acf_changed":false,"footnotes":""},"categories":[3,1783],"tags":[4736,3910,393,6321,6322],"class_list":["post-275850","post","type-post","status-publish","format-standard","has-post-thumbnail","hentry","category-apple","category-feature","tag-apple","tag-geruechte","tag-imac","tag-mac","tag-rumors"],"acf":[],"aioseo_notices":[],"featured_image":["https:\/\/images.ifun.de\/wp-content\/uploads\/2026\/03\/new-imac-2026-feature.jpg"],"subheadline":["Neue Farben statt neuer Hardware"],"rest_api_enabler":{"featured_image":"https:\/\/images.ifun.de\/wp-content\/uploads\/2026\/03\/new-imac-2026-feature.jpg","subheadline":"Neue Farben statt neuer Hardware"},"_links":{"self":[{"href":"https:\/\/www.ifun.de\/apiv2\/wp\/v2\/posts\/275850","targetHints":{"allow":["GET"]}}],"collection":[{"href":"https:\/\/www.ifun.de\/apiv2\/wp\/v2\/posts"}],"about":[{"href":"https:\/\/www.ifun.de\/apiv2\/wp\/v2\/types\/post"}],"author":[{"embeddable":true,"href":"https:\/\/www.ifun.de\/apiv2\/wp\/v2\/users\/1"}],"replies":[{"embeddable":true,"href":"https:\/\/www.ifun.de\/apiv2\/wp\/v2\/comments?post=275850"}],"version-history":[{"count":2,"href":"https:\/\/www.ifun.de\/apiv2\/wp\/v2\/posts\/275850\/revisions"}],"predecessor-version":[{"id":275857,"href":"https:\/\/www.ifun.de\/apiv2\/wp\/v2\/posts\/275850\/revisions\/275857"}],"wp:featuredmedia":[{"embeddable":true,"href":"https:\/\/www.ifun.de\/apiv2\/wp\/v2\/media\/275853"}],"wp:attachment":[{"href":"https:\/\/www.ifun.de\/apiv2\/wp\/v2\/media?parent=275850"}],"wp:term":[{"taxonomy":"category","embeddable":true,"href":"https:\/\/www.ifun.de\/apiv2\/wp\/v2\/categories?post=275850"},{"taxonomy":"post_tag","embeddable":true,"href":"https:\/\/www.ifun.de\/apiv2\/wp\/v2\/tags?post=275850"}],"curies":[{"name":"wp","href":"https:\/\/api.w.org\/{rel}","templated":true}]}}