{"id":275745,"date":"2026-03-06T15:01:22","date_gmt":"2026-03-06T14:01:22","guid":{"rendered":"https:\/\/www.ifun.de\/?p=275745"},"modified":"2026-03-06T15:01:22","modified_gmt":"2026-03-06T14:01:22","slug":"ma270s-benq-stellt-neuen-5k-bildschirm-fuer-macs-vor","status":"publish","type":"post","link":"https:\/\/www.ifun.de\/ma270s-benq-stellt-neuen-5k-bildschirm-fuer-macs-vor-275745\/","title":{"rendered":"MA270S: BenQ stellt neuen 5K-Bildschirm f\u00fcr Macs vor"},"content":{"rendered":"<p>Der Hersteller BenQ hat mit dem Modell <a href=\"https:\/\/www.benq.com\/en-us\/monitor\/home\/ma270s.html\">MA270S<\/a> einen weiteren Monitor angek\u00fcndigt, der sich gezielt an Mac-Nutzer richtet. Laut Hersteller soll sich der 27-Zoll-Bildschirm leistungsm\u00e4\u00dfig und qualitativ an den Eigenschaften aktueller Apple-Displays orientieren. Konkret scheint BenQ mit dem Neuzugang in der speziell f\u00fcr den Einsatz mit Macs optimierten MA-Serie eine g\u00fcnstigere Alternative zu dem eben neu vorgestellten <a href=\"https:\/\/www.apple.com\/de\/studio-display\/\">Apple Studio Display<\/a> bieten zu wollen.<\/p>\n<p><a href=\"https:\/\/images.ifun.de\/wp-content\/uploads\/2026\/03\/benq-ma270s.jpg\"><img loading=\"lazy\" decoding=\"async\" src=\"https:\/\/images.ifun.de\/wp-content\/uploads\/2026\/03\/benq-ma270s-500x283.jpg\" alt=\"Benq Ma270s\" width=\"500\" height=\"283\" class=\"alignnone size-medium wp-image-275749\" srcset=\"https:\/\/images.ifun.de\/wp-content\/uploads\/2026\/03\/benq-ma270s-500x283.jpg 500w, https:\/\/images.ifun.de\/wp-content\/uploads\/2026\/03\/benq-ma270s-700x396.jpg 700w, https:\/\/images.ifun.de\/wp-content\/uploads\/2026\/03\/benq-ma270s-768x434.jpg 768w, https:\/\/images.ifun.de\/wp-content\/uploads\/2026\/03\/benq-ma270s.jpg 1400w\" sizes=\"auto, (max-width: 500px) 100vw, 500px\" \/><\/a><\/p>\n<p>Der BenQ MA270S bietet eine 5K-Aufl\u00f6sung von 5120 \u00d7 2880 Pixeln und damit eine mit den Studio-Displays von Apple vergleichbare Pixeldichte, die f\u00fcr besonders scharfe Textdarstellung sorgen soll. Das Nano-Gloss-Panel soll eine Helligkeit von bis zu 500 Nits erm\u00f6glichen. Die Standardversion des Apple Studio Display legt hier mit 600 Nits etwas h\u00f6her. F\u00fcr das Studio Display XDR nennt Apple sogar Helligkeitswerte von bis zu 1.000 Nits bei Standardinhalten und 2.000 Nits f\u00fcr HDR.<\/p>\n<h2>macOS-Funktionen integriert<\/h2>\n<p>BenQ stattet seine Mac-Bildschirme teils mit speziellen Funktionen f\u00fcr macOS aus. So verf\u00fcgt das neue Modell MA270S \u00fcber eine Funktion namens iKeyboard Control, um beispielsweise die Helligkeit des Monitors direkt \u00fcber die Tastatur eines angeschlossenen MacBooks zu steuern. Auch Funktionen wie die automatische Anpassung der Bildschirmhelligkeit oder eine Abstimmung der Farbdarstellung werden unterst\u00fctzt und k\u00f6nnen mit macOS synchronisiert werden.<\/p>\n<p><a href=\"https:\/\/images.ifun.de\/wp-content\/uploads\/2026\/03\/benq-ma270s-1.jpg\"><img loading=\"lazy\" decoding=\"async\" src=\"https:\/\/images.ifun.de\/wp-content\/uploads\/2026\/03\/benq-ma270s-1-500x338.jpg\" alt=\"Benq Ma270s 1\" width=\"500\" height=\"338\" class=\"alignnone size-medium wp-image-275748\" srcset=\"https:\/\/images.ifun.de\/wp-content\/uploads\/2026\/03\/benq-ma270s-1-500x338.jpg 500w, https:\/\/images.ifun.de\/wp-content\/uploads\/2026\/03\/benq-ma270s-1-700x473.jpg 700w, https:\/\/images.ifun.de\/wp-content\/uploads\/2026\/03\/benq-ma270s-1-768x518.jpg 768w, https:\/\/images.ifun.de\/wp-content\/uploads\/2026\/03\/benq-ma270s-1.jpg 1400w\" sizes=\"auto, (max-width: 500px) 100vw, 500px\" \/><\/a><\/p>\n<p>Der Monitor ist mit Thunderbolt 4 ausgestattet und kann \u00fcber ein einzelnes Kabel Bildsignale \u00fcbertragen und ein angeschlossenes Notebook mit bis zu 96 Watt versorgen. Ein zus\u00e4tzlicher Thunderbolt-Anschluss erlaubt das Weiterreichen des Signals an ein weiteres Display. Dar\u00fcber hinaus unterst\u00fctzt der Bildschirm eine KVM-Funktion, mit der sich zwei angeschlossene Systeme \u00fcber eine gemeinsame Tastatur und Maus steuern lassen.<\/p>\n<h2>Preis und Marktstart in Deutschland offen<\/h2>\n<p>Der BenQ MA270S soll in diesem Monat in den Handel kommen. Der Hersteller nennt als empfohlenen Verkaufspreis 999 US-Dollar. Offizielle Informationen zum Preis und der Verf\u00fcgbarkeit in Deutschland liegen uns noch nicht vor.<img loading=\"lazy\" decoding=\"async\" src=\"https:\/\/vg09.met.vgwort.de\/na\/e5c98937cba6472ca692806e2a376ce5\" width=\"1\" height=\"1\" no-lazy class=\"tracking\"><\/p>\n","protected":false},"excerpt":{"rendered":"<a href=\"https:\/\/www.ifun.de\/ma270s-benq-stellt-neuen-5k-bildschirm-fuer-macs-vor-275745\/\"><img width=\"150\" height=\"150\" src=\"https:\/\/images.ifun.de\/wp-content\/uploads\/2026\/03\/benq-ma270s-monitor-feature-150x150.jpg\" class=\"alignright tfe wp-post-image\" alt=\"Benq Ma270s Monitor Feature\" decoding=\"async\" loading=\"lazy\" \/><\/a><p>Der Hersteller BenQ hat mit dem Modell MA270S einen weiteren Monitor angek\u00fcndigt, der sich gezielt an Mac-Nutzer richtet. Laut Hersteller soll sich der 27-Zoll-Bildschirm leistungsm\u00e4\u00dfig und qualitativ an den Eigenschaften aktueller Apple-Displays orientieren. Konkret scheint BenQ mit dem Neuzugang in der speziell f\u00fcr den Einsatz mit Macs optimierten MA-Serie eine g\u00fcnstigere Alternative zu dem eben [&hellip;]<\/p>\n","protected":false},"author":2,"featured_media":275750,"comment_status":"open","ping_status":"closed","sticky":false,"template":"","format":"standard","meta":{"_acf_changed":false,"footnotes":""},"categories":[1],"tags":[4354,765],"class_list":["post-275745","post","type-post","status-publish","format-standard","has-post-thumbnail","hentry","category-news","tag-benq","tag-monitor"],"acf":[],"aioseo_notices":[],"featured_image":["https:\/\/images.ifun.de\/wp-content\/uploads\/2026\/03\/benq-ma270s-monitor-feature.jpg"],"subheadline":["Alternative zum Studio Display?"],"rest_api_enabler":{"featured_image":"https:\/\/images.ifun.de\/wp-content\/uploads\/2026\/03\/benq-ma270s-monitor-feature.jpg","subheadline":"Alternative zum Studio Display?"},"_links":{"self":[{"href":"https:\/\/www.ifun.de\/apiv2\/wp\/v2\/posts\/275745","targetHints":{"allow":["GET"]}}],"collection":[{"href":"https:\/\/www.ifun.de\/apiv2\/wp\/v2\/posts"}],"about":[{"href":"https:\/\/www.ifun.de\/apiv2\/wp\/v2\/types\/post"}],"author":[{"embeddable":true,"href":"https:\/\/www.ifun.de\/apiv2\/wp\/v2\/users\/2"}],"replies":[{"embeddable":true,"href":"https:\/\/www.ifun.de\/apiv2\/wp\/v2\/comments?post=275745"}],"version-history":[{"count":3,"href":"https:\/\/www.ifun.de\/apiv2\/wp\/v2\/posts\/275745\/revisions"}],"predecessor-version":[{"id":275752,"href":"https:\/\/www.ifun.de\/apiv2\/wp\/v2\/posts\/275745\/revisions\/275752"}],"wp:featuredmedia":[{"embeddable":true,"href":"https:\/\/www.ifun.de\/apiv2\/wp\/v2\/media\/275750"}],"wp:attachment":[{"href":"https:\/\/www.ifun.de\/apiv2\/wp\/v2\/media?parent=275745"}],"wp:term":[{"taxonomy":"category","embeddable":true,"href":"https:\/\/www.ifun.de\/apiv2\/wp\/v2\/categories?post=275745"},{"taxonomy":"post_tag","embeddable":true,"href":"https:\/\/www.ifun.de\/apiv2\/wp\/v2\/tags?post=275745"}],"curies":[{"name":"wp","href":"https:\/\/api.w.org\/{rel}","templated":true}]}}