{"id":275738,"date":"2026-03-06T13:27:43","date_gmt":"2026-03-06T12:27:43","guid":{"rendered":"https:\/\/www.ifun.de\/?p=275738"},"modified":"2026-03-06T15:03:12","modified_gmt":"2026-03-06T14:03:12","slug":"ikea-neue-varmblixt-leuchte-mit-matter-startet-in-deutschland","status":"publish","type":"post","link":"https:\/\/www.ifun.de\/ikea-neue-varmblixt-leuchte-mit-matter-startet-in-deutschland-275738\/","title":{"rendered":"IKEA: Neue Varmblixt-Leuchte mit Matter startet in Deutschland"},"content":{"rendered":"<p>Die <a href=\"https:\/\/clk.tradedoubler.com\/click?p=290994&amp;a=747172&amp;url=https%3A%2F%2Fwww.ikea.com%2Fde%2Fde%2Fp%2Fvarmblixt-tisch-wandleuchte-led-dimmbar-smart-weisses-glas-farb-und-weissspektrum-70612940%2F\">neue Version der Varmblixt-Leuchte<\/a> von IKEA ist etwas fr\u00fcher als urspr\u00fcnglich angek\u00fcndigt in den Filialen des Einrichtungshauses erh\u00e4ltlich. Im Gegensatz zum Vorg\u00e4ngermodell, das teilweise noch zu reduzierten Preisen erh\u00e4ltlich ist, l\u00e4sst sich das neue Varmblixt-Modell in Smarthome-Systeme integrieren. IKEA setzt dabei auf den Matter-Standard, was eine direkte Kompatibilit\u00e4t mit Apple Home, Amazon Alexa und weiteren Smarthome-Systemen mit sich bringt.<\/p>\n<h2>Integration \u00fcber Thread oder Dirigera-Hub<\/h2>\n<p>Die Einbindung erfolgt \u00fcber den Standard Matter in Verbindung mit Thread. Dementsprechend wird ein Thread Border Router wie etwa der HomePod mini f\u00fcr die Integration ins Heimnetz vorausgesetzt. Unabh\u00e4ngig davon l\u00e4sst sich die Varmblixt-Leuchte auch direkt mit dem Dirigera-Hub von IKEA verbinden. Auf diesem Weg und bei Verwendung der Smarthome-App von IKEA steht laut Hersteller auch ein erweiterter Funktionsumfang zur Verf\u00fcgung. Matter erm\u00f6glicht hersteller\u00fcbergreifend das An- und Ausschalten sowie die \u00c4nderung der Farbe und Helligkeit des Lichts.<\/p>\n<p><a href=\"https:\/\/images.ifun.de\/wp-content\/uploads\/2026\/03\/varmblixt-tisch-wandleuchte-ikea.jpg\"><img loading=\"lazy\" decoding=\"async\" src=\"https:\/\/images.ifun.de\/wp-content\/uploads\/2026\/03\/varmblixt-tisch-wandleuchte-ikea-700x552.jpg\" alt=\"Varmblixt Tisch Wandleuchte Ikea\" width=\"700\" height=\"552\" class=\"alignnone size-large wp-image-275741\" srcset=\"https:\/\/images.ifun.de\/wp-content\/uploads\/2026\/03\/varmblixt-tisch-wandleuchte-ikea-700x552.jpg 700w, https:\/\/images.ifun.de\/wp-content\/uploads\/2026\/03\/varmblixt-tisch-wandleuchte-ikea-500x394.jpg 500w, https:\/\/images.ifun.de\/wp-content\/uploads\/2026\/03\/varmblixt-tisch-wandleuchte-ikea-768x606.jpg 768w, https:\/\/images.ifun.de\/wp-content\/uploads\/2026\/03\/varmblixt-tisch-wandleuchte-ikea.jpg 900w\" sizes=\"auto, (max-width: 700px) 100vw, 700px\" \/><\/a><\/p>\n<p>Die Varmblixt-Leuchte von IKEA l\u00e4sst sich sowohl an der Wand als auch liegend verwenden. Die Leuchte ist zw\u00f6lf Zentimeter hoch und hat einen Durchmesser von 30 Zentimetern.<\/p>\n<h2>Inklusive Fernbdienung<\/h2>\n<p>Mit der im Lieferumfang enthaltenen und bereits gekoppelten Fernbedienung l\u00e4sst sich die Leuchte dimmen und man kann zwischen verschiedenen Farben wechseln. Das LED-Leuchtmittel hat laut IKEA eine Haltbarkeit von rund 25.000 Stunden. Dies entspr\u00e4che rund 25 Jahren, wenn die Leuchte t\u00e4glich etwa drei Stunden eingeschaltet ist. Die Lichtleistung wird mit maximal 180 Lumen angegeben.<\/p>\n<p><video poster=\"\" preload=\"auto\" controls=\"controls\" width=\"100%\"><source src=\"https:\/\/www.ikea.com\/pvid\/1507523_fe004524.mp4#t=0.5\" \/><\/video><\/p>\n<p>Derzeit liefert IKEA die Varmblixt-Leuchte noch nicht nach Hause. Sie l\u00e4sst sich jedoch zur Abholung in einer Filiale <a href=\"https:\/\/clk.tradedoubler.com\/click?p=290994&amp;a=747172&amp;url=https%3A%2F%2Fwww.ikea.com%2Fde%2Fde%2Fp%2Fvarmblixt-tisch-wandleuchte-led-dimmbar-smart-weisses-glas-farb-und-weissspektrum-70612940%2F\">bestellen<\/a>. In das Bestellsystem findet sich auch eine Verf\u00fcgbarkeitsabfrage f\u00fcr die einzelnen IKEA-Niederlassungen integriert. Der Preis wird mit 79,99 Euro angegeben.<img loading=\"lazy\" decoding=\"async\" src=\"https:\/\/vg09.met.vgwort.de\/na\/966e198d98f543c3809a492268a7c0e8\" width=\"1\" height=\"1\" no-lazy class=\"tracking\"><\/p>\n","protected":false},"excerpt":{"rendered":"<a href=\"https:\/\/www.ifun.de\/ikea-neue-varmblixt-leuchte-mit-matter-startet-in-deutschland-275738\/\"><img width=\"150\" height=\"150\" src=\"https:\/\/images.ifun.de\/wp-content\/uploads\/2026\/03\/ikea-varmblixt-feature-150x150.jpg\" class=\"alignright tfe wp-post-image\" alt=\"Ikea Varmblixt Feature\" decoding=\"async\" loading=\"lazy\" \/><\/a><p>Die neue Version der Varmblixt-Leuchte von IKEA ist etwas fr\u00fcher als urspr\u00fcnglich angek\u00fcndigt in den Filialen des Einrichtungshauses erh\u00e4ltlich. Im Gegensatz zum Vorg\u00e4ngermodell, das teilweise noch zu reduzierten Preisen erh\u00e4ltlich ist, l\u00e4sst sich das neue Varmblixt-Modell in Smarthome-Systeme integrieren. IKEA setzt dabei auf den Matter-Standard, was eine direkte Kompatibilit\u00e4t mit Apple Home, Amazon Alexa und [&hellip;]<\/p>\n","protected":false},"author":2,"featured_media":275742,"comment_status":"open","ping_status":"closed","sticky":false,"template":"","format":"standard","meta":{"_acf_changed":false,"footnotes":""},"categories":[1],"tags":[1132],"class_list":["post-275738","post","type-post","status-publish","format-standard","has-post-thumbnail","hentry","category-news","tag-ikea"],"acf":[],"aioseo_notices":[],"featured_image":["https:\/\/images.ifun.de\/wp-content\/uploads\/2026\/03\/ikea-varmblixt-feature.jpg"],"subheadline":["Fernbedienung inklusive"],"rest_api_enabler":{"featured_image":"https:\/\/images.ifun.de\/wp-content\/uploads\/2026\/03\/ikea-varmblixt-feature.jpg","subheadline":"Fernbedienung inklusive"},"_links":{"self":[{"href":"https:\/\/www.ifun.de\/apiv2\/wp\/v2\/posts\/275738","targetHints":{"allow":["GET"]}}],"collection":[{"href":"https:\/\/www.ifun.de\/apiv2\/wp\/v2\/posts"}],"about":[{"href":"https:\/\/www.ifun.de\/apiv2\/wp\/v2\/types\/post"}],"author":[{"embeddable":true,"href":"https:\/\/www.ifun.de\/apiv2\/wp\/v2\/users\/2"}],"replies":[{"embeddable":true,"href":"https:\/\/www.ifun.de\/apiv2\/wp\/v2\/comments?post=275738"}],"version-history":[{"count":4,"href":"https:\/\/www.ifun.de\/apiv2\/wp\/v2\/posts\/275738\/revisions"}],"predecessor-version":[{"id":275754,"href":"https:\/\/www.ifun.de\/apiv2\/wp\/v2\/posts\/275738\/revisions\/275754"}],"wp:featuredmedia":[{"embeddable":true,"href":"https:\/\/www.ifun.de\/apiv2\/wp\/v2\/media\/275742"}],"wp:attachment":[{"href":"https:\/\/www.ifun.de\/apiv2\/wp\/v2\/media?parent=275738"}],"wp:term":[{"taxonomy":"category","embeddable":true,"href":"https:\/\/www.ifun.de\/apiv2\/wp\/v2\/categories?post=275738"},{"taxonomy":"post_tag","embeddable":true,"href":"https:\/\/www.ifun.de\/apiv2\/wp\/v2\/tags?post=275738"}],"curies":[{"name":"wp","href":"https:\/\/api.w.org\/{rel}","templated":true}]}}