{"id":275685,"date":"2026-03-05T16:01:25","date_gmt":"2026-03-05T15:01:25","guid":{"rendered":"https:\/\/www.ifun.de\/?p=275685"},"modified":"2026-03-05T16:03:36","modified_gmt":"2026-03-05T15:03:36","slug":"macbook-neo-parallels-warnt-vor-moeglicher-einschraenkung","status":"publish","type":"post","link":"https:\/\/www.ifun.de\/macbook-neo-parallels-warnt-vor-moeglicher-einschraenkung-275685\/","title":{"rendered":"MacBook Neo: Parallels warnt vor m\u00f6glicher Einschr\u00e4nkung"},"content":{"rendered":"<p>Apple richtet sich mit dem MacBook Neo vor allem an Alltagsnutzer und den Bildungsbereich. Das Ger\u00e4t weist <a href=\"https:\/\/www.ifun.de\/macbook-neo-technikdetails-die-im-datenblatt-leicht-untergehen-275595\/\">mehrere Einschr\u00e4nkungen<\/a> auf, darunter die Beschr\u00e4nkung auf acht Gigabyte Arbeitsspeicher, was es f\u00fcr professionelle Anwendungen eher ungeeignet erscheinen l\u00e4sst. Die tats\u00e4chlichen Grenzen kann man jedoch erst ausloten, wenn das Notebook von Mittwoch an ausgeliefert wird.<\/p>\n<p>Als erster Softwareanbieter <a href=\"https:\/\/kb.parallels.com\/de\/131100\">weisen<\/a> die Entwickler von Parallels Desktop nun darauf hin, dass sich ihre Anwendung aller Voraussicht nach nur eingeschr\u00e4nkt, m\u00f6glicherweise gar nicht, auf dem MacBook Neo verwenden l\u00e4sst. Verl\u00e4ssliche Aussagen k\u00f6nne man erst liefern, wenn die neue Apple-Hardware f\u00fcr entsprechende Tests verf\u00fcgbar ist.<\/p>\n<p><a href=\"https:\/\/images.ifun.de\/wp-content\/uploads\/2025\/08\/parallels-26-speicher.jpg\"><img loading=\"lazy\" decoding=\"async\" src=\"https:\/\/images.ifun.de\/wp-content\/uploads\/2025\/08\/parallels-26-speicher-700x462.jpg\" alt=\"Parallels 26 Speicher\" width=\"700\" height=\"462\" class=\"alignnone size-large wp-image-263730\" srcset=\"https:\/\/images.ifun.de\/wp-content\/uploads\/2025\/08\/parallels-26-speicher-700x462.jpg 700w, https:\/\/images.ifun.de\/wp-content\/uploads\/2025\/08\/parallels-26-speicher-500x330.jpg 500w, https:\/\/images.ifun.de\/wp-content\/uploads\/2025\/08\/parallels-26-speicher-768x507.jpg 768w, https:\/\/images.ifun.de\/wp-content\/uploads\/2025\/08\/parallels-26-speicher.jpg 1200w\" sizes=\"auto, (max-width: 700px) 100vw, 700px\" \/><\/a><\/p>\n<h6>Parallels auf einem Mac mit M-Prozessor<\/h6>\n<h2>iPhone-Prozessor als m\u00f6glicher Stolperstein<\/h2>\n<p>Ein m\u00f6glicher Grund daf\u00fcr ist der im MacBook Neo verbaute Prozessor aus der iPhone-Reihe. Auf Macs mit Prozessoren der M-Serie von Apple nutzt Parallels spezielle Funktionen der Chips, um virtuelle Maschinen zu betreiben. Der im MacBook Neo eingesetzte A18-Pro-Prozessor basiert zwar ebenfalls auf ARM-Architektur, geh\u00f6rt jedoch nicht zur M-Serie. Es sei nicht auszuschlie\u00dfen, dass der Chip ebenfalls die erforderlichen Virtualisierungsfunktionen bereitstellt. Bis man die Tests abgeschlossen habe, k\u00f6nne man das MacBook Neo nicht als eine mit Parallels Desktop kompatible Plattform zu betrachten.<\/p>\n<p>Doch auch, wenn sich die Software grunds\u00e4tzlich darauf nutzen lie\u00dfe, d\u00fcrfte die Leistungsf\u00e4higkeit begrenzt sein. Der vergleichsweise geringe Arbeitsspeicher von acht Gigabyte muss sowohl f\u00fcr macOS als auch f\u00fcr die virtuellen Maschinen gen\u00fcgen. Da Windows 11 bereits mindestens vier Gigabyte ben\u00f6tigt, bleibt nur begrenzter Spielraum f\u00fcr zus\u00e4tzliche Programme.<\/p>\n<h2>Passives K\u00fchlsystem als weiterer Faktor<\/h2>\n<p>Auch das passive K\u00fchlsystem des MacBook Neo sehen die Parallels-Entwickler als potenzielle H\u00fcrde. Das Notebook arbeitet ohne L\u00fcfter und gibt W\u00e4rme ausschlie\u00dflich \u00fcber sein Geh\u00e4use ab. Bei l\u00e4ngerer Belastung muss man damit rechnen, dass der Prozessor seine Taktfrequenz reduziert, um eine \u00dcberhitzung zu vermeiden.<\/p>\n<p>Parallels empfiehlt f\u00fcr diesen Einsatzzweck weiterhin Macs mit leistungsst\u00e4rkeren Prozessoren und mehr Arbeitsspeicher. Ger\u00e4te mit Chips der M-Serie und mindestens 16 Gigabyte gemeinsam genutztem Speicher w\u00fcrden sich f\u00fcr rechenintensive Aufgaben oder die Nutzung umfangreicher Windows-Anwendungen besser eignen.<img loading=\"lazy\" decoding=\"async\" src=\"https:\/\/vg09.met.vgwort.de\/na\/56301185a9484d279eb1710938ce1bca\" width=\"1\" height=\"1\" no-lazy class=\"tracking\"><\/p>\n","protected":false},"excerpt":{"rendered":"<a href=\"https:\/\/www.ifun.de\/macbook-neo-parallels-warnt-vor-moeglicher-einschraenkung-275685\/\"><img decoding=\"async\" width=\"150\" src=\"https:\/\/images.ifun.de\/wp-content\/uploads\/2025\/08\/parallels-26-speicher-700x462.jpg\" class=\"alignright wp-post-image tfe\" alt=\"Parallels 26 Speicher\" title=\"\" \/><\/a><p>Apple richtet sich mit dem MacBook Neo vor allem an Alltagsnutzer und den Bildungsbereich. Das Ger\u00e4t weist mehrere Einschr\u00e4nkungen auf, darunter die Beschr\u00e4nkung auf acht Gigabyte Arbeitsspeicher, was es f\u00fcr professionelle Anwendungen eher ungeeignet erscheinen l\u00e4sst. Die tats\u00e4chlichen Grenzen kann man jedoch erst ausloten, wenn das Notebook von Mittwoch an ausgeliefert wird. Als erster Softwareanbieter [&hellip;]<\/p>\n","protected":false},"author":2,"featured_media":0,"comment_status":"open","ping_status":"closed","sticky":false,"template":"","format":"standard","meta":{"_acf_changed":false,"footnotes":""},"categories":[16],"tags":[7102,1241],"class_list":["post-275685","post","type-post","status-publish","format-standard","hentry","category-mac","tag-macbook-neo","tag-parallels"],"acf":[],"aioseo_notices":[],"featured_image":["https:\/\/images.ifun.de\/wp-content\/uploads\/2025\/08\/parallels-desktop-feature.jpg"],"subheadline":["Prozessor und Arbeitsspeicher als Stolperstein"],"rest_api_enabler":{"featured_image":"https:\/\/images.ifun.de\/wp-content\/uploads\/2025\/08\/parallels-desktop-feature.jpg","subheadline":"Prozessor und Arbeitsspeicher als Stolperstein"},"_links":{"self":[{"href":"https:\/\/www.ifun.de\/apiv2\/wp\/v2\/posts\/275685","targetHints":{"allow":["GET"]}}],"collection":[{"href":"https:\/\/www.ifun.de\/apiv2\/wp\/v2\/posts"}],"about":[{"href":"https:\/\/www.ifun.de\/apiv2\/wp\/v2\/types\/post"}],"author":[{"embeddable":true,"href":"https:\/\/www.ifun.de\/apiv2\/wp\/v2\/users\/2"}],"replies":[{"embeddable":true,"href":"https:\/\/www.ifun.de\/apiv2\/wp\/v2\/comments?post=275685"}],"version-history":[{"count":2,"href":"https:\/\/www.ifun.de\/apiv2\/wp\/v2\/posts\/275685\/revisions"}],"predecessor-version":[{"id":275688,"href":"https:\/\/www.ifun.de\/apiv2\/wp\/v2\/posts\/275685\/revisions\/275688"}],"wp:attachment":[{"href":"https:\/\/www.ifun.de\/apiv2\/wp\/v2\/media?parent=275685"}],"wp:term":[{"taxonomy":"category","embeddable":true,"href":"https:\/\/www.ifun.de\/apiv2\/wp\/v2\/categories?post=275685"},{"taxonomy":"post_tag","embeddable":true,"href":"https:\/\/www.ifun.de\/apiv2\/wp\/v2\/tags?post=275685"}],"curies":[{"name":"wp","href":"https:\/\/api.w.org\/{rel}","templated":true}]}}