{"id":27532,"date":"2012-07-18T17:01:33","date_gmt":"2012-07-18T15:01:33","guid":{"rendered":"http:\/\/www.ifun.de\/?p=27532"},"modified":"2012-07-18T17:01:50","modified_gmt":"2012-07-18T15:01:50","slug":"ipad-prototyp-fotos","status":"publish","type":"post","link":"https:\/\/www.ifun.de\/ipad-prototyp-fotos-27532\/","title":{"rendered":"Seltene Fotos: Apples erster iPad-Prototyp von 2004"},"content":{"rendered":"<p>Die US-Webseite <a href=\"http:\/\/www.networkworld.com\/community\/blog\/earliest-known-photos-apple-ipad-prototype\">Networkworld<\/a> hat interessantes Bildmaterial von iPad-Prototypen aus dem Zeitraum kurz nach der Jahrtausendwende ver\u00f6ffentlicht. Die Fotos stammen offenbar aus einer gerichtlichen Anh\u00f6rung im Zusammenhang mit den Design-Streitigkeiten zwischen Apple und Samsung und sollen eine Aussage von Apples Chef-Designer Jonathan Ive belegen, der zu Protokoll gegeben hat, entsprechende Prototypen bereits im Zeitraum zwischen 2002 und 2004 gesehen zu haben.<\/p>\n<p><img loading=\"lazy\" decoding=\"async\" src=\"http:\/\/images.ifun.de\/wp-content\/uploads\/2012\/07\/ipad-prototyp-1.jpg\" alt=\"\" title=\"ipad-prototyp-1\" width=\"464\" height=\"297\" class=\"alignnone size-full wp-image-27535\" srcset=\"https:\/\/images.ifun.de\/wp-content\/uploads\/2012\/07\/ipad-prototyp-1.jpg 464w, https:\/\/images.ifun.de\/wp-content\/uploads\/2012\/07\/ipad-prototyp-1-300x192.jpg 300w\" sizes=\"auto, (max-width: 464px) 100vw, 464px\" \/><\/p>\n<p>Die \u00e4u\u00dferlichen \u00c4hnlichkeiten zum aktuellen Modell sind in der Tat unbestreitbar, nur ist das Geh\u00e4use noch deutlich dicker als beim iPad wie wir es kennen.<\/p>\n<p>Dass Apple bereits l\u00e4ngere Zeit mit Tablets experimentiert hat, ist kein Geheimnis. Steve Jobs gestand bereits in einem Interview ein, dass die Urspr\u00fcnge des iPhone in diesen Experimenten zu suchen seien, f\u00fcr ein Tablet wie das iPad sah man damals noch keinen Markt.<\/p>\n<p>Ein paar weitere Bilder sind unten eingebettet, f\u00fcr das komplette Dokument springt ihr r\u00fcber zu <a href=\"http:\/\/www.networkworld.com\/community\/blog\/earliest-known-photos-apple-ipad-prototype\">Networkworld<\/a>.<\/p>\n<p><!--more--><img loading=\"lazy\" decoding=\"async\" src=\"http:\/\/images.ifun.de\/wp-content\/uploads\/2012\/07\/ipad-prototyp-2.jpg\" alt=\"\" title=\"ipad-prototyp-2\" width=\"464\" height=\"264\" class=\"alignnone size-full wp-image-27533\" srcset=\"https:\/\/images.ifun.de\/wp-content\/uploads\/2012\/07\/ipad-prototyp-2.jpg 464w, https:\/\/images.ifun.de\/wp-content\/uploads\/2012\/07\/ipad-prototyp-2-300x170.jpg 300w\" sizes=\"auto, (max-width: 464px) 100vw, 464px\" \/><\/p>\n<p><img loading=\"lazy\" decoding=\"async\" src=\"http:\/\/images.ifun.de\/wp-content\/uploads\/2012\/07\/ipad-prototyp-3.jpg\" alt=\"\" title=\"ipad-prototyp-3\" width=\"464\" height=\"402\" class=\"alignnone size-full wp-image-27534\" srcset=\"https:\/\/images.ifun.de\/wp-content\/uploads\/2012\/07\/ipad-prototyp-3.jpg 464w, https:\/\/images.ifun.de\/wp-content\/uploads\/2012\/07\/ipad-prototyp-3-300x259.jpg 300w\" sizes=\"auto, (max-width: 464px) 100vw, 464px\" \/><\/p>\n","protected":false},"excerpt":{"rendered":"<a href=\"https:\/\/www.ifun.de\/ipad-prototyp-fotos-27532\/\"><img width=\"150\" height=\"96\" src=\"https:\/\/images.ifun.de\/wp-content\/uploads\/2012\/07\/ipad-prototyp-1.jpg\" class=\"alignright tfe wp-post-image\" alt=\"\" decoding=\"async\" loading=\"lazy\" srcset=\"https:\/\/images.ifun.de\/wp-content\/uploads\/2012\/07\/ipad-prototyp-1.jpg 464w, https:\/\/images.ifun.de\/wp-content\/uploads\/2012\/07\/ipad-prototyp-1-300x192.jpg 300w\" sizes=\"auto, (max-width: 150px) 100vw, 150px\" \/><\/a><p>Die US-Webseite Networkworld hat interessantes Bildmaterial von iPad-Prototypen aus dem Zeitraum kurz nach der Jahrtausendwende ver\u00f6ffentlicht. Die Fotos stammen offenbar aus einer gerichtlichen Anh\u00f6rung im Zusammenhang mit den Design-Streitigkeiten zwischen Apple und Samsung und sollen eine Aussage von Apples Chef-Designer Jonathan Ive belegen, der zu Protokoll gegeben hat, entsprechende Prototypen bereits im Zeitraum zwischen 2002 [&hellip;]<\/p>\n","protected":false},"author":2,"featured_media":27535,"comment_status":"open","ping_status":"closed","sticky":false,"template":"","format":"standard","meta":{"_acf_changed":false,"footnotes":""},"categories":[10],"tags":[4736,4740,4741,588,485],"class_list":["post-27532","post","type-post","status-publish","format-standard","has-post-thumbnail","hentry","category-ipad","tag-apple","tag-ipad","tag-iphone","tag-prototyp","tag-samsung"],"acf":[],"aioseo_notices":[],"rest_api_enabler":[],"_links":{"self":[{"href":"https:\/\/www.ifun.de\/apiv2\/wp\/v2\/posts\/27532","targetHints":{"allow":["GET"]}}],"collection":[{"href":"https:\/\/www.ifun.de\/apiv2\/wp\/v2\/posts"}],"about":[{"href":"https:\/\/www.ifun.de\/apiv2\/wp\/v2\/types\/post"}],"author":[{"embeddable":true,"href":"https:\/\/www.ifun.de\/apiv2\/wp\/v2\/users\/2"}],"replies":[{"embeddable":true,"href":"https:\/\/www.ifun.de\/apiv2\/wp\/v2\/comments?post=27532"}],"version-history":[{"count":3,"href":"https:\/\/www.ifun.de\/apiv2\/wp\/v2\/posts\/27532\/revisions"}],"predecessor-version":[{"id":27538,"href":"https:\/\/www.ifun.de\/apiv2\/wp\/v2\/posts\/27532\/revisions\/27538"}],"wp:featuredmedia":[{"embeddable":true,"href":"https:\/\/www.ifun.de\/apiv2\/wp\/v2\/media\/27535"}],"wp:attachment":[{"href":"https:\/\/www.ifun.de\/apiv2\/wp\/v2\/media?parent=27532"}],"wp:term":[{"taxonomy":"category","embeddable":true,"href":"https:\/\/www.ifun.de\/apiv2\/wp\/v2\/categories?post=27532"},{"taxonomy":"post_tag","embeddable":true,"href":"https:\/\/www.ifun.de\/apiv2\/wp\/v2\/tags?post=27532"}],"curies":[{"name":"wp","href":"https:\/\/api.w.org\/{rel}","templated":true}]}}