{"id":27482,"date":"2012-07-18T08:36:02","date_gmt":"2012-07-18T06:36:02","guid":{"rendered":"http:\/\/www.ifun.de\/?p=27482"},"modified":"2012-07-18T12:17:53","modified_gmt":"2012-07-18T10:17:53","slug":"apple-store-nicht-erreichbar-2","status":"publish","type":"post","link":"https:\/\/www.ifun.de\/apple-store-nicht-erreichbar-2-27482\/","title":{"rendered":"Vermutlich Wartungsintervall: Apple Store nicht erreichbar"},"content":{"rendered":"<p><strong>UPDATE: Der Apple Store ist ohne erkennbare \u00c4nderungen wieder erreichbar.<\/strong><\/p>\n<p>Etwas ungew\u00f6hnlich f\u00fcr einen Mittwoch Vormittag g\u00f6nnt Apple dem <a href=\"http:\/\/clk.tradedoubler.com\/click?p=3469&#038;a=747172&#038;g=17982018&#038;url=http:\/\/store.apple.com\/de\/go\/home\">hauseigenen Online-Store<\/a> gerade eine Auszeit. Eigentlich rechnen wir ja erst f\u00fcr n\u00e4chste Woche mit dem neuen Mac OS  Mountain Lion und in diesem Zusammenhang <em>vielleicht<\/em> noch mit neuen iMacs. Heute w\u00fcrden uns Neuerungen \u00fcberraschen und wir gehen eher von einem Wartungsintervall aus. Danke f\u00fcr eure Mails.<\/p>\n<p><img loading=\"lazy\" decoding=\"async\" src=\"http:\/\/images.ifun.de\/wp-content\/uploads\/2012\/07\/apple-store-offline.jpg\" alt=\"\" title=\"apple-store-offline\" width=\"464\" height=\"195\" class=\"alignnone size-full wp-image-27483\" srcset=\"https:\/\/images.ifun.de\/wp-content\/uploads\/2012\/07\/apple-store-offline.jpg 464w, https:\/\/images.ifun.de\/wp-content\/uploads\/2012\/07\/apple-store-offline-300x126.jpg 300w\" sizes=\"auto, (max-width: 464px) 100vw, 464px\" \/><\/p>\n","protected":false},"excerpt":{"rendered":"<a href=\"https:\/\/www.ifun.de\/apple-store-nicht-erreichbar-2-27482\/\"><img width=\"150\" height=\"63\" src=\"https:\/\/images.ifun.de\/wp-content\/uploads\/2012\/07\/apple-store-offline.jpg\" class=\"alignright tfe wp-post-image\" alt=\"\" decoding=\"async\" loading=\"lazy\" srcset=\"https:\/\/images.ifun.de\/wp-content\/uploads\/2012\/07\/apple-store-offline.jpg 464w, https:\/\/images.ifun.de\/wp-content\/uploads\/2012\/07\/apple-store-offline-300x126.jpg 300w\" sizes=\"auto, (max-width: 150px) 100vw, 150px\" \/><\/a><p>UPDATE: Der Apple Store ist ohne erkennbare \u00c4nderungen wieder erreichbar. Etwas ungew\u00f6hnlich f\u00fcr einen Mittwoch Vormittag g\u00f6nnt Apple dem hauseigenen Online-Store gerade eine Auszeit. Eigentlich rechnen wir ja erst f\u00fcr n\u00e4chste Woche mit dem neuen Mac OS Mountain Lion und in diesem Zusammenhang vielleicht noch mit neuen iMacs. Heute w\u00fcrden uns Neuerungen \u00fcberraschen und wir [&hellip;]<\/p>\n","protected":false},"author":2,"featured_media":27483,"comment_status":"open","ping_status":"closed","sticky":false,"template":"","format":"standard","meta":{"_acf_changed":false,"footnotes":""},"categories":[3],"tags":[49],"class_list":["post-27482","post","type-post","status-publish","format-standard","has-post-thumbnail","hentry","category-apple","tag-apple-store"],"acf":[],"aioseo_notices":[],"rest_api_enabler":[],"_links":{"self":[{"href":"https:\/\/www.ifun.de\/apiv2\/wp\/v2\/posts\/27482","targetHints":{"allow":["GET"]}}],"collection":[{"href":"https:\/\/www.ifun.de\/apiv2\/wp\/v2\/posts"}],"about":[{"href":"https:\/\/www.ifun.de\/apiv2\/wp\/v2\/types\/post"}],"author":[{"embeddable":true,"href":"https:\/\/www.ifun.de\/apiv2\/wp\/v2\/users\/2"}],"replies":[{"embeddable":true,"href":"https:\/\/www.ifun.de\/apiv2\/wp\/v2\/comments?post=27482"}],"version-history":[{"count":4,"href":"https:\/\/www.ifun.de\/apiv2\/wp\/v2\/posts\/27482\/revisions"}],"predecessor-version":[{"id":27524,"href":"https:\/\/www.ifun.de\/apiv2\/wp\/v2\/posts\/27482\/revisions\/27524"}],"wp:featuredmedia":[{"embeddable":true,"href":"https:\/\/www.ifun.de\/apiv2\/wp\/v2\/media\/27483"}],"wp:attachment":[{"href":"https:\/\/www.ifun.de\/apiv2\/wp\/v2\/media?parent=27482"}],"wp:term":[{"taxonomy":"category","embeddable":true,"href":"https:\/\/www.ifun.de\/apiv2\/wp\/v2\/categories?post=27482"},{"taxonomy":"post_tag","embeddable":true,"href":"https:\/\/www.ifun.de\/apiv2\/wp\/v2\/tags?post=27482"}],"curies":[{"name":"wp","href":"https:\/\/api.w.org\/{rel}","templated":true}]}}