{"id":273356,"date":"2026-01-28T11:01:19","date_gmt":"2026-01-28T10:01:19","guid":{"rendered":"https:\/\/www.ifun.de\/?p=273356"},"modified":"2026-01-28T11:02:32","modified_gmt":"2026-01-28T10:02:32","slug":"nach-toedlichen-schuessen-in-minneapolis-tim-cook-ruft-zur-deeskalation-auf","status":"publish","type":"post","link":"https:\/\/www.ifun.de\/nach-toedlichen-schuessen-in-minneapolis-tim-cook-ruft-zur-deeskalation-auf-273356\/","title":{"rendered":"Nach t\u00f6dlichen Sch\u00fcssen in den USA: Tim Cook ruft zur Deeskalation auf"},"content":{"rendered":"<p><a href=\"https:\/\/www.nytimes.com\/video\/us\/100000010668660\/new-video-analysis-reveals-flawed-and-fatal-decisions-in-shooting-of-pretti.html\">Nach den t\u00f6dlichen Sch\u00fcssen<\/a> auf den Intensivpfleger Alex Pretti in Minneapolis, der den Protest gegen das Vorgehen der Einwanderungsbeh\u00f6rde ICE mit seinem Leben bezahlte, hat sich Apple-Chef Tim Cook mit <a href=\"https:\/\/x.com\/markgurman\/status\/2016341138719076362\">einem Mitarbeiter-Memo<\/a> an die Belegschaft gewandt.<\/p>\n<p><a href=\"https:\/\/images.ifun.de\/wp-content\/uploads\/2025\/08\/Trump-geschenk-cook-2500.jpg\"><img loading=\"lazy\" decoding=\"async\" class=\"aligncenter size-medium wp-image-262381\" src=\"https:\/\/images.ifun.de\/wp-content\/uploads\/2025\/08\/Trump-geschenk-cook-2500-500x290.jpg\" alt=\"Trump Geschenk Cook 2500\" width=\"500\" height=\"290\" srcset=\"https:\/\/images.ifun.de\/wp-content\/uploads\/2025\/08\/Trump-geschenk-cook-2500-500x290.jpg 500w, https:\/\/images.ifun.de\/wp-content\/uploads\/2025\/08\/Trump-geschenk-cook-2500-700x406.jpg 700w, https:\/\/images.ifun.de\/wp-content\/uploads\/2025\/08\/Trump-geschenk-cook-2500-768x445.jpg 768w, https:\/\/images.ifun.de\/wp-content\/uploads\/2025\/08\/Trump-geschenk-cook-2500.jpg 1524w\" sizes=\"auto, (max-width: 500px) 100vw, 500px\" \/><\/a><\/p>\n<h6>Donald Trump und Tim Cook bei einem Besuch im Wei\u00dfen Haus<\/h6>\n<p>Der Konzernchef zeigte sich betroffen von den Ereignissen und warb f\u00fcr eine Beruhigung der Lage. Zugleich verwies er darauf, dass der Umgang mit staatlicher Gewalt und Migration die Gesellschaft derzeit stark bewege. In seiner Mitteilung betonte Cook, dass Respekt und W\u00fcrde f\u00fcr alle Menschen zentrale Werte seien, an denen sich auch Unternehmen orientieren sollten.<\/p>\n<p>Cook machte zudem deutlich, dass er das Thema in dieser Woche <a href=\"https:\/\/www.ifun.de\/boykottaufrufe-nach-cook-besuch-im-weissen-haus-273215\/\">in einem Gespr\u00e4ch mit Donald Trump<\/a> angesprochen habe. Nach seinen Angaben sei der Austausch offen verlaufen. Die Wortwahl des Apple-Chefs deckte sich mit \u00f6ffentlichen \u00c4u\u00dferungen des Pr\u00e4sidenten, der ebenfalls eine Deeskalation in Minnesota angek\u00fcndigt hatte. In diesem Zusammenhang ordnete Trump <a href=\"https:\/\/www.nytimes.com\/2026\/01\/26\/us\/politics\/trump-minneapolis-nurse-shooting-video.html?searchResultPosition=6\">personelle Ver\u00e4nderungen in der Leitung<\/a> der Abschiebebeh\u00f6rden des Bundesstaates an.<\/p>\n<p><strong>Cooks Mitarbeiter-Memo im Wortlaut: <\/strong><\/p>\n<blockquote><p>Team,<\/p>\n<p>I&#8217;m heartbroken by the events in Minneapolis, and my prayers and deepest sympathies are with the families, with the communities, and with everyone that&#8217;s been affected.<\/p>\n<p>This is a time for deescalation. I believe America is strongest when we live up to our highest ideals, when we treat everyone with dignity and respect no matter who they are or where they&#8217;re from, and when we embrace our shared humanity. This is something Apple has always advocated for. I had a good conversation with the president this week where I shared my views, and I appreciate his openness to engaging on issues that matter to us all.<\/p>\n<p>I know this is very emotional and challenging for so many. I am proud of how deeply our teams care about the world beyond our walls. That empathy is one of Apple&#8217;s greatest strengths and it is something I believe we all cherish.<\/p>\n<p>Thank you for all that you do.<br \/>\nTim<\/p><\/blockquote>\n<h2>Politische Reaktionen und \u00f6ffentliche Kritik<\/h2>\n<p>Der Vorfall in Minneapolis hatte in den USA breite Reaktionen ausgel\u00f6st. Pretti war bei einer Auseinandersetzung mit einem Beamten der Grenzschutzbeh\u00f6rde ICE ums Leben gekommen. Nur wenige Tage zuvor war es in der Stadt zu einem weiteren t\u00f6dlichen Einsatz gekommen, diesmal durch einen Mitarbeiter der Einwanderungsbeh\u00f6rde. Beide Ereignisse verst\u00e4rkten die \u00f6ffentliche Debatte \u00fcber Vorgehen und Kontrolle f\u00f6deraler Sicherheitskr\u00e4fte.<\/p>\n<p>Cooks Stellungnahme folgt auf eine kurze Phase, in der er auch pers\u00f6nlich in der Kritik stand. Kurz nach dem Schuss hatte er an einer Veranstaltung im Wei\u00dfen Haus teilgenommen, bei der ein Dokumentarfilm \u00fcber Melania Trump gezeigt wurde &#8211; <a href=\"https:\/\/www.ifun.de\/boykottaufrufe-nach-cook-besuch-im-weissen-haus-273215\/\">ifun.de berichtete<\/a>. Neben Cook waren dort auch weitere Spitzenmanager aus der Technologiebranche anwesend. Das Treffen beziehungsweise dessen Zeitpunkt wurde von Teilen der Belegschaft als unangemessen bewertet.<\/p>\n<p><img loading=\"lazy\" decoding=\"async\" src=\"https:\/\/vg07.met.vgwort.de\/na\/b7f104ca88ab4c7aa1b20f92d97e52d9\" width=\"1\" height=\"1\"  no-lazy class=\"tracking\"><\/p>\n","protected":false},"excerpt":{"rendered":"<a href=\"https:\/\/www.ifun.de\/nach-toedlichen-schuessen-in-minneapolis-tim-cook-ruft-zur-deeskalation-auf-273356\/\"><img decoding=\"async\" width=\"150\" src=\"https:\/\/images.ifun.de\/wp-content\/uploads\/2025\/08\/Trump-geschenk-cook-2500-500x290.jpg\" class=\"alignright wp-post-image tfe\" alt=\"Trump Geschenk Cook 2500\" title=\"\" \/><\/a><p>Nach den t\u00f6dlichen Sch\u00fcssen auf den Intensivpfleger Alex Pretti in Minneapolis, der den Protest gegen das Vorgehen der Einwanderungsbeh\u00f6rde ICE mit seinem Leben bezahlte, hat sich Apple-Chef Tim Cook mit einem Mitarbeiter-Memo an die Belegschaft gewandt. Donald Trump und Tim Cook bei einem Besuch im Wei\u00dfen Haus Der Konzernchef zeigte sich betroffen von den Ereignissen [&hellip;]<\/p>\n","protected":false},"author":1,"featured_media":0,"comment_status":"open","ping_status":"closed","sticky":false,"template":"","format":"standard","meta":{"_acf_changed":false,"footnotes":""},"categories":[3],"tags":[555,4736,3252,373,810,614],"class_list":["post-273356","post","type-post","status-publish","format-standard","hentry","category-apple","tag-amerika","tag-apple","tag-donald-trump","tag-kritik","tag-politik","tag-tim-cook"],"acf":[],"aioseo_notices":[],"featured_image":["https:\/\/images.ifun.de\/wp-content\/uploads\/2025\/07\/tim-cook-feature.jpg"],"subheadline":["Cook auch pers\u00f6nlich in der Kritik"],"rest_api_enabler":{"featured_image":"https:\/\/images.ifun.de\/wp-content\/uploads\/2025\/07\/tim-cook-feature.jpg","subheadline":"Cook auch pers\u00f6nlich in der Kritik"},"_links":{"self":[{"href":"https:\/\/www.ifun.de\/apiv2\/wp\/v2\/posts\/273356","targetHints":{"allow":["GET"]}}],"collection":[{"href":"https:\/\/www.ifun.de\/apiv2\/wp\/v2\/posts"}],"about":[{"href":"https:\/\/www.ifun.de\/apiv2\/wp\/v2\/types\/post"}],"author":[{"embeddable":true,"href":"https:\/\/www.ifun.de\/apiv2\/wp\/v2\/users\/1"}],"replies":[{"embeddable":true,"href":"https:\/\/www.ifun.de\/apiv2\/wp\/v2\/comments?post=273356"}],"version-history":[{"count":3,"href":"https:\/\/www.ifun.de\/apiv2\/wp\/v2\/posts\/273356\/revisions"}],"predecessor-version":[{"id":273385,"href":"https:\/\/www.ifun.de\/apiv2\/wp\/v2\/posts\/273356\/revisions\/273385"}],"wp:attachment":[{"href":"https:\/\/www.ifun.de\/apiv2\/wp\/v2\/media?parent=273356"}],"wp:term":[{"taxonomy":"category","embeddable":true,"href":"https:\/\/www.ifun.de\/apiv2\/wp\/v2\/categories?post=273356"},{"taxonomy":"post_tag","embeddable":true,"href":"https:\/\/www.ifun.de\/apiv2\/wp\/v2\/tags?post=273356"}],"curies":[{"name":"wp","href":"https:\/\/api.w.org\/{rel}","templated":true}]}}