{"id":273330,"date":"2026-01-27T17:51:27","date_gmt":"2026-01-27T16:51:27","guid":{"rendered":"https:\/\/www.ifun.de\/?p=273330"},"modified":"2026-02-03T12:07:51","modified_gmt":"2026-02-03T11:07:51","slug":"neue-sonos-hardware-sonos-stellt-amp-multi-vor","status":"publish","type":"post","link":"https:\/\/www.ifun.de\/neue-sonos-hardware-sonos-stellt-amp-multi-vor-273330\/","title":{"rendered":"Neue Sonos-Hardware: Sonos stellt Amp Multi vor"},"content":{"rendered":"<p>Sonos hat mit dem <a href=\"https:\/\/www.sonos.com\/de-de\/shop\/amp-multi\">Amp Multi<\/a> einen neuen Mehrkanal Streaming Verst\u00e4rker vorgestellt, der sich an professionelle Installationen in Wohnh\u00e4usern richtet. Das Ger\u00e4t soll komplexe Beschallungskonzepte in offenen Grundrissen und gr\u00f6\u00dferen Immobilien vereinfachen und gleichzeitig in bestehende Sonos Systeme integrierbar bleiben.<\/p>\n<p><a href=\"https:\/\/images.ifun.de\/wp-content\/uploads\/2026\/01\/Sonos-Amp-Multi-3q-Hero-2500.jpg\"><img loading=\"lazy\" decoding=\"async\" class=\"aligncenter size-medium wp-image-273332\" src=\"https:\/\/images.ifun.de\/wp-content\/uploads\/2026\/01\/Sonos-Amp-Multi-3q-Hero-2500-500x281.jpg\" alt=\"Sonos Amp Multi 3q Hero 2500\" width=\"500\" height=\"281\" srcset=\"https:\/\/images.ifun.de\/wp-content\/uploads\/2026\/01\/Sonos-Amp-Multi-3q-Hero-2500-500x281.jpg 500w, https:\/\/images.ifun.de\/wp-content\/uploads\/2026\/01\/Sonos-Amp-Multi-3q-Hero-2500-700x394.jpg 700w, https:\/\/images.ifun.de\/wp-content\/uploads\/2026\/01\/Sonos-Amp-Multi-3q-Hero-2500-768x432.jpg 768w, https:\/\/images.ifun.de\/wp-content\/uploads\/2026\/01\/Sonos-Amp-Multi-3q-Hero-2500-1536x864.jpg 1536w, https:\/\/images.ifun.de\/wp-content\/uploads\/2026\/01\/Sonos-Amp-Multi-3q-Hero-2500-2048x1152.jpg 2048w\" sizes=\"auto, (max-width: 500px) 100vw, 500px\" \/><\/a><\/p>\n<p>Entwickelt wurde der Amp Multi laut Sonos in enger Abstimmung mit Fachinstallateuren, mit dem Ziel diesen eine flexible L\u00f6sung f\u00fcr wechselnde Raumnutzungen zur Verf\u00fcgung zu stellen.<\/p>\n<h2>Mehr Leistung f\u00fcr mehrere Zonen<\/h2>\n<p>Der Amp Multi stellt acht verst\u00e4rkte Ausg\u00e4nge mit jeweils 125 Watt bereit. Diese lassen sich zu bis zu vier unabh\u00e4ngigen Zonen zusammenfassen. Pro Ausgang k\u00f6nnen mehrere Einbaulautsprecher betrieben werden, wodurch sich auch gr\u00f6\u00dfere Fl\u00e4chen mit vergleichsweise wenig Hardware abdecken lassen. F\u00fcr umfangreichere Installationen k\u00f6nnen mehrere Ger\u00e4te kombiniert werden, ohne dass sich die grundlegende Bedienlogik \u00e4ndert.<\/p>\n<p><video poster=\"\" preload=\"auto\" autoplay=\"autoplay\" loop=\"loop\" muted=\"\" controls=\"controls\" width=\"100%\"><source src=\"https:\/\/media.sonos.com\/videos\/znqtjj88\/production\/8707db9078b186ebf4e658b36a193b524ec5757a-720p.mp4\" \/><\/video><\/p>\n<p>Technisch setzt Sonos auf eine energieeffiziente Verst\u00e4rkerarchitektur. Eine auf Galliumnitrid basierende Leistungsstufe in Verbindung mit einer digitalen Nachregelung soll f\u00fcr stabile Ausgangsleistung sorgen und Abw\u00e4rme reduzieren. Der Verst\u00e4rker arbeitet l\u00fcfterlos und bleibt dadurch auch im Dauerbetrieb ger\u00e4uschlos. F\u00fcr den Einbau in Technikschr\u00e4nke ist das Geh\u00e4use auf Rackmontage ausgelegt und ben\u00f6tigt nur wenig Platz.<\/p>\n<h2>Einrichtung und Feinabstimmung im Fokus<\/h2>\n<p>Bei der Installation soll der Zeitaufwand gering bleiben. Jedes Ger\u00e4t kann \u00fcber die Sonos App eindeutig identifiziert werden, ohne dass Seriennummern manuell zugeordnet werden m\u00fcssen. Zonen, Eing\u00e4nge und Ausg\u00e4nge lassen sich zentral verwalten.<\/p>\n<p><a href=\"https:\/\/images.ifun.de\/wp-content\/uploads\/2026\/01\/Sonos-Amp-Multi-Rack-2500.jpg\"><img loading=\"lazy\" decoding=\"async\" class=\"aligncenter size-large wp-image-273333\" src=\"https:\/\/images.ifun.de\/wp-content\/uploads\/2026\/01\/Sonos-Amp-Multi-Rack-2500-700x394.jpg\" alt=\"Sonos Amp Multi Rack 2500\" width=\"700\" height=\"394\" srcset=\"https:\/\/images.ifun.de\/wp-content\/uploads\/2026\/01\/Sonos-Amp-Multi-Rack-2500-700x394.jpg 700w, https:\/\/images.ifun.de\/wp-content\/uploads\/2026\/01\/Sonos-Amp-Multi-Rack-2500-500x281.jpg 500w, https:\/\/images.ifun.de\/wp-content\/uploads\/2026\/01\/Sonos-Amp-Multi-Rack-2500-768x432.jpg 768w, https:\/\/images.ifun.de\/wp-content\/uploads\/2026\/01\/Sonos-Amp-Multi-Rack-2500-1536x864.jpg 1536w, https:\/\/images.ifun.de\/wp-content\/uploads\/2026\/01\/Sonos-Amp-Multi-Rack-2500-2048x1152.jpg 2048w\" sizes=\"auto, (max-width: 700px) 100vw, 700px\" \/><\/a><\/p>\n<p>F\u00fcr die klangliche Anpassung bietet Sonos erweiterte DSP-Werkzeuge. Dazu z\u00e4hlen ein mehrbandiger Equalizer, Pegel und Laufzeiteinstellungen sowie spezielle Profile f\u00fcr Sonos Einbaulautsprecher. Diese Funktionen erlauben es, auch bei schwierigen Raumformen eine gleichm\u00e4\u00dfige Wiedergabe zu erreichen.<\/p>\n<p><a href=\"https:\/\/www.sonos.com\/de-de\/shop\/amp-multi\">Der Amp Multi<\/a> richtet sich damit klar an den professionellen Markt. Sonos plant den Vertrieb \u00fcber autorisierte Installationspartner. Preise f\u00fcr den Amp Multi werden aktuell noch nicht offiziell kommuniziert.<\/p>\n<p><video poster=\"\" preload=\"auto\" controls=\"controls\" width=\"100%\" ><source src=\"https:\/\/media.sonos.com\/videos\/znqtjj88\/production\/4d6a8802e0cc7498e9b0c29269b646f751dae19f-720p.mp4#t=4.01\" \/><\/video><\/p>\n<p><img loading=\"lazy\" decoding=\"async\" src=\"https:\/\/vg07.met.vgwort.de\/na\/0525853e2ded428a8607475b06f740d7\" width=\"1\" height=\"1\"  no-lazy class=\"tracking\"><\/p>\n","protected":false},"excerpt":{"rendered":"<a href=\"https:\/\/www.ifun.de\/neue-sonos-hardware-sonos-stellt-amp-multi-vor-273330\/\"><img width=\"150\" height=\"150\" src=\"https:\/\/images.ifun.de\/wp-content\/uploads\/2026\/01\/Sonos-Amp-Multi-Rack-2500-150x150.jpg\" class=\"alignright tfe wp-post-image\" alt=\"Sonos Amp Multi Rack 2500\" decoding=\"async\" loading=\"lazy\" \/><\/a><p>Sonos hat mit dem Amp Multi einen neuen Mehrkanal Streaming Verst\u00e4rker vorgestellt, der sich an professionelle Installationen in Wohnh\u00e4usern richtet. Das Ger\u00e4t soll komplexe Beschallungskonzepte in offenen Grundrissen und gr\u00f6\u00dferen Immobilien vereinfachen und gleichzeitig in bestehende Sonos Systeme integrierbar bleiben. Entwickelt wurde der Amp Multi laut Sonos in enger Abstimmung mit Fachinstallateuren, mit dem Ziel [&hellip;]<\/p>\n","protected":false},"author":1,"featured_media":273333,"comment_status":"open","ping_status":"closed","sticky":false,"template":"","format":"standard","meta":{"_acf_changed":false,"footnotes":""},"categories":[22,1783],"tags":[7066,1068,4591],"class_list":["post-273330","post","type-post","status-publish","format-standard","has-post-thumbnail","hentry","category-zubehor","category-feature","tag-amp-multi","tag-sonos","tag-zubehoer"],"acf":[],"aioseo_notices":[],"featured_image":["https:\/\/images.ifun.de\/wp-content\/uploads\/2026\/01\/sonos-multi-amp-feature.jpg"],"subheadline":["Mehrkanal-Streaming Verst\u00e4rker"],"rest_api_enabler":{"featured_image":"https:\/\/images.ifun.de\/wp-content\/uploads\/2026\/01\/sonos-multi-amp-feature.jpg","subheadline":"Mehrkanal-Streaming Verst\u00e4rker"},"_links":{"self":[{"href":"https:\/\/www.ifun.de\/apiv2\/wp\/v2\/posts\/273330","targetHints":{"allow":["GET"]}}],"collection":[{"href":"https:\/\/www.ifun.de\/apiv2\/wp\/v2\/posts"}],"about":[{"href":"https:\/\/www.ifun.de\/apiv2\/wp\/v2\/types\/post"}],"author":[{"embeddable":true,"href":"https:\/\/www.ifun.de\/apiv2\/wp\/v2\/users\/1"}],"replies":[{"embeddable":true,"href":"https:\/\/www.ifun.de\/apiv2\/wp\/v2\/comments?post=273330"}],"version-history":[{"count":3,"href":"https:\/\/www.ifun.de\/apiv2\/wp\/v2\/posts\/273330\/revisions"}],"predecessor-version":[{"id":273336,"href":"https:\/\/www.ifun.de\/apiv2\/wp\/v2\/posts\/273330\/revisions\/273336"}],"wp:featuredmedia":[{"embeddable":true,"href":"https:\/\/www.ifun.de\/apiv2\/wp\/v2\/media\/273333"}],"wp:attachment":[{"href":"https:\/\/www.ifun.de\/apiv2\/wp\/v2\/media?parent=273330"}],"wp:term":[{"taxonomy":"category","embeddable":true,"href":"https:\/\/www.ifun.de\/apiv2\/wp\/v2\/categories?post=273330"},{"taxonomy":"post_tag","embeddable":true,"href":"https:\/\/www.ifun.de\/apiv2\/wp\/v2\/tags?post=273330"}],"curies":[{"name":"wp","href":"https:\/\/api.w.org\/{rel}","templated":true}]}}