{"id":273215,"date":"2026-01-26T16:28:26","date_gmt":"2026-01-26T15:28:26","guid":{"rendered":"https:\/\/www.ifun.de\/?p=273215"},"modified":"2026-02-02T14:34:14","modified_gmt":"2026-02-02T13:34:14","slug":"boykottaufrufe-nach-cook-besuch-im-weissen-haus","status":"publish","type":"post","link":"https:\/\/www.ifun.de\/boykottaufrufe-nach-cook-besuch-im-weissen-haus-273215\/","title":{"rendered":"Boykottaufrufe gegen Apple nach Cook-Besuch im Wei\u00dfen Haus"},"content":{"rendered":"<p>Tim Cook zieht nur wenige Wochen vor der diesj\u00e4hrigen Jahreshauptversammlung von Apple neue Kritik auf sich. Der Unternehmenschef war einmal mehr Gast beim US-Pr\u00e4sident Donald Trump. Diesmal war der Anlass zudem rein privat. Cook hat es sich nicht nehmen lassen, an einer exklusiven Vorab-Vorf\u00fchrung eines Dokumentarfilms \u00fcber Melania Trump, die Ehefrau des US-Pr\u00e4sidenten, teilzunehmen.<\/p>\n<p>Unter den rund 70 Anwesenden <a href=\"https:\/\/www.yahoo.com\/entertainment\/movies\/articles\/tim-cook-andy-jassy-lisa-100223920.html\">sollen<\/a> neben Cook auch die Chefs von Amazon, Zoom und AMD gewesen sein. Trump habe zudem Pers\u00f6nlichkeiten aus dem \u00f6ffentlichen Leben und der Unterhaltungsbranche eingeladen, die dem zumindest teilweise Folge geleistet haben.<\/p>\n<p>Der Dokumentarfilm begleitet Melania Trump in den Wochen vor der zweiten Amtseinf\u00fchrung ihres Mannes im Januar 2025 und wurde von den Amazon MGM Studios produziert. Berichten zufolge haben sich diese f\u00fcr rund 40 Millionen US-Dollar die Rechte an dem Film gesichert. Der Kinostart ist f\u00fcr den 30. Januar in den USA und weiteren L\u00e4ndern vorgesehen.<\/p>\n<p><div class=\"responsive-video\"><iframe src=\"https:\/\/www.iphone-ticker.de\/yt\/index.html?v=dxXJAqOU00g\" allow=\"autoplay; fullscreen; picture-in-picture; encrypted-media\" referrerpolicy=\"strict-origin-when-cross-origin\" allowfullscreen><\/iframe><\/div><\/p>\n<h2>Boykottaufrufe gegen Apple<\/h2>\n<p><a href=\"https:\/\/www.yahoo.com\/news\/articles\/tim-cook-attended-melanias-movie-050006216.html\">Medienberichten<\/a> zufolge sieht sich der Apple-Chef angesichts seiner Teilnahme an der Veranstaltung mit heftiger Kritik konfrontiert. Die Veranstaltung fiel zeitlich mit schweren innenpolitischen Spannungen zusammen. Wenige Stunden zuvor kam in Minneapolis erneut ein US-B\u00fcrger durch Sch\u00fcsse von Bundesbeamten ums Leben.<\/p>\n<p>Cook muss sich dar\u00fcber im Klaren sein, dass seine Anwesenheit als stillschweigende Unterst\u00fctzung der Regierung interpretiert wird. W\u00e4hrend der Apple-Chef sich in den vergangenen Jahren stets auch in besonderem Ma\u00df als Unterst\u00fctzer von B\u00fcrgerrechten positioniert hat, ist der nach au\u00dfen hin inzwischen deutlich von dieser Position abger\u00fcckt und zeigt mehr N\u00e4he zur Trump-Regierung, als dies vielen \u00fcberzeugten Apple-Kunden lieb ist. Mittlerweile werden in den USA <a href=\"https:\/\/www.yahoo.com\/news\/articles\/tim-cook-attended-melanias-movie-050006216.html\">offenbar<\/a> auch die ersten Aufrufe zu einem Boykott von Apple-Produkten laut.<img loading=\"lazy\" decoding=\"async\" src=\"https:\/\/vg07.met.vgwort.de\/na\/bba5c68b16024b02afeccfde2901355e\" width=\"1\" height=\"1\" no-lazy class=\"tracking\"><\/p>\n","protected":false},"excerpt":{"rendered":"<a href=\"https:\/\/www.ifun.de\/boykottaufrufe-nach-cook-besuch-im-weissen-haus-273215\/\"><img width=\"150\" height=\"150\" src=\"https:\/\/images.ifun.de\/wp-content\/uploads\/2026\/01\/tim-cook-feature-150x150.jpg\" class=\"alignright tfe wp-post-image\" alt=\"Tim Cook Feature\" decoding=\"async\" loading=\"lazy\" \/><\/a><p>Tim Cook zieht nur wenige Wochen vor der diesj\u00e4hrigen Jahreshauptversammlung von Apple neue Kritik auf sich. Der Unternehmenschef war einmal mehr Gast beim US-Pr\u00e4sident Donald Trump. Diesmal war der Anlass zudem rein privat. Cook hat es sich nicht nehmen lassen, an einer exklusiven Vorab-Vorf\u00fchrung eines Dokumentarfilms \u00fcber Melania Trump, die Ehefrau des US-Pr\u00e4sidenten, teilzunehmen. Unter [&hellip;]<\/p>\n","protected":false},"author":2,"featured_media":273218,"comment_status":"open","ping_status":"closed","sticky":false,"template":"","format":"standard","meta":{"_acf_changed":false,"footnotes":""},"categories":[3,1783],"tags":[4736,614],"class_list":["post-273215","post","type-post","status-publish","format-standard","has-post-thumbnail","hentry","category-apple","category-feature","tag-apple","tag-tim-cook"],"acf":[],"aioseo_notices":[],"featured_image":["https:\/\/images.ifun.de\/wp-content\/uploads\/2026\/01\/tim-cook-feature-1.jpg"],"subheadline":["Private Filmvorf\u00fchrung von Trump-Gattin"],"rest_api_enabler":{"featured_image":"https:\/\/images.ifun.de\/wp-content\/uploads\/2026\/01\/tim-cook-feature-1.jpg","subheadline":"Private Filmvorf\u00fchrung von Trump-Gattin"},"_links":{"self":[{"href":"https:\/\/www.ifun.de\/apiv2\/wp\/v2\/posts\/273215","targetHints":{"allow":["GET"]}}],"collection":[{"href":"https:\/\/www.ifun.de\/apiv2\/wp\/v2\/posts"}],"about":[{"href":"https:\/\/www.ifun.de\/apiv2\/wp\/v2\/types\/post"}],"author":[{"embeddable":true,"href":"https:\/\/www.ifun.de\/apiv2\/wp\/v2\/users\/2"}],"replies":[{"embeddable":true,"href":"https:\/\/www.ifun.de\/apiv2\/wp\/v2\/comments?post=273215"}],"version-history":[{"count":5,"href":"https:\/\/www.ifun.de\/apiv2\/wp\/v2\/posts\/273215\/revisions"}],"predecessor-version":[{"id":273225,"href":"https:\/\/www.ifun.de\/apiv2\/wp\/v2\/posts\/273215\/revisions\/273225"}],"wp:featuredmedia":[{"embeddable":true,"href":"https:\/\/www.ifun.de\/apiv2\/wp\/v2\/media\/273218"}],"wp:attachment":[{"href":"https:\/\/www.ifun.de\/apiv2\/wp\/v2\/media?parent=273215"}],"wp:term":[{"taxonomy":"category","embeddable":true,"href":"https:\/\/www.ifun.de\/apiv2\/wp\/v2\/categories?post=273215"},{"taxonomy":"post_tag","embeddable":true,"href":"https:\/\/www.ifun.de\/apiv2\/wp\/v2\/tags?post=273215"}],"curies":[{"name":"wp","href":"https:\/\/api.w.org\/{rel}","templated":true}]}}