{"id":27145,"date":"2012-07-09T14:34:31","date_gmt":"2012-07-09T12:34:31","guid":{"rendered":"http:\/\/www.ifun.de\/?p=27145"},"modified":"2012-07-09T14:35:15","modified_gmt":"2012-07-09T12:35:15","slug":"apple-recycling-epeat-zertifizierung","status":"publish","type":"post","link":"https:\/\/www.ifun.de\/apple-recycling-epeat-zertifizierung-27145\/","title":{"rendered":"Kein Recycling-Siegel mehr: Apple verl\u00e4sst EPEAT-Initiative"},"content":{"rendered":"<p>Seit 2007 hat Apple alle hauseigenen Hardware-Produkte freiwillig von der <a href=\"http:\/\/www.epeat.net\/\">EPEAT-Initiative<\/a> zertifizieren lassen. Die Organisation &#8211; EPEAT steht f\u00fcr &#8222;Electronic Product Environmental Assessment Tool&#8220; &#8211; setzt sich f\u00fcr umweltvertr\u00e4gliche Recycling-Standards ein und listet mehr als 15 namenhafte IT-Unternehmen unter ihren Mitgliedern, die sich dazu verpflichten auf bestimmte Material-Komponenten zu verzichten und ihre Ger\u00e4te Energie-effizient und Recycling-freundlich zu halten.<\/p>\n<p>Standards die unter anderem auch von der amerikanische Regierung adaptiert wurden, die in ihren Beh\u00f6rden <a href=\"http:\/\/www.fedcenter.gov\/programs\/eo13514\/\">ausschlie\u00dflich<\/a> auf EPEAT-zertifizierte Komponenten setzt.<\/p>\n<p>&nbsp;<\/p>\n<p><img loading=\"lazy\" decoding=\"async\" class=\"aligncenter size-full wp-image-27146\" title=\"apple-recycling\" src=\"http:\/\/images.ifun.de\/wp-content\/uploads\/2012\/07\/apple-recycling.jpg\" alt=\"\" width=\"464\" height=\"59\" srcset=\"https:\/\/images.ifun.de\/wp-content\/uploads\/2012\/07\/apple-recycling.jpg 464w, https:\/\/images.ifun.de\/wp-content\/uploads\/2012\/07\/apple-recycling-300x38.jpg 300w\" sizes=\"auto, (max-width: 464px) 100vw, 464px\" \/><\/p>\n<p>Wie die EPAT-Verantwortlichen <a href=\"http:\/\/www.epeat.net\/2012\/06\/news\/apple-leaves-epeat\/\">jetzt mitteilen<\/a>, hat Apple sich nach f\u00fcnf Jahren aus der Initiative zur\u00fcckgezogen und wird zuk\u00fcnftig auf die Registrierung neuer Produkte verzichten.<\/p>\n<blockquote><p>Apple has notified EPEAT that it is withdrawing its products from the EPEAT registry and will no longer be submitting its products to EPEAT for environmental rating. [&#8230;] We regret that Apple will no longer be registering its products in EPEAT. We hope that they will decide to do so again at some point in future.<\/p><\/blockquote>\n<p>Ein \u00fcberraschender Schritt, nicht zuletzt, da <a href=\"http:\/\/www.apple.com\/imac\/environment.html\">Apples Umwelt-Seite<\/a> noch mit den EPAET-Auszeichungen wirbt.<\/p>\n<p><!--more-->Die Reparatur-Spezialisten von iFixit <a href=\"http:\/\/ifixit.org\/2884\/apple-ditches-green-standard-cuts-off-federal-agencies-from-apple-products\/#more-2884\">verweisen<\/a> auf Apples <a href=\"http:\/\/ifixit.org\/2763\/the-new-macbook-pro-unfixable-unhackable-untenable\/\">Recycling-unfreundliches<\/a> Retina MacBook und die inzwischen in fast allen Modellen fest versiegelten Akkus, die nicht mehr mit den Vorgaben der Initiative vereinbar seien.<\/p>\n<blockquote><p>Apple\u2019s decision to opt out of the most basic of eco-standards demonstrates that, despite the costs, design supersedes the environment.<\/p><\/blockquote>\n<p>M\u00f6glicherweise klinkt sich Apple also aus, um einer negativen Bewertung zuvorzukommen. Dies bedeutet allerdings nicht zwangsl\u00e4ufig, dass die Produkte zuk\u00fcnftig schlechter recycelt werden und es w\u00fcrde uns nicht wundern, wenn Apple schon bald ein neues, eigenes Recycling-Konzept vorstellt.<\/p>\n","protected":false},"excerpt":{"rendered":"<a href=\"https:\/\/www.ifun.de\/apple-recycling-epeat-zertifizierung-27145\/\"><img width=\"150\" height=\"19\" src=\"https:\/\/images.ifun.de\/wp-content\/uploads\/2012\/07\/apple-recycling.jpg\" class=\"alignright tfe wp-post-image\" alt=\"\" decoding=\"async\" loading=\"lazy\" srcset=\"https:\/\/images.ifun.de\/wp-content\/uploads\/2012\/07\/apple-recycling.jpg 464w, https:\/\/images.ifun.de\/wp-content\/uploads\/2012\/07\/apple-recycling-300x38.jpg 300w\" sizes=\"auto, (max-width: 150px) 100vw, 150px\" \/><\/a><p>Seit 2007 hat Apple alle hauseigenen Hardware-Produkte freiwillig von der EPEAT-Initiative zertifizieren lassen. Die Organisation &#8211; EPEAT steht f\u00fcr &#8222;Electronic Product Environmental Assessment Tool&#8220; &#8211; setzt sich f\u00fcr umweltvertr\u00e4gliche Recycling-Standards ein und listet mehr als 15 namenhafte IT-Unternehmen unter ihren Mitgliedern, die sich dazu verpflichten auf bestimmte Material-Komponenten zu verzichten und ihre Ger\u00e4te Energie-effizient und [&hellip;]<\/p>\n","protected":false},"author":1,"featured_media":27146,"comment_status":"open","ping_status":"closed","sticky":false,"template":"","format":"standard","meta":{"_acf_changed":false,"footnotes":""},"categories":[3],"tags":[4736,373,887],"class_list":["post-27145","post","type-post","status-publish","format-standard","has-post-thumbnail","hentry","category-apple","tag-apple","tag-kritik","tag-recycling"],"acf":[],"aioseo_notices":[],"rest_api_enabler":[],"_links":{"self":[{"href":"https:\/\/www.ifun.de\/apiv2\/wp\/v2\/posts\/27145","targetHints":{"allow":["GET"]}}],"collection":[{"href":"https:\/\/www.ifun.de\/apiv2\/wp\/v2\/posts"}],"about":[{"href":"https:\/\/www.ifun.de\/apiv2\/wp\/v2\/types\/post"}],"author":[{"embeddable":true,"href":"https:\/\/www.ifun.de\/apiv2\/wp\/v2\/users\/1"}],"replies":[{"embeddable":true,"href":"https:\/\/www.ifun.de\/apiv2\/wp\/v2\/comments?post=27145"}],"version-history":[{"count":4,"href":"https:\/\/www.ifun.de\/apiv2\/wp\/v2\/posts\/27145\/revisions"}],"predecessor-version":[{"id":27150,"href":"https:\/\/www.ifun.de\/apiv2\/wp\/v2\/posts\/27145\/revisions\/27150"}],"wp:featuredmedia":[{"embeddable":true,"href":"https:\/\/www.ifun.de\/apiv2\/wp\/v2\/media\/27146"}],"wp:attachment":[{"href":"https:\/\/www.ifun.de\/apiv2\/wp\/v2\/media?parent=27145"}],"wp:term":[{"taxonomy":"category","embeddable":true,"href":"https:\/\/www.ifun.de\/apiv2\/wp\/v2\/categories?post=27145"},{"taxonomy":"post_tag","embeddable":true,"href":"https:\/\/www.ifun.de\/apiv2\/wp\/v2\/tags?post=27145"}],"curies":[{"name":"wp","href":"https:\/\/api.w.org\/{rel}","templated":true}]}}