{"id":271145,"date":"2025-12-12T16:46:07","date_gmt":"2025-12-12T15:46:07","guid":{"rendered":"https:\/\/www.ifun.de\/?p=271145"},"modified":"2025-12-19T06:44:37","modified_gmt":"2025-12-19T05:44:37","slug":"aus-fuer-zollfreigrenze-ab-juli-mindestens-3-euro-pro-paket","status":"publish","type":"post","link":"https:\/\/www.ifun.de\/aus-fuer-zollfreigrenze-ab-juli-mindestens-3-euro-pro-paket-271145\/","title":{"rendered":"Aus f\u00fcr Zollfreigrenze: Ab Juli mindestens 3 Euro pro Paket"},"content":{"rendered":"<p>Im November haben wir dar\u00fcber <a href=\"https:\/\/www.ifun.de\/eu-schafft-die-zollfreigrenze-ab-269135\/\" title=\"EU schafft die Zollfreigrenze ab: Zollpflicht k\u00fcnftig ab dem ersten Euro\">berichtet<\/a>, dass die EU das Ende der Zollfreigrenze beschlossen hat. Bislang fallen f\u00fcr Waren im Wert von weniger als 150 Euro bei der Einfuhr in die EU keine Abgaben an. <a href=\"https:\/\/www.consilium.europa.eu\/de\/press\/press-releases\/2025\/12\/12\/customs-council-agrees-to-levy-customs-duty-on-small-parcels-as-of-1-july-2026\/\">Damit ist im Sommer kommenden Jahres Schluss<\/a>. Vom 1. Juli 2026 an werden kleine Pakete mit einem Wert unter 150 Euro, die aus Nicht-EU-Staaten in die Union eingef\u00fchrt werden, pauschal mit 3 Euro Zoll belegt.<\/p>\n<p><a href=\"https:\/\/images.ifun.de\/wp-content\/uploads\/2025\/11\/pakete.jpg\"><img loading=\"lazy\" decoding=\"async\" src=\"https:\/\/images.ifun.de\/wp-content\/uploads\/2025\/11\/pakete-500x334.jpg\" alt=\"Pakete\" width=\"500\" height=\"334\" class=\"alignnone size-medium wp-image-269144\" srcset=\"https:\/\/images.ifun.de\/wp-content\/uploads\/2025\/11\/pakete-500x334.jpg 500w, https:\/\/images.ifun.de\/wp-content\/uploads\/2025\/11\/pakete-700x468.jpg 700w, https:\/\/images.ifun.de\/wp-content\/uploads\/2025\/11\/pakete-768x513.jpg 768w, https:\/\/images.ifun.de\/wp-content\/uploads\/2025\/11\/pakete.jpg 1400w\" sizes=\"auto, (max-width: 500px) 100vw, 500px\" \/><\/a><\/p>\n<p>Bislang konnten solche Kleinsendungen zollfrei in die EU gelangen. Nach Auffassung der Beh\u00f6rden hat dies jedoch zu Wettbewerbsnachteilen f\u00fcr europ\u00e4ische H\u00e4ndler gef\u00fchrt. Zudem wurden von den Verantwortlichen damit verbundene Risiken f\u00fcr Verbraucher, etwa in den Bereichen Produktsicherheit oder Betrug, und zus\u00e4tzliche Umweltbelastungen als mit ausschlaggebend f\u00fcr die Entscheidung genannt. Ausschlaggebend f\u00fcr das Handeln war aber vor allem die Tatsache, dass die Anzahl der Auslandssendungen in den vergangenen Jahren enorm zugenommen hat.<\/p>\n<p>Die neue Pauschalabgabe ist als \u00dcbergangsl\u00f6sung vorgesehen, bis eine umfassendere Reform greift. Laut dem Beschluss der EU soll letztendlich eine zentrale Plattform f\u00fcr die Abwicklung und Berechnung von Zollabgaben geschaffen werden, mit der jedoch nicht vor 2028 zu rechnen ist. Sobald die Neuregelung vollst\u00e4ndig umgesetzt ist, sollen auch g\u00fcnstige Waren regul\u00e4r nach den jeweiligen EU-Zolls\u00e4tzen f\u00fcr einzelne Produktgruppen verzollt werden.<\/p>\n<h2>Ma\u00dfnahmen gegen Paketschwemme aus China<\/h2>\n<p>Die Ma\u00dfnahmen wurden durch das hohe Bestellaufkommen bei Anbietern wie AliExpress, Shein oder Temu befeuert. Laut der EU-Kommission hatten im vergangenen Jahr 91 Prozent aller Importsendungen mit einer Wertangabe unter 150 Euro einen chinesischen Absender. Dazu komme, dass Stichproben ergeben h\u00e4tten, dass bei 65 Prozent aller in die EU geschickten kleinen Paketsendungen ein zu geringer Wert angegeben ist.<\/p>\n<p>Die EU weist darauf hin, dass es sich bei der jetzt eingef\u00fchrten Abgabe nicht um die m\u00f6gliche zus\u00e4tzliche Bearbeitungsgeb\u00fchr, \u00fcber die im Rahmen der laufenden Zollreform und der EU-Haushaltsplanung noch diskutiert wird. Dabei handle es sich um getrennte Vorhaben.<img loading=\"lazy\" decoding=\"async\" src=\"https:\/\/vg02.met.vgwort.de\/na\/e47e8ff15061499cab8b13b4fef131d2\" width=\"1\" height=\"1\" no-lazy class=\"tracking\"><\/p>\n","protected":false},"excerpt":{"rendered":"<a href=\"https:\/\/www.ifun.de\/aus-fuer-zollfreigrenze-ab-juli-mindestens-3-euro-pro-paket-271145\/\"><img decoding=\"async\" width=\"150\" src=\"https:\/\/images.ifun.de\/wp-content\/uploads\/2025\/11\/pakete-500x334.jpg\" class=\"alignright wp-post-image tfe\" alt=\"Pakete\" title=\"\" \/><\/a><p>Im November haben wir dar\u00fcber berichtet, dass die EU das Ende der Zollfreigrenze beschlossen hat. Bislang fallen f\u00fcr Waren im Wert von weniger als 150 Euro bei der Einfuhr in die EU keine Abgaben an. Damit ist im Sommer kommenden Jahres Schluss. Vom 1. Juli 2026 an werden kleine Pakete mit einem Wert unter 150 [&hellip;]<\/p>\n","protected":false},"author":2,"featured_media":0,"comment_status":"open","ping_status":"closed","sticky":false,"template":"","format":"standard","meta":{"_acf_changed":false,"footnotes":""},"categories":[1,1783],"tags":[7035,3218,1778],"class_list":["post-271145","post","type-post","status-publish","format-standard","hentry","category-news","category-feature","tag-import","tag-paket","tag-zoll"],"acf":[],"aioseo_notices":[],"featured_image":["https:\/\/images.ifun.de\/wp-content\/uploads\/2025\/11\/paket-feature.jpg"],"subheadline":["Ma\u00dfnahmen gegen Importschwemme"],"rest_api_enabler":{"featured_image":"https:\/\/images.ifun.de\/wp-content\/uploads\/2025\/11\/paket-feature.jpg","subheadline":"Ma\u00dfnahmen gegen Importschwemme"},"_links":{"self":[{"href":"https:\/\/www.ifun.de\/apiv2\/wp\/v2\/posts\/271145","targetHints":{"allow":["GET"]}}],"collection":[{"href":"https:\/\/www.ifun.de\/apiv2\/wp\/v2\/posts"}],"about":[{"href":"https:\/\/www.ifun.de\/apiv2\/wp\/v2\/types\/post"}],"author":[{"embeddable":true,"href":"https:\/\/www.ifun.de\/apiv2\/wp\/v2\/users\/2"}],"replies":[{"embeddable":true,"href":"https:\/\/www.ifun.de\/apiv2\/wp\/v2\/comments?post=271145"}],"version-history":[{"count":2,"href":"https:\/\/www.ifun.de\/apiv2\/wp\/v2\/posts\/271145\/revisions"}],"predecessor-version":[{"id":271148,"href":"https:\/\/www.ifun.de\/apiv2\/wp\/v2\/posts\/271145\/revisions\/271148"}],"wp:attachment":[{"href":"https:\/\/www.ifun.de\/apiv2\/wp\/v2\/media?parent=271145"}],"wp:term":[{"taxonomy":"category","embeddable":true,"href":"https:\/\/www.ifun.de\/apiv2\/wp\/v2\/categories?post=271145"},{"taxonomy":"post_tag","embeddable":true,"href":"https:\/\/www.ifun.de\/apiv2\/wp\/v2\/tags?post=271145"}],"curies":[{"name":"wp","href":"https:\/\/api.w.org\/{rel}","templated":true}]}}