{"id":271130,"date":"2025-12-12T15:09:12","date_gmt":"2025-12-12T14:09:12","guid":{"rendered":"https:\/\/www.ifun.de\/?p=271130"},"modified":"2025-12-12T15:10:34","modified_gmt":"2025-12-12T14:10:34","slug":"benq-bringt-neue-mac-displays-mit-speziellem-nano-gloss-panel","status":"publish","type":"post","link":"https:\/\/www.ifun.de\/benq-bringt-neue-mac-displays-mit-speziellem-nano-gloss-panel-271130\/","title":{"rendered":"BenQ bringt neue Mac-Displays mit speziellem Nano-Gloss-Panel"},"content":{"rendered":"<p>Wenn man auf der Suche nach einem bezahlbaren Bildschirm ist, der optisch ansprechend und von den Anschl\u00fcssen und seiner Leistung besonders f\u00fcr den Mac optimiert ist, muss man ein Auge auf <a href=\"https:\/\/www.benq.eu\/de-de\/\">BenQ<\/a> werfen. Der Hersteller hat weitere Produkte f\u00fcr seine speziell auf Mac-Anwender ausgerichtete <a href=\"https:\/\/www.benq.eu\/de-de\/monitor\/monitors-for-macbook.html\">Monitorreihe MA<\/a> angek\u00fcndigt, darunter erstmals ein Modell mit 5K-Aufl\u00f6sung.<\/p>\n<p><a href=\"https:\/\/images.ifun.de\/wp-content\/uploads\/2025\/12\/benq-ma270.jpg\"><img loading=\"lazy\" decoding=\"async\" src=\"https:\/\/images.ifun.de\/wp-content\/uploads\/2025\/12\/benq-ma270-500x355.jpg\" alt=\"Benq Ma270\" width=\"500\" height=\"355\" class=\"alignnone size-medium wp-image-271138\" srcset=\"https:\/\/images.ifun.de\/wp-content\/uploads\/2025\/12\/benq-ma270-500x355.jpg 500w, https:\/\/images.ifun.de\/wp-content\/uploads\/2025\/12\/benq-ma270-700x498.jpg 700w, https:\/\/images.ifun.de\/wp-content\/uploads\/2025\/12\/benq-ma270-768x546.jpg 768w, https:\/\/images.ifun.de\/wp-content\/uploads\/2025\/12\/benq-ma270.jpg 1400w\" sizes=\"auto, (max-width: 500px) 100vw, 500px\" \/><\/a><\/p>\n<p>Die neuen Produkte wurden im Heimatland von BenQ pr\u00e4sentiert und die <a href=\"https:\/\/www.benq.com\/ja-jp\/news\/products\/20251212-664-ma270s-ma270ua-ma320ua.html\">dazu verf\u00fcgbaren Informationen<\/a> liegen bislang nur auf Japanisch vor. Innerhalb der MA-Serie nimmt das Modell MA270S die Spitzenposition ein. Mit seiner 5K-Aufl\u00f6sung soll das Ger\u00e4t laut BenQ vor allem Nutzer ansprechen, die mit hohen Aufl\u00f6sungen und feinen Details arbeiten.<\/p>\n<p><a href=\"https:\/\/images.ifun.de\/wp-content\/uploads\/2025\/12\/benq-ma270-mac.jpg\"><img loading=\"lazy\" decoding=\"async\" src=\"https:\/\/images.ifun.de\/wp-content\/uploads\/2025\/12\/benq-ma270-mac-700x422.jpg\" alt=\"Benq Ma270 Mac\" width=\"700\" height=\"422\" class=\"alignnone size-large wp-image-271137\" srcset=\"https:\/\/images.ifun.de\/wp-content\/uploads\/2025\/12\/benq-ma270-mac-700x422.jpg 700w, https:\/\/images.ifun.de\/wp-content\/uploads\/2025\/12\/benq-ma270-mac-500x301.jpg 500w, https:\/\/images.ifun.de\/wp-content\/uploads\/2025\/12\/benq-ma270-mac-768x463.jpg 768w, https:\/\/images.ifun.de\/wp-content\/uploads\/2025\/12\/benq-ma270-mac.jpg 1400w\" sizes=\"auto, (max-width: 700px) 100vw, 700px\" \/><\/a><\/p>\n<p>Erg\u00e4nzend dazu hat BenQ den Marktstart von zwei weiteren Varianten der bisher schon in dieser Reihe verf\u00fcgbaren, mit einem matten Bildschirm ausgestatteten Modelle <a href=\"https:\/\/ifun.de\/amzn\/B0DFB26FD8\">MA270U<\/a> und <a href=\"https:\/\/ifun.de\/amzn\/B0DF9ZLFTN\">MA320U<\/a> angek\u00fcndigt. Die neuen Modelle <a href=\"https:\/\/www.benq.eu\/en-eu\/monitor\/home\/ma270up.html\">MA270UP<\/a> und <a href=\"https:\/\/www.benq.eu\/en-eu\/monitor\/home\/ma320up.html\">MA320UP<\/a> verf\u00fcgen \u00fcber ein sogenanntes Nano-Gloss-Panel, auf dem sich Inhalte besonders klar und kontrastreich darstellen lassen. BenQ will hier \u00e4hnlich wie Apple mit seinem Nanotexturglas einen Weg gefunden haben, um Reflexionen zu reduzieren und dennoch die Darstellungskraft eines klassischen Glanzdisplays beizubehalten.<\/p>\n<h2>Besonders f\u00fcr den Mac optimiert<\/h2>\n<p>Die MA-Serie von BenQ ist dem Hersteller zufolge gezielt auf die Verwendung in Verbindung mit einem Mac ausgelegt. Die Farbdarstellung der Ger\u00e4te soll sich eng an die von Apple-Ger\u00e4ten anlehnen, um beispielsweise auch ein konsistentes Arbeiten zwischen Notebook und externem Bildschirm zu erm\u00f6glichen. BenQ hat dabei vor allem auch die zahlreichen Mac-Besitzer im Blick, die im kreativen Bereich t\u00e4tig sind, wo bereits kleine Unterschiede in Farbe und Helligkeit eine Rolle spielen k\u00f6nnen.<\/p>\n<p><a href=\"https:\/\/images.ifun.de\/wp-content\/uploads\/2025\/12\/benq-mac-ma-display.jpg\"><img loading=\"lazy\" decoding=\"async\" src=\"https:\/\/images.ifun.de\/wp-content\/uploads\/2025\/12\/benq-mac-ma-display-700x480.jpg\" alt=\"Benq Mac Ma Display\" width=\"700\" height=\"480\" class=\"alignnone size-large wp-image-271135\" srcset=\"https:\/\/images.ifun.de\/wp-content\/uploads\/2025\/12\/benq-mac-ma-display-700x480.jpg 700w, https:\/\/images.ifun.de\/wp-content\/uploads\/2025\/12\/benq-mac-ma-display-500x343.jpg 500w, https:\/\/images.ifun.de\/wp-content\/uploads\/2025\/12\/benq-mac-ma-display-768x527.jpg 768w, https:\/\/images.ifun.de\/wp-content\/uploads\/2025\/12\/benq-mac-ma-display.jpg 1400w\" sizes=\"auto, (max-width: 700px) 100vw, 700px\" \/><\/a><\/p>\n<p>Der Hersteller l\u00e4sst bislang noch offen, wann die neuen Modelle in Deutschland erh\u00e4ltlich sein werden. Eine preisliche Orientierung gibt es jedoch bereits. Das Modell MA270UP ist mit einer UVP von 503 Euro ausgezeichnet und f\u00fcr das Modell MA320UP nennt der Hersteller 604 Euro. Weitere Angaben zu dem neuen 5K-Modell liegen derweil noch nicht vor. Weitere Eindr\u00fccke und Infos gibt es auch <a href=\"https:\/\/www.reddit.com\/r\/BenQ\/comments\/1pcyjnd\/benq_testbenq_ma_glossy_real_test\/\">hier bei Reddit<\/a>.<\/p>\n<p>BenQ geht in einem <a href=\"https:\/\/www.benq.eu\/de-de\/knowledge-center\/knowledge\/how-to-get-the-right-mac-colors-when-connecting-macbook-to-monitor.html\">deutschsprachigen Blog-Beitrag<\/a> ausf\u00fchrlich auf die Eigenheiten und Vorz\u00fcge der Verwendung seiner MA-Bildschirme am Mac ein.<img loading=\"lazy\" decoding=\"async\" src=\"https:\/\/vg02.met.vgwort.de\/na\/55652a069cae4d56b5d94f024cedd1af\" width=\"1\" height=\"1\" no-lazy class=\"tracking\"><\/p>\n","protected":false},"excerpt":{"rendered":"<a href=\"https:\/\/www.ifun.de\/benq-bringt-neue-mac-displays-mit-speziellem-nano-gloss-panel-271130\/\"><img width=\"150\" height=\"150\" src=\"https:\/\/images.ifun.de\/wp-content\/uploads\/2025\/12\/benq-ma270-150x150.jpg\" class=\"alignright tfe wp-post-image\" alt=\"Benq Ma270\" decoding=\"async\" loading=\"lazy\" \/><\/a><p>Wenn man auf der Suche nach einem bezahlbaren Bildschirm ist, der optisch ansprechend und von den Anschl\u00fcssen und seiner Leistung besonders f\u00fcr den Mac optimiert ist, muss man ein Auge auf BenQ werfen. Der Hersteller hat weitere Produkte f\u00fcr seine speziell auf Mac-Anwender ausgerichtete Monitorreihe MA angek\u00fcndigt, darunter erstmals ein Modell mit 5K-Aufl\u00f6sung. Die neuen [&hellip;]<\/p>\n","protected":false},"author":2,"featured_media":271138,"comment_status":"open","ping_status":"closed","sticky":false,"template":"","format":"standard","meta":{"_acf_changed":false,"footnotes":""},"categories":[22],"tags":[4354,241,6321],"class_list":["post-271130","post","type-post","status-publish","format-standard","has-post-thumbnail","hentry","category-zubehor","tag-benq","tag-bildschirm","tag-mac"],"acf":[],"aioseo_notices":[],"featured_image":["https:\/\/images.ifun.de\/wp-content\/uploads\/2025\/12\/benq-mac-display-feature.jpg"],"subheadline":["MA-Bildschirmreihe erweitert"],"rest_api_enabler":{"featured_image":"https:\/\/images.ifun.de\/wp-content\/uploads\/2025\/12\/benq-mac-display-feature.jpg","subheadline":"MA-Bildschirmreihe erweitert"},"_links":{"self":[{"href":"https:\/\/www.ifun.de\/apiv2\/wp\/v2\/posts\/271130","targetHints":{"allow":["GET"]}}],"collection":[{"href":"https:\/\/www.ifun.de\/apiv2\/wp\/v2\/posts"}],"about":[{"href":"https:\/\/www.ifun.de\/apiv2\/wp\/v2\/types\/post"}],"author":[{"embeddable":true,"href":"https:\/\/www.ifun.de\/apiv2\/wp\/v2\/users\/2"}],"replies":[{"embeddable":true,"href":"https:\/\/www.ifun.de\/apiv2\/wp\/v2\/comments?post=271130"}],"version-history":[{"count":7,"href":"https:\/\/www.ifun.de\/apiv2\/wp\/v2\/posts\/271130\/revisions"}],"predecessor-version":[{"id":271144,"href":"https:\/\/www.ifun.de\/apiv2\/wp\/v2\/posts\/271130\/revisions\/271144"}],"wp:featuredmedia":[{"embeddable":true,"href":"https:\/\/www.ifun.de\/apiv2\/wp\/v2\/media\/271138"}],"wp:attachment":[{"href":"https:\/\/www.ifun.de\/apiv2\/wp\/v2\/media?parent=271130"}],"wp:term":[{"taxonomy":"category","embeddable":true,"href":"https:\/\/www.ifun.de\/apiv2\/wp\/v2\/categories?post=271130"},{"taxonomy":"post_tag","embeddable":true,"href":"https:\/\/www.ifun.de\/apiv2\/wp\/v2\/tags?post=271130"}],"curies":[{"name":"wp","href":"https:\/\/api.w.org\/{rel}","templated":true}]}}