{"id":271024,"date":"2025-12-11T08:29:00","date_gmt":"2025-12-11T07:29:00","guid":{"rendered":"https:\/\/www.ifun.de\/?p=271024"},"modified":"2025-12-11T08:29:30","modified_gmt":"2025-12-11T07:29:30","slug":"jeff-williams-frueherer-apple-manager-soll-disneys-vorstand-erweitern","status":"publish","type":"post","link":"https:\/\/www.ifun.de\/jeff-williams-frueherer-apple-manager-soll-disneys-vorstand-erweitern-271024\/","title":{"rendered":"Jeff Williams: Fr\u00fcherer Apple-Manager soll Disneys Vorstand erweitern"},"content":{"rendered":"<p>Die Walt Disney Company hat den <a href=\"https:\/\/www.apple.com\/newsroom\/2025\/07\/apple-announces-chief-operating-officer-transition\/\">fr\u00fcheren Apple-Manager<\/a> Jeff Williams f\u00fcr einen Sitz im erweiterten Vorstand vorgeschlagen. Die Nominierung soll auf der n\u00e4chsten Aktion\u00e4rsversammlung im Jahr 2026 best\u00e4tigt werden.<\/p>\n<p>Mit seiner Wahl w\u00fcrde das Gremium <a href=\"https:\/\/thewaltdisneycompany.com\/about\/\">auf elf Mitglieder anwachsen<\/a>. Die Aktion\u00e4re entscheiden zugleich \u00fcber die Wiederwahl der bisherigen zehn Mitglieder.<\/p>\n<h2>Langj\u00e4hrige Apple-Erfahrung<\/h2>\n<p>Williams war bis zu seinem <a href=\"https:\/\/www.ifun.de\/fuehrungswechsel-bei-apple-jeff-williams-geht-in-rente-258461\/\">R\u00fcckzug im Sommer 2025<\/a> Chief Operating Officer bei Apple. Er verantwortete zentrale operative Bereiche wie die globale Lieferkette, das Servicegesch\u00e4ft und die Produktunterst\u00fctzung. Zudem leitete er das Design-Team und betreute die Entwicklung der Apple Watch sowie die Ausrichtung des Unternehmens auf Gesundheitsangebote.<\/p>\n<p>Sein R\u00fcckzug markierte eine strukturelle Ver\u00e4nderung bei Apple, da das Design-Team seitdem direkt an CEO Tim Cook berichtet. Zuvor hatte Williams die \u00dcbergabe seiner operativen Aufgaben <a href=\"https:\/\/www.apple.com\/de\/leadership\/sabih-khan\/\">an Sabih Khan<\/a> vorbereitet, der bereits seit mehreren Jahren f\u00fcr die weltweiten Produktions- und Beschaffungsprozesse verantwortlich ist.<\/p>\n<p><a href=\"https:\/\/images.ifun.de\/wp-content\/uploads\/2020\/09\/jeff-williams-1500.jpg\"><img loading=\"lazy\" decoding=\"async\" class=\"alignnone size-large wp-image-160187\" src=\"https:\/\/images.ifun.de\/wp-content\/uploads\/2020\/09\/jeff-williams-1500-700x394.jpg\" alt=\"Jeff Williams 1500\" width=\"700\" height=\"394\" srcset=\"https:\/\/images.ifun.de\/wp-content\/uploads\/2020\/09\/jeff-williams-1500-700x394.jpg 700w, https:\/\/images.ifun.de\/wp-content\/uploads\/2020\/09\/jeff-williams-1500-500x281.jpg 500w, https:\/\/images.ifun.de\/wp-content\/uploads\/2020\/09\/jeff-williams-1500-768x432.jpg 768w, https:\/\/images.ifun.de\/wp-content\/uploads\/2020\/09\/jeff-williams-1500.jpg 1280w\" sizes=\"auto, (max-width: 700px) 100vw, 700px\" \/><\/a><\/p>\n<p>Williams begann seine Apple-Laufbahn 1998 im Bereich Beschaffung. Er war an der Einf\u00fchrung des iPod und des iPhone beteiligt und pr\u00e4gte die Lieferkette, die eine Grundlage f\u00fcr die globale Expansion des Unternehmens bildete. Vor seiner Zeit bei Apple arbeitete Williams in technischen und operativen Funktionen bei IBM und wurde zwischenzeitlich als m\u00f6glicher Cook-Nachfolger im CEO-Posten des Unternehmens gehandelt.<\/p>\n<h2>Bedeutung f\u00fcr Disneys zuk\u00fcnftige Ausrichtung<\/h2>\n<p><a href=\"https:\/\/www.businesswire.com\/news\/home\/20251209651010\/en\/\">Disney verweist<\/a> auf Williams\u2019 umfassende Erfahrung an der Schnittstelle von Technik, Organisation und Produktentwicklung. Das Unternehmen erwartet, dass diese Perspektive die zuk\u00fcnftige strategische Ausrichtung unterst\u00fctzt. Disney plant, kreative Inhalte st\u00e4rker mit technologischen Entwicklungen zu verbinden und sieht in Williams einen passenden Impulsgeber. Die Entscheidung liegt nun bei den Aktion\u00e4ren, die im kommenden Jahr \u00fcber seine Ernennung abstimmen.<\/p>\n<p><a href=\"https:\/\/images.ifun.de\/wp-content\/uploads\/2025\/12\/disney-vorstand-scaled.png\"><img loading=\"lazy\" decoding=\"async\" src=\"https:\/\/images.ifun.de\/wp-content\/uploads\/2025\/12\/disney-vorstand-700x547.png\" alt=\"Disney Vorstand\" width=\"700\" height=\"547\" class=\"aligncenter size-large wp-image-271027\" srcset=\"https:\/\/images.ifun.de\/wp-content\/uploads\/2025\/12\/disney-vorstand-700x547.png 700w, https:\/\/images.ifun.de\/wp-content\/uploads\/2025\/12\/disney-vorstand-500x390.png 500w, https:\/\/images.ifun.de\/wp-content\/uploads\/2025\/12\/disney-vorstand-768x600.png 768w, https:\/\/images.ifun.de\/wp-content\/uploads\/2025\/12\/disney-vorstand-1536x1199.png 1536w, https:\/\/images.ifun.de\/wp-content\/uploads\/2025\/12\/disney-vorstand-2048x1599.png 2048w\" sizes=\"auto, (max-width: 700px) 100vw, 700px\" \/><\/a><\/p>\n<p><img loading=\"lazy\" decoding=\"async\" src=\"https:\/\/vg08.met.vgwort.de\/na\/4bd3f3d0e44049abb0afe174a69a15cc\" width=\"1\" height=\"1\"  no-lazy class=\"tracking\"><\/p>\n","protected":false},"excerpt":{"rendered":"<a href=\"https:\/\/www.ifun.de\/jeff-williams-frueherer-apple-manager-soll-disneys-vorstand-erweitern-271024\/\"><img width=\"150\" height=\"150\" src=\"https:\/\/images.ifun.de\/wp-content\/uploads\/2025\/12\/disney-vorstand-150x150.png\" class=\"alignright tfe wp-post-image\" alt=\"Disney Vorstand\" decoding=\"async\" loading=\"lazy\" \/><\/a><p>Die Walt Disney Company hat den fr\u00fcheren Apple-Manager Jeff Williams f\u00fcr einen Sitz im erweiterten Vorstand vorgeschlagen. Die Nominierung soll auf der n\u00e4chsten Aktion\u00e4rsversammlung im Jahr 2026 best\u00e4tigt werden. Mit seiner Wahl w\u00fcrde das Gremium auf elf Mitglieder anwachsen. Die Aktion\u00e4re entscheiden zugleich \u00fcber die Wiederwahl der bisherigen zehn Mitglieder. Langj\u00e4hrige Apple-Erfahrung Williams war bis [&hellip;]<\/p>\n","protected":false},"author":1,"featured_media":271027,"comment_status":"open","ping_status":"closed","sticky":false,"template":"","format":"standard","meta":{"_acf_changed":false,"footnotes":""},"categories":[3],"tags":[324,4597],"class_list":["post-271024","post","type-post","status-publish","format-standard","has-post-thumbnail","hentry","category-apple","tag-disney","tag-jeff-williams"],"acf":[],"aioseo_notices":[],"featured_image":["https:\/\/images.ifun.de\/wp-content\/uploads\/2025\/07\/jeff-williams-feature.jpg"],"subheadline":["Erweiterung des F\u00fchrungsgremiums geplant"],"rest_api_enabler":{"featured_image":"https:\/\/images.ifun.de\/wp-content\/uploads\/2025\/07\/jeff-williams-feature.jpg","subheadline":"Erweiterung des F\u00fchrungsgremiums geplant"},"_links":{"self":[{"href":"https:\/\/www.ifun.de\/apiv2\/wp\/v2\/posts\/271024","targetHints":{"allow":["GET"]}}],"collection":[{"href":"https:\/\/www.ifun.de\/apiv2\/wp\/v2\/posts"}],"about":[{"href":"https:\/\/www.ifun.de\/apiv2\/wp\/v2\/types\/post"}],"author":[{"embeddable":true,"href":"https:\/\/www.ifun.de\/apiv2\/wp\/v2\/users\/1"}],"replies":[{"embeddable":true,"href":"https:\/\/www.ifun.de\/apiv2\/wp\/v2\/comments?post=271024"}],"version-history":[{"count":2,"href":"https:\/\/www.ifun.de\/apiv2\/wp\/v2\/posts\/271024\/revisions"}],"predecessor-version":[{"id":271029,"href":"https:\/\/www.ifun.de\/apiv2\/wp\/v2\/posts\/271024\/revisions\/271029"}],"wp:featuredmedia":[{"embeddable":true,"href":"https:\/\/www.ifun.de\/apiv2\/wp\/v2\/media\/271027"}],"wp:attachment":[{"href":"https:\/\/www.ifun.de\/apiv2\/wp\/v2\/media?parent=271024"}],"wp:term":[{"taxonomy":"category","embeddable":true,"href":"https:\/\/www.ifun.de\/apiv2\/wp\/v2\/categories?post=271024"},{"taxonomy":"post_tag","embeddable":true,"href":"https:\/\/www.ifun.de\/apiv2\/wp\/v2\/tags?post=271024"}],"curies":[{"name":"wp","href":"https:\/\/api.w.org\/{rel}","templated":true}]}}