{"id":270941,"date":"2025-12-10T09:30:22","date_gmt":"2025-12-10T08:30:22","guid":{"rendered":"https:\/\/www.ifun.de\/?p=270941"},"modified":"2025-12-10T09:31:26","modified_gmt":"2025-12-10T08:31:26","slug":"finder-macos-tahoe-26-1-erleichtert-die-arbeit-in-der-spaltenansicht","status":"publish","type":"post","link":"https:\/\/www.ifun.de\/finder-macos-tahoe-26-1-erleichtert-die-arbeit-in-der-spaltenansicht-270941\/","title":{"rendered":"Finder: macOS Tahoe 26.1 erleichtert die Arbeit in der Spaltenansicht"},"content":{"rendered":"<p>Mit macOS Tahoe 26.1 hat Apple eine neue Einstellung f\u00fcr die <a href=\"https:\/\/macmost.com\/resize-columns-to-fit-filenames.html\">Spaltenansicht im Finder eingef\u00fchrt<\/a>. Nutzer k\u00f6nnen damit festlegen, dass sich die Breite der Spalten automatisch an die L\u00e4nge der Datei und Ordnernamen anpasst. Die Idee hinter der neuen Option ist es, abgeschnittene Bezeichnungen zu vermeiden, ohne die Spalten st\u00e4ndig manuell ver\u00e4ndern zu m\u00fcssen.<\/p>\n<p><a href=\"https:\/\/images.ifun.de\/wp-content\/uploads\/2025\/12\/finder-einstellungen.gif\"><img loading=\"lazy\" decoding=\"async\" class=\"aligncenter size-full wp-image-270944\" src=\"https:\/\/images.ifun.de\/wp-content\/uploads\/2025\/12\/finder-einstellungen.gif\" alt=\"Finder Einstellungen\" width=\"500\" height=\"500\" \/><\/a><\/p>\n<p>Die Spaltenansicht geh\u00f6rt neben der Symbolansicht, der Listenansicht und der Galerieansicht zu den vier Darstellungsformen im Finder.<\/p>\n<p>Sie wird h\u00e4ufig genutzt, um Ordnerstrukturen hierarchisch zu durchsuchen. Jeder Ordner \u00f6ffnet sich dabei in einer eigenen Spalte, sodass \u00fcbergeordnete Ebenen sichtbar bleiben. Bisher war es jedoch \u00fcblich, dass neue Spalten eine feste Breite \u00fcbernahmen und l\u00e4ngere Namen nur teilweise sichtbar waren. Nutzer mussten die Trennlinien regelm\u00e4\u00dfig verschieben oder per Doppelklick anpassen.<\/p>\n<h2>Einstellung in den Ansichtsoptionen<\/h2>\n<p>Die neue Funktion ist nicht in den allgemeinen Systemeinstellungen zu finden. Sie steht ausschlie\u00dflich innerhalb des Finders zur Verf\u00fcgung. Voraussetzung ist, dass die Spaltenansicht aktiv ist. \u00dcber das Men\u00fc \u201eDarstellung\u201c und den Punkt \u201eDarstellungsoptionen einblenden\u201c l\u00e4sst sich die neue Checkbox \u201eSpaltengr\u00f6\u00dfe an Dateinamen anpassen\u201c aktivieren. Danach \u00f6ffnet jede neue Spalte automatisch in einer passenden Breite, \u00e4hnlich wie nach einem manuellen Doppelklick auf die Begrenzungslinie.<\/p>\n<p><a href=\"https:\/\/images.ifun.de\/wp-content\/uploads\/2025\/12\/spalten-klein-finder.png\"><img loading=\"lazy\" decoding=\"async\" class=\"aligncenter size-large wp-image-270942\" src=\"https:\/\/images.ifun.de\/wp-content\/uploads\/2025\/12\/spalten-klein-finder-700x511.png\" alt=\"Spalten Klein Finder\" width=\"700\" height=\"511\" srcset=\"https:\/\/images.ifun.de\/wp-content\/uploads\/2025\/12\/spalten-klein-finder-700x511.png 700w, https:\/\/images.ifun.de\/wp-content\/uploads\/2025\/12\/spalten-klein-finder-500x365.png 500w, https:\/\/images.ifun.de\/wp-content\/uploads\/2025\/12\/spalten-klein-finder-768x560.png 768w, https:\/\/images.ifun.de\/wp-content\/uploads\/2025\/12\/spalten-klein-finder-1536x1121.png 1536w, https:\/\/images.ifun.de\/wp-content\/uploads\/2025\/12\/spalten-klein-finder.png 1738w\" sizes=\"auto, (max-width: 700px) 100vw, 700px\" \/><\/a><\/p>\n<p>Die Einstellung gilt systemweit f\u00fcr alle Finder-Fenster in der Spaltenansicht. Eine individuelle Anpassung pro Ordner ist nicht vorgesehen. Nutzer k\u00f6nnen die Spalten weiterhin manuell verkleinern oder vergr\u00f6\u00dfern. Beim n\u00e4chsten \u00d6ffnen der jeweiligen Spalte stellt das System die automatische Breite jedoch wieder her.<\/p>\n<h2>Bekannte Einschr\u00e4nkungen der Automatik<\/h2>\n<p>In der Praxis arbeitet die automatische Anpassung meist zuverl\u00e4ssig. Es gibt jedoch Situationen, in denen eine Aktualisierung nicht sofort greift. Wird zum Beispiel die Anzeige von Symbolen innerhalb der Spalten ein oder ausgeschaltet, \u00e4ndert sich die Spaltenbreite nicht immer direkt. In diesen F\u00e4llen hilft es, kurz in einen anderen Ordner zu wechseln und wieder zur\u00fcckzukehren.<\/p>\n<p><a href=\"https:\/\/images.ifun.de\/wp-content\/uploads\/2025\/12\/spalten-gross-finder.png\"><img loading=\"lazy\" decoding=\"async\" class=\"aligncenter size-large wp-image-270943\" src=\"https:\/\/images.ifun.de\/wp-content\/uploads\/2025\/12\/spalten-gross-finder-700x511.png\" alt=\"Spalten Gross Finder\" width=\"700\" height=\"511\" srcset=\"https:\/\/images.ifun.de\/wp-content\/uploads\/2025\/12\/spalten-gross-finder-700x511.png 700w, https:\/\/images.ifun.de\/wp-content\/uploads\/2025\/12\/spalten-gross-finder-500x365.png 500w, https:\/\/images.ifun.de\/wp-content\/uploads\/2025\/12\/spalten-gross-finder-768x560.png 768w, https:\/\/images.ifun.de\/wp-content\/uploads\/2025\/12\/spalten-gross-finder-1536x1121.png 1536w, https:\/\/images.ifun.de\/wp-content\/uploads\/2025\/12\/spalten-gross-finder.png 1738w\" sizes=\"auto, (max-width: 700px) 100vw, 700px\" \/><\/a><\/p>\n<p>Auch sehr lange Dateinamen k\u00f6nnen eine interne Maximalbreite erreichen. Dann wird der Name weiterhin gek\u00fcrzt angezeigt und die Spalte muss bei Bedarf manuell erweitert werden. Trotz dieser Grenzen beseitigt die neue Option eine h\u00e4ufige Stolperfalle im Finder und reduziert den Aufwand bei der Navigation durch umfangreiche Ordnerstrukturen.<\/p>\n<p><img loading=\"lazy\" decoding=\"async\" src=\"https:\/\/vg08.met.vgwort.de\/na\/3b2a848ff4034dceaefe362570c18c28\" width=\"1\" height=\"1\"  no-lazy class=\"tracking\"><\/p>\n","protected":false},"excerpt":{"rendered":"<a href=\"https:\/\/www.ifun.de\/finder-macos-tahoe-26-1-erleichtert-die-arbeit-in-der-spaltenansicht-270941\/\"><img width=\"150\" height=\"150\" src=\"https:\/\/images.ifun.de\/wp-content\/uploads\/2025\/12\/spaltengroessefeature-150x150.jpg\" class=\"alignright tfe wp-post-image\" alt=\"Spaltengroessefeature\" decoding=\"async\" loading=\"lazy\" \/><\/a><p>Mit macOS Tahoe 26.1 hat Apple eine neue Einstellung f\u00fcr die Spaltenansicht im Finder eingef\u00fchrt. Nutzer k\u00f6nnen damit festlegen, dass sich die Breite der Spalten automatisch an die L\u00e4nge der Datei und Ordnernamen anpasst. Die Idee hinter der neuen Option ist es, abgeschnittene Bezeichnungen zu vermeiden, ohne die Spalten st\u00e4ndig manuell ver\u00e4ndern zu m\u00fcssen. Die [&hellip;]<\/p>\n","protected":false},"author":1,"featured_media":270945,"comment_status":"open","ping_status":"closed","sticky":false,"template":"","format":"standard","meta":{"_acf_changed":false,"footnotes":""},"categories":[16],"tags":[90,1292,6321,3095],"class_list":["post-270941","post","type-post","status-publish","format-standard","has-post-thumbnail","hentry","category-mac","tag-basics","tag-finder","tag-mac","tag-macos"],"acf":[],"aioseo_notices":[],"featured_image":["https:\/\/images.ifun.de\/wp-content\/uploads\/2025\/12\/spaltengroessefeature.jpg"],"subheadline":["\"Spaltengr\u00f6\u00dfe an Dateinamen anpassen\""],"rest_api_enabler":{"featured_image":"https:\/\/images.ifun.de\/wp-content\/uploads\/2025\/12\/spaltengroessefeature.jpg","subheadline":"\"Spaltengr\u00f6\u00dfe an Dateinamen anpassen\""},"_links":{"self":[{"href":"https:\/\/www.ifun.de\/apiv2\/wp\/v2\/posts\/270941","targetHints":{"allow":["GET"]}}],"collection":[{"href":"https:\/\/www.ifun.de\/apiv2\/wp\/v2\/posts"}],"about":[{"href":"https:\/\/www.ifun.de\/apiv2\/wp\/v2\/types\/post"}],"author":[{"embeddable":true,"href":"https:\/\/www.ifun.de\/apiv2\/wp\/v2\/users\/1"}],"replies":[{"embeddable":true,"href":"https:\/\/www.ifun.de\/apiv2\/wp\/v2\/comments?post=270941"}],"version-history":[{"count":2,"href":"https:\/\/www.ifun.de\/apiv2\/wp\/v2\/posts\/270941\/revisions"}],"predecessor-version":[{"id":270949,"href":"https:\/\/www.ifun.de\/apiv2\/wp\/v2\/posts\/270941\/revisions\/270949"}],"wp:featuredmedia":[{"embeddable":true,"href":"https:\/\/www.ifun.de\/apiv2\/wp\/v2\/media\/270945"}],"wp:attachment":[{"href":"https:\/\/www.ifun.de\/apiv2\/wp\/v2\/media?parent=270941"}],"wp:term":[{"taxonomy":"category","embeddable":true,"href":"https:\/\/www.ifun.de\/apiv2\/wp\/v2\/categories?post=270941"},{"taxonomy":"post_tag","embeddable":true,"href":"https:\/\/www.ifun.de\/apiv2\/wp\/v2\/tags?post=270941"}],"curies":[{"name":"wp","href":"https:\/\/api.w.org\/{rel}","templated":true}]}}