{"id":26984,"date":"2012-07-03T18:16:33","date_gmt":"2012-07-03T16:16:33","guid":{"rendered":"http:\/\/www.ifun.de\/?p=26984"},"modified":"2012-07-03T18:31:25","modified_gmt":"2012-07-03T16:31:25","slug":"ipad-mini-geruechte-neue-imacs","status":"publish","type":"post","link":"https:\/\/www.ifun.de\/ipad-mini-geruechte-neue-imacs-26984\/","title":{"rendered":"Ger\u00fcchteeintopf: Neue iMacs kommen im Oktober &#8211; iPad mini mit 7,85-Zoll-Bildschirm in Arbeit"},"content":{"rendered":"<p>Wenn all die Ger\u00fcchte eingetroffen w\u00e4ren, die uns im Laufe des letzten Jahres aus der asiatischen Zuliefererszene erreichten, dann w\u00fcrden wir jetzt vor riesigen Apple-Fernsehern sitzen und mit keilf\u00f6rmigen iPhones telefonieren. Daher nur der Vollst\u00e4ndigkeit halber kurz angerissen: Das Neueste aus der Ger\u00fcchtek\u00fcche als Diskussionsgrundlage f\u00fcr euch.<\/p>\n<p><img loading=\"lazy\" decoding=\"async\" src=\"http:\/\/images.ifun.de\/wp-content\/uploads\/2012\/05\/geruechtekueche.jpg\" alt=\"\" title=\"geruechtekueche\" width=\"464\" height=\"264\" class=\"alignnone size-full wp-image-24922\" srcset=\"https:\/\/images.ifun.de\/wp-content\/uploads\/2012\/05\/geruechtekueche.jpg 464w, https:\/\/images.ifun.de\/wp-content\/uploads\/2012\/05\/geruechtekueche-300x170.jpg 300w\" sizes=\"auto, (max-width: 464px) 100vw, 464px\" \/><\/p>\n<ul>\n<li>\n<h3>Neuer iMac im Oktober<\/h3>\n<p>In der Tat w\u00e4re eine Aktuarisierung der iMac-Linie l\u00e4ngst \u00fcberf\u00e4llig und wurde ja bereits zur WWDC letzten Monat erwartet. Nun <a href=\"http:\/\/www.macrumors.com\/2012\/07\/03\/more-claims-of-october-launch-for-updated-imac-models\/\">soll der neue iMac im Oktober kommen<\/a> und es wird dar\u00fcber gestritten, ob mit oder ohne Retina-Bildschirm. F\u00fcr einen hochaufl\u00f6senden Bildschirm spricht die lange Wartezeit, dagegen die Tatsache, dass ein Retina-Bildschirm in den f\u00fcr den iMac ben\u00f6tigten Gr\u00f6\u00dfen vermutlich noch ein Verm\u00f6gen kostet.<\/li>\n<li>\n<h3>Kleineres iPad mit 7,85&#8243;-Bildschirm<\/h3>\n<p>Eine Idee, mit der wir uns angesichts der daraus resultierenden Skalierung der kompletten Benutzeroberfl\u00e4che absolut nicht anfreunden k\u00f6nnen, die aber auch nicht aussterben will. Aktuell <a href=\"http:\/\/www.appleinsider.com\/articles\/12\/07\/03\/apples_ipad_mini_rumored_with_785_igzo_display_for_250_300.html\">will eine eher unbekannte chinesische Webseite wissen<\/a>, dass das &#8222;iPad mini&#8220; noch in diesem Jahr f\u00fcr weniger als 300 Dollar in den Handel kommen soll.<\/li>\n<\/ul>\n","protected":false},"excerpt":{"rendered":"<a href=\"https:\/\/www.ifun.de\/ipad-mini-geruechte-neue-imacs-26984\/\"><img decoding=\"async\" width=\"150\" src=\"http:\/\/images.ifun.de\/wp-content\/uploads\/2012\/05\/geruechtekueche.jpg\" class=\"alignright wp-post-image tfe\" alt=\"\" title=\"geruechtekueche\" \/><\/a><p>Wenn all die Ger\u00fcchte eingetroffen w\u00e4ren, die uns im Laufe des letzten Jahres aus der asiatischen Zuliefererszene erreichten, dann w\u00fcrden wir jetzt vor riesigen Apple-Fernsehern sitzen und mit keilf\u00f6rmigen iPhones telefonieren. Daher nur der Vollst\u00e4ndigkeit halber kurz angerissen: Das Neueste aus der Ger\u00fcchtek\u00fcche als Diskussionsgrundlage f\u00fcr euch. Neuer iMac im Oktober In der Tat w\u00e4re [&hellip;]<\/p>\n","protected":false},"author":2,"featured_media":0,"comment_status":"open","ping_status":"closed","sticky":false,"template":"","format":"standard","meta":{"_acf_changed":false,"footnotes":""},"categories":[18],"tags":[3910,393,4740,6322],"class_list":["post-26984","post","type-post","status-publish","format-standard","hentry","category-rumors","tag-geruechte","tag-imac","tag-ipad","tag-rumors"],"acf":[],"aioseo_notices":[],"rest_api_enabler":[],"_links":{"self":[{"href":"https:\/\/www.ifun.de\/apiv2\/wp\/v2\/posts\/26984","targetHints":{"allow":["GET"]}}],"collection":[{"href":"https:\/\/www.ifun.de\/apiv2\/wp\/v2\/posts"}],"about":[{"href":"https:\/\/www.ifun.de\/apiv2\/wp\/v2\/types\/post"}],"author":[{"embeddable":true,"href":"https:\/\/www.ifun.de\/apiv2\/wp\/v2\/users\/2"}],"replies":[{"embeddable":true,"href":"https:\/\/www.ifun.de\/apiv2\/wp\/v2\/comments?post=26984"}],"version-history":[{"count":4,"href":"https:\/\/www.ifun.de\/apiv2\/wp\/v2\/posts\/26984\/revisions"}],"predecessor-version":[{"id":26988,"href":"https:\/\/www.ifun.de\/apiv2\/wp\/v2\/posts\/26984\/revisions\/26988"}],"wp:attachment":[{"href":"https:\/\/www.ifun.de\/apiv2\/wp\/v2\/media?parent=26984"}],"wp:term":[{"taxonomy":"category","embeddable":true,"href":"https:\/\/www.ifun.de\/apiv2\/wp\/v2\/categories?post=26984"},{"taxonomy":"post_tag","embeddable":true,"href":"https:\/\/www.ifun.de\/apiv2\/wp\/v2\/tags?post=26984"}],"curies":[{"name":"wp","href":"https:\/\/api.w.org\/{rel}","templated":true}]}}